{"id":170029,"date":"2025-07-08T00:25:01","date_gmt":"2025-07-08T00:25:01","guid":{"rendered":"https:\/\/www.ole.com.ar\/futbol-ascenso\/ascenso-primera-nacional-racing-cordoba-julian-vignolo-mercado-pases_0_szSriXZVOY.html"},"modified":"2025-07-08T00:25:01","modified_gmt":"2025-07-08T00:25:01","slug":"la-rompio-en-el-nacional-lo-quiso-racing-y-seguiria-su-carrera-en-italia","status":"publish","type":"post","link":"http:\/\/cordobadirecto.com\/index.php\/2025\/07\/08\/la-rompio-en-el-nacional-lo-quiso-racing-y-seguiria-su-carrera-en-italia\/","title":{"rendered":"La rompi\u00f3 en el Nacional, lo quiso Racing y seguir\u00eda su carrera en Italia"},"content":{"rendered":"<p><time class=\"createDate\" datetime=\"2025-07-07T20:42:10-03:00\">07\/07\/2025 20:42hs.<\/time><\/p>\n<div id=\"storyBody\">\n<div class=\"custom-text \" readability=\"35.020066889632\">\n<p>La <a href=\"https:\/\/www.ole.com.ar\/tema\/primera-nacional.html\" title=\"Primera Nacional\" alt=\"Primera Nacional\" class=\"slug\">Primera Nacional<\/a> es cuna de cracks. Por eso, no es raro ver a muchos equipos buscar jugadores j\u00f3venes que puedan renovar sus planteles. Este mercado de pases no fue la excepci\u00f3n, ya que <strong>vinieron a llevarse a una de las m\u00e1ximas joyas del Nacional<\/strong>, noticia que revolucion\u00f3 a toda una provincia.<\/p>\n<\/div>\n<div class=\"custom-text \" readability=\"35.114649681529\">\n<p>Se trata de <strong>Julian Vignolo<\/strong>, delantero de 18 a\u00f1os y de gran presente en Racing de C\u00f3rdoba. Es un jugador que sorprendi\u00f3 a todos y que <strong>se catapult\u00f3 r\u00e1pidamente como figura<\/strong> entre los titulares de la Academia cordobesa. Despu\u00e9s de varios sondeos de la <a href=\"https:\/\/www.ole.com.ar\/tema\/liga-profesional.html\" title=\"Liga Profesional\" alt=\"Liga Profesional\" class=\"slug\">Liga Profesional<\/a>, <strong>su destino ser\u00eda otro: el Pisa de Italia<\/strong>.<\/p>\n<\/div>\n<div class=\"custom-text \" readability=\"35.804020100503\">\n<p>Reci\u00e9n ascendido a la <a href=\"https:\/\/www.ole.com.ar\/tema\/serie-a.html\" title=\"Serie A\" alt=\"Serie A\" class=\"slug\">Serie A<\/a> despu\u00e9s de 34 a\u00f1os y con la intenci\u00f3n de reforzarse y mantenerse en la m\u00e1xima categor\u00eda del <a href=\"https:\/\/www.ole.com.ar\/tema\/futbol-italiano.html\" title=\"f\u00fatbol italiano\" alt=\"f\u00fatbol italiano\" class=\"slug\">f\u00fatbol italiano<\/a>, el club pagar\u00eda la cl\u00e1usula de recisi\u00f3n del jugador que, de no haber inconvenientes en la revisi\u00f3n m\u00e9dica, firmar\u00eda por cuatro a\u00f1os. Faltan ultimar detalles pero <strong>ya est\u00e1 todo cerrado para que haya un cordob\u00e9s suelto en Italia. \u00bfC\u00f3mo le ir\u00e1?<\/strong><\/p>\n<\/div>\n<div class=\"sc-e7b891c4-0 ifHnQL image-embed\"><img alt=\"Juli\u00e1n Vignolo jugar\u00e1 en el Pisa de la Serie A.\" loading=\"lazy\" width=\"720\" height=\"100\" decoding=\"async\" data-nimg=\"1\" src=\"http:\/\/cordobadirecto.com\/wp-content\/uploads\/2025\/07\/la-rompio-en-el-nacional-lo-quiso-racing-y-seguiria-su-carrera-en-italia.jpg\"><span class=\"epigraphe\">Juli\u00e1n Vignolo jugar\u00e1 en el Pisa de la Serie A.<\/span><\/div>\n<p><h2><strong>Los clubes de Primera que sondearon a la joya cordobesa<\/strong><\/h2>\n<\/p>\n<div class=\"custom-text \" readability=\"27.234782608696\">\n<p>Antes de que se haga realidad su traspaso al extranjero, llam\u00f3 la atenci\u00f3n en todo el f\u00fatbol argentino y fue ofrecido a distintos clubes de la Liga Profesional <strong>como <a href=\"https:\/\/www.ole.com.ar\/tema\/talleres-de-cordoba.html\" title=\"Talleres de C\u00f3rdoba\" alt=\"Talleres de C\u00f3rdoba\" class=\"slug\">Talleres de C\u00f3rdoba<\/a>, <a href=\"https:\/\/www.ole.com.ar\/tema\/barracas-central.html\" title=\"Barracas Central\" alt=\"Barracas Central\" class=\"slug\">Barracas Central<\/a> y <a href=\"https:\/\/www.ole.com.ar\/tema\/racing.html\" title=\"Racing\" alt=\"Racing\" class=\"slug\">Racing de Avellaneda<\/a>.<\/strong><\/p>\n<\/div>\n<div class=\"custom-text \" readability=\"36.421364985163\">\n<p><strong>&#8220;Me llam\u00f3 <a href=\"https:\/\/www.ole.com.ar\/tema\/gustavo-costas.html\" title=\"Gustavo Costas\" alt=\"Gustavo Costas\" class=\"slug\">Gustavo Costas<\/a> para que vaya a Racing.<\/strong> Despu\u00e9s, no s\u00e9 en qu\u00e9 qued\u00f3 el club, pero con \u00e9l no volv\u00ed a hablar. <strong>Me comunic\u00f3 que quer\u00eda que est\u00e9 con el plantel y que m\u00e1s adelante me iban a pasar la propuesta.<\/strong> Una vez que est\u00e9 la propuesta analizaremos todo&#8221;, revel\u00f3 Vignolo ante el inter\u00e9s de la Academia de Avellaneda.<\/p>\n<\/div>\n<p><h2><strong>Los n\u00fameros de Vignolo en la Academia Cordobesa<\/strong><\/h2>\n<\/p>\n<div class=\"custom-text \" readability=\"37\">\n<p>Desde su debut en el conjunto de Nueva Italia, <strong>el delantero lleva convertidos cinco goles en sus primeros 33 encuentros<\/strong>, lo que r\u00e1pidamente lo llev\u00f3 a meterse entre los titulares. En esta temporada del Nacional, jug\u00f3 20 partidos y anot\u00f3 cuatro tantos y dio tres asistencias.<\/p>\n<\/div>\n<div class=\"sc-e7b891c4-0 ifHnQL image-embed\"><img alt=\"Vignolo, figura de Racing de C\u00f3rdoba.\" loading=\"lazy\" width=\"720\" height=\"100\" decoding=\"async\" data-nimg=\"1\" src=\"http:\/\/cordobadirecto.com\/wp-content\/uploads\/2025\/07\/la-rompio-en-el-nacional-lo-quiso-racing-y-seguiria-su-carrera-en-italia-1.jpg\"><span class=\"epigraphe\">Vignolo, figura de Racing de C\u00f3rdoba.<\/span><\/div>\n<div class=\"sc-a7166897-0 eoLsBE\" readability=\"6\">\n<section readability=\"2\"><picture><img alt=\"Cavani arranc\u00f3 la semana a la par y luchar para estar en el debut del Clausura\" loading=\"lazy\" width=\"290\" height=\"290\" decoding=\"async\" data-nimg=\"1\" src=\"http:\/\/cordobadirecto.com\/wp-content\/uploads\/2025\/07\/la-rompio-en-el-nacional-lo-quiso-racing-y-seguiria-su-carrera-en-italia-2.jpg\"><\/picture>\n<p><span>Mir\u00e1 tambi\u00e9n<\/span><\/p>\n<hr>\n<h3>Cavani arranc\u00f3 la semana a la par y luchar para estar en el debut del Clausura<\/h3>\n<\/p>\n<\/section>\n<\/div>\n<div class=\"sc-a7166897-0 eoLsBE\" readability=\"6.5\">\n<section readability=\"3\"><picture><img alt=\"Gabriel Rojas renov\u00f3 su contrato con Racing: \u00bfcu\u00e1l es su nueva cl\u00e1usula de rescisi\u00f3n?\" loading=\"lazy\" width=\"290\" height=\"290\" decoding=\"async\" data-nimg=\"1\" src=\"http:\/\/cordobadirecto.com\/wp-content\/uploads\/2025\/07\/la-rompio-en-el-nacional-lo-quiso-racing-y-seguiria-su-carrera-en-italia-3.jpg\"><\/picture>\n<p><span>Mir\u00e1 tambi\u00e9n<\/span><\/p>\n<hr>\n<h3>Gabriel Rojas renov\u00f3 su contrato con Racing: \u00bfcu\u00e1l es su nueva cl\u00e1usula de rescisi\u00f3n?<\/h3>\n<\/p>\n<\/section>\n<\/div>\n<\/div>\n","protected":false},"excerpt":{"rendered":"<p>07\/07\/2025 20:42hs. La Primera Nacional es cuna de cracks. Por eso, no es raro ver a muchos equipos buscar jugadores j\u00f3venes que puedan renovar sus planteles. Este mercado de pases no fue la excepci\u00f3n, ya que vinieron a llevarse a una de las m\u00e1ximas joyas del Nacional, noticia que revolucion\u00f3 a toda una provincia. Se [&hellip;]<\/p>\n","protected":false},"author":1,"featured_media":170030,"comment_status":"closed","ping_status":"closed","sticky":false,"template":"","format":"standard","meta":[],"categories":[21],"tags":[],"_links":{"self":[{"href":"http:\/\/cordobadirecto.com\/index.php\/wp-json\/wp\/v2\/posts\/170029"}],"collection":[{"href":"http:\/\/cordobadirecto.com\/index.php\/wp-json\/wp\/v2\/posts"}],"about":[{"href":"http:\/\/cordobadirecto.com\/index.php\/wp-json\/wp\/v2\/types\/post"}],"author":[{"embeddable":true,"href":"http:\/\/cordobadirecto.com\/index.php\/wp-json\/wp\/v2\/users\/1"}],"replies":[{"embeddable":true,"href":"http:\/\/cordobadirecto.com\/index.php\/wp-json\/wp\/v2\/comments?post=170029"}],"version-history":[{"count":0,"href":"http:\/\/cordobadirecto.com\/index.php\/wp-json\/wp\/v2\/posts\/170029\/revisions"}],"wp:featuredmedia":[{"embeddable":true,"href":"http:\/\/cordobadirecto.com\/index.php\/wp-json\/wp\/v2\/media\/170030"}],"wp:attachment":[{"href":"http:\/\/cordobadirecto.com\/index.php\/wp-json\/wp\/v2\/media?parent=170029"}],"wp:term":[{"taxonomy":"category","embeddable":true,"href":"http:\/\/cordobadirecto.com\/index.php\/wp-json\/wp\/v2\/categories?post=170029"},{"taxonomy":"post_tag","embeddable":true,"href":"http:\/\/cordobadirecto.com\/index.php\/wp-json\/wp\/v2\/tags?post=170029"}],"curies":[{"name":"wp","href":"https:\/\/api.w.org\/{rel}","templated":true}]}}