{"id":170091,"date":"2025-07-08T20:40:37","date_gmt":"2025-07-08T20:40:37","guid":{"rendered":"https:\/\/www.ole.com.ar\/autos\/formula-1-valtteri-bottas-futuro-alpine-cadillac-franco-colapinto_0_fBnNdkNQNX.html"},"modified":"2025-07-08T20:40:37","modified_gmt":"2025-07-08T20:40:37","slug":"la-formula-1-le-pregunto-a-valtteri-bottas-por-su-futuro-se-te-vinculo-con-alpine","status":"publish","type":"post","link":"http:\/\/cordobadirecto.com\/index.php\/2025\/07\/08\/la-formula-1-le-pregunto-a-valtteri-bottas-por-su-futuro-se-te-vinculo-con-alpine\/","title":{"rendered":"La F\u00f3rmula 1 le pregunt\u00f3 a Valtteri Bottas por su futuro: &#8220;Se te vincul\u00f3 con Alpine&#8230;&#8221;"},"content":{"rendered":"<p><time class=\"createDate\" datetime=\"2025-07-08T17:40:37-03:00\">08\/07\/2025 17:40hs.<\/time><\/p>\n<div id=\"storyBody\">\n<div class=\"custom-text \" readability=\"41.207547169811\">\n<p>Mientras<strong> <a href=\"https:\/\/www.ole.com.ar\/tema\/franco-colapinto.html\" title=\"Franco Colapinto\" alt=\"Franco Colapinto\" class=\"slug\">Franco Colapinto<\/a> <\/strong>hace lo que puede en un <a href=\"https:\/\/www.ole.com.ar\/tema\/alpine.html\" title=\"Alpine\" alt=\"Alpine\" class=\"slug\">Alpine A525<\/a> inestable, algo que reconoci\u00f3 Pierre Gasly (&#8220;el coche es complicado y peor que el del a\u00f1o pasado&#8221;, fue su frase), <strong>en la <a href=\"https:\/\/www.ole.com.ar\/tema\/formula-1.html\" title=\"F\u00f3rmula 1\" alt=\"F\u00f3rmula 1\" class=\"slug\">F\u00f3rmula 1<\/a> se habla de contratos<\/strong>. Se acerca la silly season, \u00e9poca de rumores, y el bonaerense no est\u00e1 exento de que se hable de \u00e9l: Valtteri Bottas, reserva de Mercedes, suena para retornar a la categor\u00eda y la escuder\u00eda francesa es uno de los destinos se\u00f1alados. En el GP de Gran Breta\u00f1a,<strong> la propia categor\u00eda le consult\u00f3 por ese escenario y por el de Cadillac<\/strong>, que se avista m\u00e1s probable.<\/p>\n<\/div>\n<div class=\"custom-text \" readability=\"43\">\n<p>En el paddock, en una de las tantas notas que se les hacen a los protagonistas, una entrevistadora de la M\u00e1xima par\u00f3 al finland\u00e9s y le pregunt\u00f3: <strong>&#8220;Tu nombre fue vinculado con Alpine en tiempos recientes, as\u00ed como con Cadillac. \u00bfQu\u00e9 pod\u00e9s decirnos?&#8221;<\/strong>. Entonces, el ganador de 10 Grandes Premios respondi\u00f3: &#8220;No mucho. Como dije todo el a\u00f1o, extra\u00f1o el automovilismo y se est\u00e1 volviendo m\u00e1s y m\u00e1s dif\u00edcil, <strong>as\u00ed que estamos trabajando en eso y mirando todas las opciones<\/strong>. Solamente quiero volver a correr, as\u00ed que con algo de suerte habr\u00e1 novedades, pero nada a\u00fan&#8221;.<\/p>\n<\/div>\n<div class=\"sc-734b4696-1 kFfZtB\">\n<div class=\"sc-d00d9e74-0 hnHYbk\" type=\"embed\">\n<div class=\"sc-d00d9e74-1 iKVbz videoText\" id=\"contentTitleembedZQBSK411\" type=\"embed\"><svg fill=\"#ffffff\"><symbol id=\"play\" viewBox=\"0 0 512 512\"><path d=\"M512 256C512 397.4 397.4 512 256 512C114.6 512 0 397.4 0 256C0 114.6 114.6 0 256 0C397.4 0 512 114.6 512 256zM176 168V344C176 352.7 180.7 360.7 188.3 364.9C195.8 369.2 205.1 369 212.5 364.5L356.5 276.5C363.6 272.1 368 264.4 368 256C368 247.6 363.6 239.9 356.5 235.5L212.5 147.5C205.1 142.1 195.8 142.8 188.3 147.1C180.7 151.3 176 159.3 176 168V168z\" \/><\/symbol><use xlink:href=\"#play\" \/><\/svg><\/p>\n<div class=\"right\">\n<p>F\u00f3rmula 1<!-- --> &#8211; <span>&nbsp;<\/span><\/p>\n<h2 class=\"title-vid\">La F\u00f3rmula 1 le consult\u00f3 a Valtteri Bottas por su futuro<\/h2>\n<\/div>\n<\/div>\n<p><span class=\"back\" id=\"spanBackembedZQBSK411\"><\/span><\/div>\n<div class=\"JWvideoNota_title\">\n<p>Cr\u00e9dito: @F1<\/p>\n<\/div>\n<\/div>\n<p><h2>Anteriormente, Bottas reconoci\u00f3 el acercamiento con Alpine<\/h2>\n<\/p>\n<div class=\"custom-text \" readability=\"38\">\n<p>Esta vez, el fin\u00e9s no entr\u00f3 en detalles, pero este mismo fin de semana dialog\u00f3 con Viaplay y asegur\u00f3 que hubo charlas con Alpine: &#8220;<strong>Se han mantenido conversaciones, pero no m\u00e1s que eso<\/strong>. Estoy explorando todas las opciones en este momento. <strong>Creo que estamos hablando sobre el pr\u00f3ximo a\u00f1o m\u00e1s que sobre este<\/strong>. Mantengamos la cabeza fr\u00eda y estas cosas se ir\u00e1n aclarando poco a poco&#8221;.<\/p>\n<\/div>\n<div class=\"custom-text \" readability=\"42.394160583942\">\n<p>Su jefe, Toto Wolff, fue en la misma direcci\u00f3n que \u00e9l: &#8220;<strong>Hablamos un par de veces ya, as\u00ed que parece haber una aceleraci\u00f3n bastante fuerte en el inter\u00e9s por Valtteri<\/strong>&#8220;. En cambio, <a href=\"https:\/\/www.ole.com.ar\/tema\/flavio-briatore.html\" title=\"Flavio Briatore\" alt=\"Flavio Briatore\" class=\"slug\">Flavio Briatore<\/a>, asesor de Alpine, le baj\u00f3 la espuma al asunto. &#8220;Ahora mismo tenemos a nuestros muchachos. Si llegamos a cambiar, te lo dir\u00e9&#8221;, le coment\u00f3 a Next-Gen Auto, no sin antes reconocer que Bottas &#8220;es un buen piloto&#8221;.<\/p>\n<\/div>\n<div class=\"sc-e7b891c4-0 ifHnQL image-embed\"><img alt=\"Bottas tiene ganas de recuperar la titularidad en la F\u00f3rmula 1. (REUTERS\/Maja Smiejkowska)\" loading=\"lazy\" width=\"720\" height=\"100\" decoding=\"async\" data-nimg=\"1\" src=\"http:\/\/cordobadirecto.com\/wp-content\/uploads\/2025\/07\/la-formula-1-le-pregunto-a-valtteri-bottas-por-su-futuro-se-te-vinculo-con-alpine.jpg\"><span class=\"epigraphe\">Bottas tiene ganas de recuperar la titularidad en la F\u00f3rmula 1. (REUTERS\/Maja Smiejkowska)<\/span><\/div>\n<p><h2>Cadillac, una opci\u00f3n que asoma m\u00e1s probable para Bottas<\/h2>\n<\/p>\n<div class=\"custom-text \" readability=\"41\">\n<p>Al margen de las conversaciones con Alpine, hay una alternativa que luce m\u00e1s potable para el dos veces subcampe\u00f3n mundial: <strong>Cadillac<\/strong>, que se sumar\u00e1 a la M\u00e1xima a partir de 2026 (ser\u00e1 el equipo N\u00b0 11, estirando la grilla a 22 pilotos) y no tiene corredores confirmados. Graeme Lowdon, quien ser\u00e1 jefe de la escuder\u00eda administrada por General Motors, le dijo a Next-Gen Auto: <strong>&#8220;Lo conozco desde hace tiempo. Me gusta, es r\u00e1pido y es uno de los pilotos con los que estamos hablando. Est\u00e1 en la lista&#8221;<\/strong>. Otros de los que suenan son Sergio P\u00e9rez y Mick Schumacher.<\/p>\n<\/div>\n<div class=\"custom-text \" readability=\"37\">\n<p>Por el lado de Alpine, cuenta con un Pierre Gasly que a mediados de 2024 firm\u00f3 un contrato <strong>&#8220;m\u00e1s all\u00e1 de 2025&#8221; <\/strong>y un Franco Colapinto por el que hizo un esfuerzo econ\u00f3mico grande para adquirirlo de Williams (alrededor de <strong>20 millones de euros <\/strong>por una cesi\u00f3n de cinco a\u00f1os). Nada puede asegurarse en la F\u00f3rmula 1, pero pinta m\u00e1s improbable.<\/p>\n<\/div>\n<div class=\"sc-e7b891c4-0 ifHnQL image-embed\"><img alt=\"Cadillac se sumar\u00e1 a la F\u00f3rmula 1 desde 2026.\" loading=\"lazy\" width=\"720\" height=\"100\" decoding=\"async\" data-nimg=\"1\" src=\"http:\/\/cordobadirecto.com\/wp-content\/uploads\/2025\/07\/la-formula-1-le-pregunto-a-valtteri-bottas-por-su-futuro-se-te-vinculo-con-alpine-1.jpg\"><span class=\"epigraphe\">Cadillac se sumar\u00e1 a la F\u00f3rmula 1 desde 2026.<\/span><\/div>\n<div class=\"sc-a7166897-0 eoLsBE\" readability=\"6\">\n<section readability=\"2\"><picture><img alt=\"El sugerente posteo del pap\u00e1 de Franco Colapinto luego del GP de Gran Breta\u00f1a\" loading=\"lazy\" width=\"290\" height=\"290\" decoding=\"async\" data-nimg=\"1\" src=\"http:\/\/cordobadirecto.com\/wp-content\/uploads\/2025\/07\/la-formula-1-le-pregunto-a-valtteri-bottas-por-su-futuro-se-te-vinculo-con-alpine-2.jpg\"><\/picture>\n<p><span>Mir\u00e1 tambi\u00e9n<\/span><\/p>\n<hr>\n<h3>El sugerente posteo del pap\u00e1 de Franco Colapinto luego del GP de Gran Breta\u00f1a<\/h3>\n<\/p>\n<\/section>\n<\/div>\n<div class=\"sc-a7166897-0 eoLsBE\" readability=\"6\">\n<section readability=\"2\"><picture><img alt=\"El mensaje de Flavio Briatore que llev\u00f3 calma a Franco Colapinto\" loading=\"lazy\" width=\"290\" height=\"290\" decoding=\"async\" data-nimg=\"1\" src=\"http:\/\/cordobadirecto.com\/wp-content\/uploads\/2025\/07\/la-formula-1-le-pregunto-a-valtteri-bottas-por-su-futuro-se-te-vinculo-con-alpine-3.jpg\"><\/picture>\n<p><span>Mir\u00e1 tambi\u00e9n<\/span><\/p>\n<hr>\n<h3>El mensaje de Flavio Briatore que llev\u00f3 calma a Franco Colapinto<\/h3>\n<\/p>\n<\/section>\n<\/div>\n<div class=\"sc-a7166897-0 eoLsBE\" readability=\"6\">\n<section readability=\"2\"><picture><img alt=\"Gasly banc\u00f3 a Colapinto tras su accidentado fin de semana en Silverstone\" loading=\"lazy\" width=\"290\" height=\"290\" decoding=\"async\" data-nimg=\"1\" src=\"http:\/\/cordobadirecto.com\/wp-content\/uploads\/2025\/07\/la-formula-1-le-pregunto-a-valtteri-bottas-por-su-futuro-se-te-vinculo-con-alpine-4.jpg\"><\/picture>\n<p><span>Mir\u00e1 tambi\u00e9n<\/span><\/p>\n<hr>\n<h3>Gasly banc\u00f3 a Colapinto tras su accidentado fin de semana en Silverstone<\/h3>\n<\/p>\n<\/section>\n<\/div>\n<div class=\"sc-a7166897-0 eoLsBE\" readability=\"6\">\n<section readability=\"2\"><picture><img alt=\"Valtteri Bottas confirm\u00f3 que tiene conversaciones con Alpine\" loading=\"lazy\" width=\"290\" height=\"290\" decoding=\"async\" data-nimg=\"1\" src=\"http:\/\/cordobadirecto.com\/wp-content\/uploads\/2025\/07\/la-formula-1-le-pregunto-a-valtteri-bottas-por-su-futuro-se-te-vinculo-con-alpine-5.jpg\"><\/picture>\n<p><span>Mir\u00e1 tambi\u00e9n<\/span><\/p>\n<hr>\n<h3>Valtteri Bottas confirm\u00f3 que tiene conversaciones con Alpine<\/h3>\n<\/p>\n<\/section>\n<\/div>\n<div class=\"sc-a7166897-0 eoLsBE\" readability=\"6\">\n<section readability=\"2\"><picture><img alt=\"El mensaje de aliento de Alpine para Franco Colapinto tras el caos en Silverstone\" loading=\"lazy\" width=\"290\" height=\"290\" decoding=\"async\" data-nimg=\"1\" src=\"http:\/\/cordobadirecto.com\/wp-content\/uploads\/2025\/07\/la-formula-1-le-pregunto-a-valtteri-bottas-por-su-futuro-se-te-vinculo-con-alpine-6.jpg\"><\/picture>\n<p><span>Mir\u00e1 tambi\u00e9n<\/span><\/p>\n<hr>\n<h3>El mensaje de aliento de Alpine para Franco Colapinto tras el caos en Silverstone<\/h3>\n<\/p>\n<\/section>\n<\/div>\n<div class=\"sc-a7166897-0 eoLsBE\" readability=\"6\">\n<section readability=\"2\"><picture><img alt=\"Qu\u00e9 le pas\u00f3 al Alpine de Franco Colapinto para que terminara abandonando\" loading=\"lazy\" width=\"290\" height=\"290\" decoding=\"async\" data-nimg=\"1\" src=\"http:\/\/cordobadirecto.com\/wp-content\/uploads\/2025\/07\/la-formula-1-le-pregunto-a-valtteri-bottas-por-su-futuro-se-te-vinculo-con-alpine-7.jpg\"><\/picture>\n<p><span>Mir\u00e1 tambi\u00e9n<\/span><\/p>\n<hr>\n<h3>Qu\u00e9 le pas\u00f3 al Alpine de Franco Colapinto para que terminara abandonando<\/h3>\n<\/p>\n<\/section>\n<\/div>\n<\/div>\n","protected":false},"excerpt":{"rendered":"<p>08\/07\/2025 17:40hs. Mientras Franco Colapinto hace lo que puede en un Alpine A525 inestable, algo que reconoci\u00f3 Pierre Gasly (&#8220;el coche es complicado y peor que el del a\u00f1o pasado&#8221;, fue su frase), en la F\u00f3rmula 1 se habla de contratos. Se acerca la silly season, \u00e9poca de rumores, y el bonaerense no est\u00e1 exento [&hellip;]<\/p>\n","protected":false},"author":1,"featured_media":170092,"comment_status":"closed","ping_status":"closed","sticky":false,"template":"","format":"standard","meta":[],"categories":[21],"tags":[],"_links":{"self":[{"href":"http:\/\/cordobadirecto.com\/index.php\/wp-json\/wp\/v2\/posts\/170091"}],"collection":[{"href":"http:\/\/cordobadirecto.com\/index.php\/wp-json\/wp\/v2\/posts"}],"about":[{"href":"http:\/\/cordobadirecto.com\/index.php\/wp-json\/wp\/v2\/types\/post"}],"author":[{"embeddable":true,"href":"http:\/\/cordobadirecto.com\/index.php\/wp-json\/wp\/v2\/users\/1"}],"replies":[{"embeddable":true,"href":"http:\/\/cordobadirecto.com\/index.php\/wp-json\/wp\/v2\/comments?post=170091"}],"version-history":[{"count":0,"href":"http:\/\/cordobadirecto.com\/index.php\/wp-json\/wp\/v2\/posts\/170091\/revisions"}],"wp:featuredmedia":[{"embeddable":true,"href":"http:\/\/cordobadirecto.com\/index.php\/wp-json\/wp\/v2\/media\/170092"}],"wp:attachment":[{"href":"http:\/\/cordobadirecto.com\/index.php\/wp-json\/wp\/v2\/media?parent=170091"}],"wp:term":[{"taxonomy":"category","embeddable":true,"href":"http:\/\/cordobadirecto.com\/index.php\/wp-json\/wp\/v2\/categories?post=170091"},{"taxonomy":"post_tag","embeddable":true,"href":"http:\/\/cordobadirecto.com\/index.php\/wp-json\/wp\/v2\/tags?post=170091"}],"curies":[{"name":"wp","href":"https:\/\/api.w.org\/{rel}","templated":true}]}}