{"id":170101,"date":"2025-07-08T17:49:37","date_gmt":"2025-07-08T17:49:37","guid":{"rendered":"https:\/\/cordoba.gob.ar\/?p=79209"},"modified":"2025-07-08T17:49:37","modified_gmt":"2025-07-08T17:49:37","slug":"actividades-ambientales-para-las-infancias-en-estas-vacaciones-de-invierno","status":"publish","type":"post","link":"http:\/\/cordobadirecto.com\/index.php\/2025\/07\/08\/actividades-ambientales-para-las-infancias-en-estas-vacaciones-de-invierno\/","title":{"rendered":"Actividades ambientales para las infancias en estas vacaciones de invierno"},"content":{"rendered":"<div><img src=\"http:\/\/cordobadirecto.com\/wp-content\/uploads\/2025\/07\/actividades-ambientales-para-las-infancias-en-estas-vacaciones-de-invierno.jpg\" class=\"ff-og-image-inserted\"><\/div>\n<p data-prosemirror-content-type=\"node\" data-prosemirror-node-name=\"paragraph\" data-prosemirror-node-block=\"true\" data-pm-slice=\"1 1 []\">En estas vacaciones de invierno, el Parque de la Biodiversidad y el Jard\u00edn Bot\u00e1nico invitan a compartir un espacio de encuentro con la naturaleza, el arte y el conocimiento, a trav\u00e9s de una variada propuesta de actividades gratuitas con enfoque en la educaci\u00f3n ambiental.<\/p>\n<p data-prosemirror-content-type=\"node\" data-prosemirror-node-name=\"paragraph\" data-prosemirror-node-block=\"true\">Del 9 de julio al 3 de agosto, el Parque de la Biodiversidad ampliar\u00e1 su calendario habitual, abriendo de mi\u00e9rcoles a domingo, para que m\u00e1s familias, ni\u00f1as, ni\u00f1os, j\u00f3venes y personas mayores puedan disfrutar de experiencias pensadas para conectar con la biodiversidad desde la participaci\u00f3n activa y la reflexi\u00f3n.<\/p>\n<p data-prosemirror-content-type=\"node\" data-prosemirror-node-name=\"paragraph\" data-prosemirror-node-block=\"true\">El Jard\u00edn Bot\u00e1nico, por su parte, tendr\u00e1 actividades especiales los s\u00e1bados y domingos de las vacaciones de invierno, coincidiendo con el receso escolar. Adem\u00e1s, recibe visitas todos los d\u00edas.<\/p>\n<p data-prosemirror-content-type=\"node\" data-prosemirror-node-name=\"paragraph\" data-prosemirror-node-block=\"true\">Cada actividad invita a observar, descubrir, imaginar y cuidar, promoviendo valores fundamentales para construir una ciudadan\u00eda comprometida con el ambiente.<\/p>\n<p data-prosemirror-content-type=\"node\" data-prosemirror-node-name=\"paragraph\" data-prosemirror-node-block=\"true\">Habr\u00e1 talleres creativos, ciclos de lectura, m\u00fasica en vivo, visitas guiadas, recorridos de avistaje de aves, espacios de di\u00e1logo intergeneracional y propuestas para conocer de cerca los proyectos de conservaci\u00f3n y rescate de fauna silvestre que se desarrollan en el Parque de la Biodiversidad y la flora aut\u00f3ctona del Jard\u00edn Bot\u00e1nico.<\/p>\n<p data-prosemirror-content-type=\"node\" data-prosemirror-node-name=\"paragraph\" data-prosemirror-node-block=\"true\"><strong data-prosemirror-content-type=\"mark\" data-prosemirror-mark-name=\"strong\">Cronograma de mi\u00e9rcoles a viernes en el Parque de la Biodiversidad<\/strong><\/p>\n<p data-prosemirror-content-type=\"node\" data-prosemirror-node-name=\"paragraph\" data-prosemirror-node-block=\"true\"><strong data-prosemirror-content-type=\"mark\" data-prosemirror-mark-name=\"strong\">Mi\u00e9rcoles<\/strong><\/p>\n<p data-prosemirror-content-type=\"node\" data-prosemirror-node-name=\"paragraph\" data-prosemirror-node-block=\"true\">11:00 horas: <strong data-prosemirror-content-type=\"mark\" data-prosemirror-mark-name=\"strong\">Artistas de la naturaleza, pintamos una historia<\/strong>. Actividad para ni\u00f1os en el Teatrino.<\/p>\n<p data-prosemirror-content-type=\"node\" data-prosemirror-node-name=\"paragraph\" data-prosemirror-node-block=\"true\">15:00 horas: <strong data-prosemirror-content-type=\"mark\" data-prosemirror-mark-name=\"strong\">Peque\u00f1os lectores, historias para compartir<\/strong>. Ciclo de lectura infantil en la Explanada del Lago del Parque de la Biodiversidad.<\/p>\n<p data-prosemirror-content-type=\"node\" data-prosemirror-node-name=\"paragraph\" data-prosemirror-node-block=\"true\">16:00 horas: <strong data-prosemirror-content-type=\"mark\" data-prosemirror-mark-name=\"strong\">\u00a1RE-Suena, m\u00fasica en vivo!<\/strong> en el Teatrino.<\/p>\n<p data-prosemirror-content-type=\"node\" data-prosemirror-node-name=\"paragraph\" data-prosemirror-node-block=\"true\"><strong data-prosemirror-content-type=\"mark\" data-prosemirror-mark-name=\"strong\">Jueves<\/strong><\/p>\n<p data-prosemirror-content-type=\"node\" data-prosemirror-node-name=\"paragraph\" data-prosemirror-node-block=\"true\">11:00 horas: <strong data-prosemirror-content-type=\"mark\" data-prosemirror-mark-name=\"strong\">ReciT\u00edteres, aprendiendo juntos<\/strong>. Taller de t\u00edteres con materiales reciclados. Con inscripci\u00f3n y cupo de 20 ni\u00f1os\/as en el Teatrino. Traer tijeras, cart\u00f3n, rollitos de papel higi\u00e9nico\/servilletas, palitos de helado y plasticola. Link: <a href=\"https:\/\/forms.gle\/SXNVK4mHjNeqMDX47\" data-prosemirror-content-type=\"mark\" data-prosemirror-mark-name=\"link\">https:\/\/forms.gle\/SXNVK4mHjNeqMDX47<\/a><\/p>\n<p data-prosemirror-content-type=\"node\" data-prosemirror-node-name=\"paragraph\" data-prosemirror-node-block=\"true\">12:00 horas: <strong data-prosemirror-content-type=\"mark\" data-prosemirror-mark-name=\"strong\">La vida del Cardenal Amarillo<\/strong>. Aprendemos juntos y contamos una historia actuando entre todos en el Teatrino.<\/p>\n<p data-prosemirror-content-type=\"node\" data-prosemirror-node-name=\"paragraph\" data-prosemirror-node-block=\"true\">15:00 horas. <strong data-prosemirror-content-type=\"mark\" data-prosemirror-mark-name=\"strong\">Binoculares entre generaciones<\/strong>. Conversamos con ni\u00f1os, adolescentes y adultos mayores sobre las perspectivas en torno a la naturaleza, la biodiversidad. Un espacio para compartir an\u00e9cdotas de las visitas al Ex-zoo y Parque de la Biodiversidad. Actividad en el \u00c1rbol de la Vida.<\/p>\n<p data-prosemirror-content-type=\"node\" data-prosemirror-node-name=\"paragraph\" data-prosemirror-node-block=\"true\"><strong data-prosemirror-content-type=\"mark\" data-prosemirror-mark-name=\"strong\">Viernes<\/strong><\/p>\n<p data-prosemirror-content-type=\"node\" data-prosemirror-node-name=\"paragraph\" data-prosemirror-node-block=\"true\">10:00 a 12:00 horas: <strong data-prosemirror-content-type=\"mark\" data-prosemirror-mark-name=\"strong\">Tramas recicladas<\/strong>. Taller de tejido a crochet con bolsas pl\u00e1sticas. En la Plaza de las Infancias del Parque de la Biodiversidad. Traer aguja de crochet, tijera, muchas bolsas y ganas de aprender.<\/p>\n<p data-prosemirror-content-type=\"node\" data-prosemirror-node-name=\"paragraph\" data-prosemirror-node-block=\"true\">11:00 horas. <strong data-prosemirror-content-type=\"mark\" data-prosemirror-mark-name=\"strong\">Ajedrez en la Naturaleza<\/strong> en la Explanada del Lago del Parque de la Biodiversidad.<\/p>\n<p data-prosemirror-content-type=\"node\" data-prosemirror-node-name=\"paragraph\" data-prosemirror-node-block=\"true\">11:00 a 13:00 horas. <strong data-prosemirror-content-type=\"mark\" data-prosemirror-mark-name=\"strong\">Conociendo los Proyectos de Conservaci\u00f3n<\/strong> y <strong data-prosemirror-content-type=\"mark\" data-prosemirror-mark-name=\"strong\">\u00a1Al rescate de nuestra fauna amenazada!<\/strong> Frente al Lago del Parque de la Biodiversidad (stand kiosquito).<\/p>\n<p data-prosemirror-content-type=\"node\" data-prosemirror-node-name=\"paragraph\" data-prosemirror-node-block=\"true\">15:00 horas. <strong data-prosemirror-content-type=\"mark\" data-prosemirror-mark-name=\"strong\">Guided Tour!<\/strong> Recorriendo el Parque de la Biodiversidad \u00a1en ingl\u00e9s! Para turistas y amantes de los idiomas. Se ingresa por Parque Sarmiento, frente a Superpark<\/p>\n<p data-prosemirror-content-type=\"node\" data-prosemirror-node-name=\"paragraph\" data-prosemirror-node-block=\"true\"><strong data-prosemirror-content-type=\"mark\" data-prosemirror-mark-name=\"strong\">Cronogramas de s\u00e1bado y domingo en el Parque de la Biodiversidad y el Jard\u00edn Bot\u00e1nico<\/strong><\/p>\n<p data-prosemirror-content-type=\"node\" data-prosemirror-node-name=\"paragraph\" data-prosemirror-node-block=\"true\"><strong data-prosemirror-content-type=\"mark\" data-prosemirror-mark-name=\"strong\">S\u00e1bados<\/strong><\/p>\n<p data-prosemirror-content-type=\"node\" data-prosemirror-node-name=\"paragraph\" data-prosemirror-node-block=\"true\">9:00 horas. <strong data-prosemirror-content-type=\"mark\" data-prosemirror-mark-name=\"strong\">Avistaje de Aves, entre cantos y plumas (Parque Bio)<\/strong>. Recorrido de avistaje de aves de la zona por el Parque de la Biodiversidad. Ingreso por Parque Sarmiento, frente a Superpark. Con cupo (30) e inscripci\u00f3n previa. Traer binoculares y c\u00e1mara de fotos sin flash. Link inscripciones: <a href=\"https:\/\/forms.gle\/SXNVK4mHjNeqMDX47\" data-prosemirror-content-type=\"mark\" data-prosemirror-mark-name=\"link\">https:\/\/forms.gle\/SXNVK4mHjNeqMDX47<\/a><\/p>\n<p data-prosemirror-content-type=\"node\" data-prosemirror-node-name=\"paragraph\" data-prosemirror-node-block=\"true\">10:00 horas. <strong data-prosemirror-content-type=\"mark\" data-prosemirror-mark-name=\"strong\">Rinc\u00f3n para Peques (Bot\u00e1nico)<\/strong>. Propuesta l\u00fadica y did\u00e1ctica.<\/p>\n<p data-prosemirror-content-type=\"node\" data-prosemirror-node-name=\"paragraph\" data-prosemirror-node-block=\"true\">11:00 horas. <strong data-prosemirror-content-type=\"mark\" data-prosemirror-mark-name=\"strong\">No se cuida lo que no se conoce (Parque Bio)<\/strong>. Visita guiada con foco en conservaci\u00f3n, proyectos de conservaci\u00f3n y centro de rescate. Con cupo (30) e inscripci\u00f3n previa en <a href=\"https:\/\/forms.gle\/SXNVK4mHjNeqMDX47\" data-prosemirror-content-type=\"mark\" data-prosemirror-mark-name=\"link\">https:\/\/forms.gle\/SXNVK4mHjNeqMDX47<\/a><\/p>\n<p data-prosemirror-content-type=\"node\" data-prosemirror-node-name=\"paragraph\" data-prosemirror-node-block=\"true\">15:00 horas. <strong data-prosemirror-content-type=\"mark\" data-prosemirror-mark-name=\"strong\">Voces de la flora nativa, ra\u00edces con memoria (Parque Bio)<\/strong>. Visita guiada sobre leyendas de flora nativa. Ingreso por Parque Sarmiento, frente a Superpark. Con cupo (35) e inscripci\u00f3n previa en: <a href=\"https:\/\/forms.gle\/SXNVK4mHjNeqMDX47\" data-prosemirror-content-type=\"mark\" data-prosemirror-mark-name=\"link\">https:\/\/forms.gle\/SXNVK4mHjNeqMDX47<\/a><\/p>\n<p data-prosemirror-content-type=\"node\" data-prosemirror-node-name=\"paragraph\" data-prosemirror-node-block=\"true\">16:00 horas. <strong data-prosemirror-content-type=\"mark\" data-prosemirror-mark-name=\"strong\">Visita guiada (Bot\u00e1nico)<\/strong> por los diferentes paseos del jard\u00edn, ideal para conocer su diversidad y naturaleza.<\/p>\n<p data-prosemirror-content-type=\"node\" data-prosemirror-node-name=\"paragraph\" data-prosemirror-node-block=\"true\"><strong data-prosemirror-content-type=\"mark\" data-prosemirror-mark-name=\"strong\">Domingos<\/strong><\/p>\n<p data-prosemirror-content-type=\"node\" data-prosemirror-node-name=\"paragraph\" data-prosemirror-node-block=\"true\">10:00 horas. <strong data-prosemirror-content-type=\"mark\" data-prosemirror-mark-name=\"strong\">Se\u00f1ales del entorno, prestamos atenci\u00f3n (Parque Bio)<\/strong>. Taller de formaci\u00f3n ambiental para ni\u00f1os, identificar, reconocer y cuidar. Recorrido en el Lago del Parque de la Biodiversidad. Con cupo (30) e inscripci\u00f3n previa en: <a href=\"https:\/\/forms.gle\/SXNVK4mHjNeqMDX47\" data-prosemirror-content-type=\"mark\" data-prosemirror-mark-name=\"link\">https:\/\/forms.gle\/SXNVK4mHjNeqMDX47<\/a> Traer libreta impresa y una lapicera.<\/p>\n<p data-prosemirror-content-type=\"node\" data-prosemirror-node-name=\"paragraph\" data-prosemirror-node-block=\"true\">14:00 horas. <strong data-prosemirror-content-type=\"mark\" data-prosemirror-mark-name=\"strong\">Feria artesanal (Bot\u00e1nico)<\/strong>. Artesanos locales exhiben y venden productos \u00fanicos hasta las 18:30.<\/p>\n<p data-prosemirror-content-type=\"node\" data-prosemirror-node-name=\"paragraph\" data-prosemirror-node-block=\"true\">15:00 horas. <strong data-prosemirror-content-type=\"mark\" data-prosemirror-mark-name=\"strong\">Avistaje de Aves, entre cantos y plumas (Parque Bio)<\/strong>. Recorrido de avistaje de aves de la zona por el Parque de la Biodiversidad. Ingreso por Parque Sarmiento, frente a Superpark. Con cupo (30) e inscripci\u00f3n previa. Traer binoculares y c\u00e1mara de fotos sin flash Link: <a href=\"https:\/\/forms.gle\/SXNVK4mHjNeqMDX47\" data-prosemirror-content-type=\"mark\" data-prosemirror-mark-name=\"link\">https:\/\/forms.gle\/SXNVK4mHjNeqMDX47<\/a><\/p>\n<p data-prosemirror-content-type=\"node\" data-prosemirror-node-name=\"paragraph\" data-prosemirror-node-block=\"true\">17:00 horas. <strong data-prosemirror-content-type=\"mark\" data-prosemirror-mark-name=\"strong\">Show de teatro (Bot\u00e1nico)<\/strong>. Espect\u00e1culo a la gorra para disfrutar en familia.<\/p>\n<p data-prosemirror-content-type=\"node\" data-prosemirror-node-name=\"paragraph\" data-prosemirror-node-block=\"true\"><strong data-prosemirror-content-type=\"mark\" data-prosemirror-mark-name=\"strong\">C\u00f3mo visitar estos espacios en otros horarios<\/strong><\/p>\n<p data-prosemirror-content-type=\"node\" data-prosemirror-node-name=\"paragraph\" data-prosemirror-node-block=\"true\">Ubicado en el Polo Ambiental Rub\u00e9n Am\u00e9rico Mart\u00ed (con ingreso por Francisco Yunyent 5491), el Jard\u00edn Bot\u00e1nico permanece abierto de lunes a lunes de 9 a 19 horas.<\/p>\n<p data-prosemirror-content-type=\"node\" data-prosemirror-node-name=\"paragraph\" data-prosemirror-node-block=\"true\">El Parque de la Biodiversidad, por su parte, se puede visitar de mi\u00e9rcoles a domingo de 9 a 17 horas, con permanencia hasta las 18 horas.<\/p>\n<p data-prosemirror-content-type=\"node\" data-prosemirror-node-name=\"paragraph\" data-prosemirror-node-block=\"true\">La entrada a ambos espacios es libre y gratuita durante todo el a\u00f1o.<\/p>\n","protected":false},"excerpt":{"rendered":"<p>En estas vacaciones de invierno, el Parque de la Biodiversidad y el Jard\u00edn Bot\u00e1nico invitan a compartir un espacio de encuentro con la naturaleza, el arte y el conocimiento, a trav\u00e9s de una variada propuesta de actividades gratuitas con enfoque en la educaci\u00f3n ambiental. Del 9 de julio al 3 de agosto, el Parque de [&hellip;]<\/p>\n","protected":false},"author":1,"featured_media":170102,"comment_status":"closed","ping_status":"closed","sticky":false,"template":"","format":"standard","meta":[],"categories":[44],"tags":[],"_links":{"self":[{"href":"http:\/\/cordobadirecto.com\/index.php\/wp-json\/wp\/v2\/posts\/170101"}],"collection":[{"href":"http:\/\/cordobadirecto.com\/index.php\/wp-json\/wp\/v2\/posts"}],"about":[{"href":"http:\/\/cordobadirecto.com\/index.php\/wp-json\/wp\/v2\/types\/post"}],"author":[{"embeddable":true,"href":"http:\/\/cordobadirecto.com\/index.php\/wp-json\/wp\/v2\/users\/1"}],"replies":[{"embeddable":true,"href":"http:\/\/cordobadirecto.com\/index.php\/wp-json\/wp\/v2\/comments?post=170101"}],"version-history":[{"count":0,"href":"http:\/\/cordobadirecto.com\/index.php\/wp-json\/wp\/v2\/posts\/170101\/revisions"}],"wp:featuredmedia":[{"embeddable":true,"href":"http:\/\/cordobadirecto.com\/index.php\/wp-json\/wp\/v2\/media\/170102"}],"wp:attachment":[{"href":"http:\/\/cordobadirecto.com\/index.php\/wp-json\/wp\/v2\/media?parent=170101"}],"wp:term":[{"taxonomy":"category","embeddable":true,"href":"http:\/\/cordobadirecto.com\/index.php\/wp-json\/wp\/v2\/categories?post=170101"},{"taxonomy":"post_tag","embeddable":true,"href":"http:\/\/cordobadirecto.com\/index.php\/wp-json\/wp\/v2\/tags?post=170101"}],"curies":[{"name":"wp","href":"https:\/\/api.w.org\/{rel}","templated":true}]}}