{"id":170151,"date":"2025-07-09T18:44:20","date_gmt":"2025-07-09T18:44:20","guid":{"rendered":"https:\/\/www.ole.com.ar\/autos\/alpine-equipo-franco-colapinto-homenajeo-argentina-dia-patrio_0_yRESOmRtR2.html"},"modified":"2025-07-09T18:44:20","modified_gmt":"2025-07-09T18:44:20","slug":"alpine-equipo-de-franco-colapinto-homenajeo-a-la-argentina-en-su-dia-patrio","status":"publish","type":"post","link":"http:\/\/cordobadirecto.com\/index.php\/2025\/07\/09\/alpine-equipo-de-franco-colapinto-homenajeo-a-la-argentina-en-su-dia-patrio\/","title":{"rendered":"Alpine, equipo de Franco Colapinto, homenaje\u00f3 a la Argentina en su d\u00eda patrio"},"content":{"rendered":"<p><span class=\"createDate\">09\/07\/2025 15:44hs.<\/span><time class=\"modificatedDate\" datetime=\"2025-07-09T18:13:36-03:00\"> Actualizado al 09\/07\/2025 18:13hs.<\/time><\/p>\n<div id=\"storyBody\">\n<div class=\"custom-text \" readability=\"42\">\n<p><strong>La escuder\u00eda Alpine,<\/strong> <strong>para la que corre Franco Colapinto, homenaje\u00f3 el D\u00eda de la Independencia argentina<\/strong> este mi\u00e9rcoles 9 de julio. En sus redes sociales, <strong>public\u00f3 un posteo con el pilarense como protagonista, <\/strong>acompa\u00f1ado por la bandera celeste y blanca, y la leyenda:<strong> &#8220;Feliz D\u00eda de la Independencia, Argentina!&#8221;, <\/strong>en alusi\u00f3n a la fecha en la que el pa\u00eds se independiz\u00f3 de la monarqu\u00eda espa\u00f1ola.<\/p>\n<\/div>\n<div class=\"custom-text \" readability=\"38\">\n<p><strong>Adem\u00e1s, en la publicaci\u00f3n que realiz\u00f3 en su cuenta oficial de Instagram, el team franc\u00e9s dej\u00f3 una pregunta para los hinchas argentinos:<\/strong> \u00bfC\u00f3mo est\u00e1n pasando este feriado? Como era de esperarse, los hinchas de Colapinto respondieron enseguida y contaron en los comentarios c\u00f3mo est\u00e1n celebrando la fecha patria.<\/p>\n<\/div>\n<div class=\"sc-e7b891c4-0 ifHnQL image-embed\"><img alt=\"Franco Colapinto durante la qualy del GP de Silverstone. (@AlpineF1Team)\" loading=\"lazy\" width=\"720\" height=\"100\" decoding=\"async\" data-nimg=\"1\" src=\"http:\/\/cordobadirecto.com\/wp-content\/uploads\/2025\/07\/alpine-equipo-de-franco-colapinto-homenajeo-a-la-argentina-en-su-dia-patrio.jpg\"><span class=\"epigraphe\">Franco Colapinto durante la qualy del GP de Silverstone. (@AlpineF1Team)<\/span><\/div>\n<div class=\"custom-text \" readability=\"28.992366412214\">\n<p><strong>Pese al supuesto descontento dentro de Alpine<\/strong> <strong>por los resultados del #43 con el A525,<\/strong> al menos p\u00fablicamente <a href=\"https:\/\/www.ole.com.ar\/autos\/franco-colapinto-responsbilidad-domingo-problema-alpine_0_fPRWup0tFz.html\" target=\"_self\" title=\"-y seg\u00fan le hicieron saber a Ol\u00e9 desde el equipo-\" alt=\"-y seg\u00fan le hicieron saber a Ol\u00e9 desde el equipo-\" rel=\"noopener\">-y seg\u00fan le hicieron saber a Ol\u00e9 desde el equipo-<\/a> <strong>el apoyo al piloto argentino es total,<\/strong> incluso despu\u00e9s del \u00faltimo abandono en el GP de Silverstone.<\/p>\n<\/div>\n<p><h2><strong>El posteo de Alpine por el D\u00eda de la Independencia argentina<\/strong><\/h2>\n<\/p>\n<div class=\"sc-e7b891c4-0 ifHnQL image-embed\"><img alt=\"El posteo de Alpine por el D\u00eda de la Independencia argentina.\" loading=\"lazy\" width=\"720\" height=\"100\" decoding=\"async\" data-nimg=\"1\" src=\"http:\/\/cordobadirecto.com\/wp-content\/uploads\/2025\/07\/alpine-equipo-de-franco-colapinto-homenajeo-a-la-argentina-en-su-dia-patrio-1.jpg\"><span class=\"epigraphe\">El posteo de Alpine por el D\u00eda de la Independencia argentina.<\/span><\/div>\n<p><h2><strong>Colapinto tambi\u00e9n revel\u00f3 que desea ir a ver a Dua Lipa en vivo <\/strong><\/h2>\n<\/p>\n<div class=\"custom-text \" readability=\"44\">\n<p><strong>Luego en otro video que publicaron en el Instagram de Alpine, le preguntaron a qu\u00e9 artista le gustar\u00eda ver en vivo, y no dud\u00f3: &#8220;Dua Lipa, quisiera ir a verla&#8221;.<\/strong> Despu\u00e9s, lleg\u00f3 una consulta m\u00e1s descontracturada: si la F\u00f3rmula 1 tuviera una banda, \u00bfqu\u00e9 rol ocupar\u00eda cada piloto? Franco respondi\u00f3 entre risas:<strong> &#8220;Yo ser\u00eda el que silba. Bueno, har\u00eda lo que hace Bizarrap, el que pasa los discos, tipo DJ. <\/strong>Me ense\u00f1ar\u00edan a hacer eso. Conozco a un buen tipo para eso\u2026 y al cantante. S\u00ed, creo que Lewis (Hamilton) ser\u00eda un gran cantante para nuestra banda&#8221;.<\/p>\n<\/div>\n<p><h2><strong>Cu\u00e1ndo vuelve a correr Colapinto en la F\u00f3rmula 1<\/strong><\/h2>\n<\/p>\n<div class=\"custom-text \" readability=\"38\">\n<p><strong>La revancha para Colapinto, <\/strong>tras no haber podido largar en la carrera del domingo pasado en Silverstone, <strong>ser\u00e1 en la 12\u00aa fecha de la temporada de la M\u00e1xima. <\/strong>Esta se disputar\u00e1 durante el fin de semana <strong>del 25 al 27 de julio<\/strong> en el hist\u00f3rico y desafiante circuito de <strong>Spa-Francorchamps, <\/strong>en B\u00e9lgica. <strong>Ser\u00e1 el tercer Gran Premio del a\u00f1o con formato Sprint.<\/strong><\/p>\n<\/div>\n<div class=\"sc-e7b891c4-0 ifHnQL image-embed\"><img alt=\"Franco Colapinto en acci\u00f3n en Silverstone. (@AlpineF1Team)\" loading=\"lazy\" width=\"720\" height=\"100\" decoding=\"async\" data-nimg=\"1\" src=\"http:\/\/cordobadirecto.com\/wp-content\/uploads\/2025\/07\/alpine-equipo-de-franco-colapinto-homenajeo-a-la-argentina-en-su-dia-patrio-2.jpg\"><span class=\"epigraphe\">Franco Colapinto en acci\u00f3n en Silverstone. (@AlpineF1Team)<\/span><\/div>\n<div class=\"sc-a7166897-0 eoLsBE\" readability=\"6\">\n<section readability=\"2\"><picture><img alt=\"Los incre\u00edbles n\u00fameros de Red Bull con Christian Horner como director de equipo\" loading=\"lazy\" width=\"290\" height=\"290\" decoding=\"async\" data-nimg=\"1\" src=\"http:\/\/cordobadirecto.com\/wp-content\/uploads\/2025\/07\/alpine-equipo-de-franco-colapinto-homenajeo-a-la-argentina-en-su-dia-patrio-3.jpg\"><\/picture>\n<p><span>Mir\u00e1 tambi\u00e9n<\/span><\/p>\n<hr>\n<h3>Los incre\u00edbles n\u00fameros de Red Bull con Christian Horner como director de equipo<\/h3>\n<\/p>\n<\/section>\n<\/div>\n<div class=\"sc-a7166897-0 eoLsBE\" readability=\"6\">\n<section readability=\"2\"><picture><img alt=\"Bombazo en la F\u00f3rmula 1: Red Bull despidi\u00f3 a Christian Horner\" loading=\"lazy\" width=\"290\" height=\"290\" decoding=\"async\" data-nimg=\"1\" src=\"http:\/\/cordobadirecto.com\/wp-content\/uploads\/2025\/07\/alpine-equipo-de-franco-colapinto-homenajeo-a-la-argentina-en-su-dia-patrio-4.jpg\"><\/picture>\n<p><span>Mir\u00e1 tambi\u00e9n<\/span><\/p>\n<hr>\n<h3>Bombazo en la F\u00f3rmula 1: Red Bull despidi\u00f3 a Christian Horner<\/h3>\n<\/p>\n<\/section>\n<\/div>\n<div class=\"sc-a7166897-0 eoLsBE\" readability=\"6\">\n<section readability=\"2\"><picture><img alt=\"De que cantante Franco Colapinto sue\u00f1a ir a un recital\" loading=\"lazy\" width=\"290\" height=\"290\" decoding=\"async\" data-nimg=\"1\" src=\"http:\/\/cordobadirecto.com\/wp-content\/uploads\/2025\/07\/alpine-equipo-de-franco-colapinto-homenajeo-a-la-argentina-en-su-dia-patrio-5.jpg\"><\/picture>\n<p><span>Mir\u00e1 tambi\u00e9n<\/span><\/p>\n<hr>\n<h3>De que cantante Franco Colapinto sue\u00f1a ir a un recital<\/h3>\n<\/p>\n<\/section>\n<\/div>\n<\/div>\n","protected":false},"excerpt":{"rendered":"<p>09\/07\/2025 15:44hs. Actualizado al 09\/07\/2025 18:13hs. La escuder\u00eda Alpine, para la que corre Franco Colapinto, homenaje\u00f3 el D\u00eda de la Independencia argentina este mi\u00e9rcoles 9 de julio. En sus redes sociales, public\u00f3 un posteo con el pilarense como protagonista, acompa\u00f1ado por la bandera celeste y blanca, y la leyenda: &#8220;Feliz D\u00eda de la Independencia, Argentina!&#8221;, [&hellip;]<\/p>\n","protected":false},"author":1,"featured_media":170152,"comment_status":"closed","ping_status":"closed","sticky":false,"template":"","format":"standard","meta":[],"categories":[21],"tags":[],"_links":{"self":[{"href":"http:\/\/cordobadirecto.com\/index.php\/wp-json\/wp\/v2\/posts\/170151"}],"collection":[{"href":"http:\/\/cordobadirecto.com\/index.php\/wp-json\/wp\/v2\/posts"}],"about":[{"href":"http:\/\/cordobadirecto.com\/index.php\/wp-json\/wp\/v2\/types\/post"}],"author":[{"embeddable":true,"href":"http:\/\/cordobadirecto.com\/index.php\/wp-json\/wp\/v2\/users\/1"}],"replies":[{"embeddable":true,"href":"http:\/\/cordobadirecto.com\/index.php\/wp-json\/wp\/v2\/comments?post=170151"}],"version-history":[{"count":0,"href":"http:\/\/cordobadirecto.com\/index.php\/wp-json\/wp\/v2\/posts\/170151\/revisions"}],"wp:featuredmedia":[{"embeddable":true,"href":"http:\/\/cordobadirecto.com\/index.php\/wp-json\/wp\/v2\/media\/170152"}],"wp:attachment":[{"href":"http:\/\/cordobadirecto.com\/index.php\/wp-json\/wp\/v2\/media?parent=170151"}],"wp:term":[{"taxonomy":"category","embeddable":true,"href":"http:\/\/cordobadirecto.com\/index.php\/wp-json\/wp\/v2\/categories?post=170151"},{"taxonomy":"post_tag","embeddable":true,"href":"http:\/\/cordobadirecto.com\/index.php\/wp-json\/wp\/v2\/tags?post=170151"}],"curies":[{"name":"wp","href":"https:\/\/api.w.org\/{rel}","templated":true}]}}