{"id":170160,"date":"2025-07-10T11:32:56","date_gmt":"2025-07-10T11:32:56","guid":{"rendered":"https:\/\/cordoba.gob.ar\/?p=79228"},"modified":"2025-07-10T11:32:56","modified_gmt":"2025-07-10T11:32:56","slug":"belgrano-una-pasion-popular-y-grafica-viva-las-muestras-que-se-podran-disfrutar-en-estas-vacaciones-en-el-mmau","status":"publish","type":"post","link":"http:\/\/cordobadirecto.com\/index.php\/2025\/07\/10\/belgrano-una-pasion-popular-y-grafica-viva-las-muestras-que-se-podran-disfrutar-en-estas-vacaciones-en-el-mmau\/","title":{"rendered":"\u00abBelgrano: una pasi\u00f3n popular\u00bb y \u00abGr\u00e1fica viva\u00bb, las muestras que se podr\u00e1n disfrutar en estas vacaciones en el MMAU"},"content":{"rendered":"<div><img src=\"http:\/\/cordobadirecto.com\/wp-content\/uploads\/2025\/07\/belgrano-una-pasion-popular-y-grafica-viva-las-muestras-que-se-podran-disfrutar-en-estas-vacaciones-en-el-mmau.jpg\" class=\"ff-og-image-inserted\"><\/div>\n<ul>\n<li data-prosemirror-content-type=\"node\" data-prosemirror-node-name=\"paragraph\" data-prosemirror-node-block=\"true\"><strong>La exposici\u00f3n quedar\u00e1 inaugurada este jueves, a partir de las 18.00 horas.<\/strong><\/li>\n<li data-prosemirror-content-type=\"node\" data-prosemirror-node-name=\"paragraph\" data-prosemirror-node-block=\"true\"><strong>Con entrada libre y gratuita.<\/strong><\/li>\n<\/ul>\n<hr>\n<p data-prosemirror-content-type=\"node\" data-prosemirror-node-name=\"paragraph\" data-prosemirror-node-block=\"true\">El Museo Metropolitano de Arte Urbano se ubica sobre la ic\u00f3nica Plaza Espa\u00f1a, y forma parte dentro de un circuito de la ciudad que integra un circuito de espacios culturales de gran valor arquitect\u00f3nico y art\u00edstico. Este jueves, a partir de las 18:00 horas se pueden recorrer dos muestras sectorizadas: \u201cGr\u00e1fica viva\u201d, una exhibici\u00f3n colectiva de 14 artistas y \u201cBelgrano: una pasi\u00f3n popular\u201d, del reconocido artista Chumbi.<\/p>\n<p data-prosemirror-content-type=\"node\" data-prosemirror-node-name=\"paragraph\" data-prosemirror-node-block=\"true\">En el primer subsuelo, los hinchas piratas se encontrar\u00e1n con una celebraci\u00f3n visual por el aniversario del Club, de la mano del reconocido ilustrador y humorista gr\u00e1fico.<\/p>\n<p data-prosemirror-content-type=\"node\" data-prosemirror-node-name=\"paragraph\" data-prosemirror-node-block=\"true\">La exposici\u00f3n est\u00e1 basada en p\u00e1ginas y fragmentos del libro \u201cBelgrano, una pasi\u00f3n popular. Historias y leyendas de 120 a\u00f1os Piratas\u201d, una obra ilustrada de 150 p\u00e1ginas especialmente concebida para este aniversario, con dibujos e historietas del ilustrador y humorista gr\u00e1fico, y textos del periodista Gustavo Far\u00edas.<\/p>\n<p data-prosemirror-content-type=\"node\" data-prosemirror-node-name=\"paragraph\" data-prosemirror-node-block=\"true\">Cabe destacar que, la muestra forma parte del programa de acciones que el Club est\u00e1 desarrollando a lo largo de este 2025 en conmemoraci\u00f3n por sus 120 a\u00f1os de vida.<\/p>\n<p data-prosemirror-content-type=\"node\" data-prosemirror-node-name=\"paragraph\" data-prosemirror-node-block=\"true\">En el segundo nivel del museo, 14 artistas formados y en formaci\u00f3n de la Escuela de Bellas Artes Figueroa Alcorta, exponen la muestra \u201cGrafica Viva\u201d, una propuesta que expresa una b\u00fasqueda visual a partir de la simbolog\u00eda del humano y la naturaleza. Con la participaci\u00f3n del artista Agust\u00edn Begueri y la curadur\u00eda de la artista visual Carmela Trejo Rodr\u00edguez<\/p>\n<p data-prosemirror-content-type=\"node\" data-prosemirror-node-name=\"paragraph\" data-prosemirror-node-block=\"true\">De esta manera, se construye un puente entre el museo, el espacio legitimado socialmente para la difusi\u00f3n de piezas art\u00edsticas, y la FAD, el lugar de formaci\u00f3n de profesionales del arte.<\/p>\n<p data-prosemirror-content-type=\"node\" data-prosemirror-node-name=\"paragraph\" data-prosemirror-node-block=\"true\">Ambas muestras podr\u00e1n visitarse durante todo el mes de julio, de martes a viernes de 10:00 a 20:00 horas. Fin de semana y feriados, de 12:00 a 20:00 horas.<\/p>\n","protected":false},"excerpt":{"rendered":"<p>La exposici\u00f3n quedar\u00e1 inaugurada este jueves, a partir de las 18.00 horas. Con entrada libre y gratuita. El Museo Metropolitano de Arte Urbano se ubica sobre la ic\u00f3nica Plaza Espa\u00f1a, y forma parte dentro de un circuito de la ciudad que integra un circuito de espacios culturales de gran valor arquitect\u00f3nico y art\u00edstico. Este jueves, [&hellip;]<\/p>\n","protected":false},"author":1,"featured_media":170161,"comment_status":"closed","ping_status":"closed","sticky":false,"template":"","format":"standard","meta":[],"categories":[44],"tags":[],"_links":{"self":[{"href":"http:\/\/cordobadirecto.com\/index.php\/wp-json\/wp\/v2\/posts\/170160"}],"collection":[{"href":"http:\/\/cordobadirecto.com\/index.php\/wp-json\/wp\/v2\/posts"}],"about":[{"href":"http:\/\/cordobadirecto.com\/index.php\/wp-json\/wp\/v2\/types\/post"}],"author":[{"embeddable":true,"href":"http:\/\/cordobadirecto.com\/index.php\/wp-json\/wp\/v2\/users\/1"}],"replies":[{"embeddable":true,"href":"http:\/\/cordobadirecto.com\/index.php\/wp-json\/wp\/v2\/comments?post=170160"}],"version-history":[{"count":0,"href":"http:\/\/cordobadirecto.com\/index.php\/wp-json\/wp\/v2\/posts\/170160\/revisions"}],"wp:featuredmedia":[{"embeddable":true,"href":"http:\/\/cordobadirecto.com\/index.php\/wp-json\/wp\/v2\/media\/170161"}],"wp:attachment":[{"href":"http:\/\/cordobadirecto.com\/index.php\/wp-json\/wp\/v2\/media?parent=170160"}],"wp:term":[{"taxonomy":"category","embeddable":true,"href":"http:\/\/cordobadirecto.com\/index.php\/wp-json\/wp\/v2\/categories?post=170160"},{"taxonomy":"post_tag","embeddable":true,"href":"http:\/\/cordobadirecto.com\/index.php\/wp-json\/wp\/v2\/tags?post=170160"}],"curies":[{"name":"wp","href":"https:\/\/api.w.org\/{rel}","templated":true}]}}