{"id":170162,"date":"2025-07-10T10:04:51","date_gmt":"2025-07-10T10:04:51","guid":{"rendered":"https:\/\/cordoba.gob.ar\/?p=79242"},"modified":"2025-07-10T10:04:51","modified_gmt":"2025-07-10T10:04:51","slug":"la-noche-de-los-cpc-tramites-tarjeta-sube-y-cine-para-los-mas-chicos","status":"publish","type":"post","link":"http:\/\/cordobadirecto.com\/index.php\/2025\/07\/10\/la-noche-de-los-cpc-tramites-tarjeta-sube-y-cine-para-los-mas-chicos\/","title":{"rendered":"\u201cLa Noche de los CPC\u201d: tr\u00e1mites, tarjeta SUBE y cine para los m\u00e1s chicos"},"content":{"rendered":"<div><img src=\"http:\/\/cordobadirecto.com\/wp-content\/uploads\/2025\/07\/la-noche-de-los-cpc-tramites-tarjeta-sube-y-cine-para-los-mas-chicos.png\" class=\"ff-og-image-inserted\"><\/div>\n<ul>\n<li><strong>Los Centros de Participaci\u00f3n Comunal abrir\u00e1n sus puertas este viernes 11 de julio de 17:00 a 21:00.<\/strong><\/li>\n<\/ul>\n<hr>\n<p>Los CPC de la ciudad atender\u00e1n a los cordobeses este viernes en horario extendido: de 17:00 a 21:00 horas se habilita la gesti\u00f3n de los tr\u00e1mites habituales en un entorno lleno de espect\u00e1culos.<\/p>\n<p>\u201cLa Noche de los CPC\u201d se realizar\u00e1 en los 17 Centros de Participaci\u00f3n Comunal de la ciudad. Se podr\u00e1n realizar tr\u00e1mites de Registro Civil, licencias de conducir, Recursos Tributarios, Habilitaci\u00f3n de Negocios, Obras Privadas, entre otros requerimientos sin turno previo. Tambi\u00e9n se entregar\u00e1n tarjetas SUBE.<\/p>\n<p>En cada espacio habr\u00e1 shows art\u00edsticos y actividades culturales. Para los m\u00e1s chicos se proyectar\u00e1n pel\u00edculas a trav\u00e9s del Cine M\u00f3vil.<\/p>\n<p>\u201cLa Noche de los CPC\u201d es una iniciativa de la Secretar\u00eda de Participaci\u00f3n Ciudadana y Juventud de la Municipalidad de C\u00f3rdoba. Para m\u00e1s informaci\u00f3n se puede acceder a las redes del CPC m\u00e1s cercano a su domicilio.<\/p>\n","protected":false},"excerpt":{"rendered":"<p>Los Centros de Participaci\u00f3n Comunal abrir\u00e1n sus puertas este viernes 11 de julio de 17:00 a 21:00. Los CPC de la ciudad atender\u00e1n a los cordobeses este viernes en horario extendido: de 17:00 a 21:00 horas se habilita la gesti\u00f3n de los tr\u00e1mites habituales en un entorno lleno de espect\u00e1culos. \u201cLa Noche de los CPC\u201d [&hellip;]<\/p>\n","protected":false},"author":1,"featured_media":170163,"comment_status":"closed","ping_status":"closed","sticky":false,"template":"","format":"standard","meta":[],"categories":[44],"tags":[],"_links":{"self":[{"href":"http:\/\/cordobadirecto.com\/index.php\/wp-json\/wp\/v2\/posts\/170162"}],"collection":[{"href":"http:\/\/cordobadirecto.com\/index.php\/wp-json\/wp\/v2\/posts"}],"about":[{"href":"http:\/\/cordobadirecto.com\/index.php\/wp-json\/wp\/v2\/types\/post"}],"author":[{"embeddable":true,"href":"http:\/\/cordobadirecto.com\/index.php\/wp-json\/wp\/v2\/users\/1"}],"replies":[{"embeddable":true,"href":"http:\/\/cordobadirecto.com\/index.php\/wp-json\/wp\/v2\/comments?post=170162"}],"version-history":[{"count":0,"href":"http:\/\/cordobadirecto.com\/index.php\/wp-json\/wp\/v2\/posts\/170162\/revisions"}],"wp:featuredmedia":[{"embeddable":true,"href":"http:\/\/cordobadirecto.com\/index.php\/wp-json\/wp\/v2\/media\/170163"}],"wp:attachment":[{"href":"http:\/\/cordobadirecto.com\/index.php\/wp-json\/wp\/v2\/media?parent=170162"}],"wp:term":[{"taxonomy":"category","embeddable":true,"href":"http:\/\/cordobadirecto.com\/index.php\/wp-json\/wp\/v2\/categories?post=170162"},{"taxonomy":"post_tag","embeddable":true,"href":"http:\/\/cordobadirecto.com\/index.php\/wp-json\/wp\/v2\/tags?post=170162"}],"curies":[{"name":"wp","href":"https:\/\/api.w.org\/{rel}","templated":true}]}}