{"id":170187,"date":"2025-07-09T17:49:51","date_gmt":"2025-07-09T17:49:51","guid":{"rendered":"https:\/\/www.ole.com.ar\/autos\/curioso-deseo-franco-colapinto-ir-ver-recital-dua-lipa-bizarrap-video_0_jKt2J3G9Sr.html"},"modified":"2025-07-09T17:49:51","modified_gmt":"2025-07-09T17:49:51","slug":"de-que-cantante-franco-colapinto-suena-ir-a-un-recital","status":"publish","type":"post","link":"http:\/\/cordobadirecto.com\/index.php\/2025\/07\/09\/de-que-cantante-franco-colapinto-suena-ir-a-un-recital\/","title":{"rendered":"De que cantante Franco Colapinto sue\u00f1a ir a un recital"},"content":{"rendered":"<p><span class=\"createDate\">09\/07\/2025 14:49hs.<\/span><time class=\"modificatedDate\" datetime=\"2025-07-09T15:48:57-03:00\"> Actualizado al 09\/07\/2025 15:48hs.<\/time><\/p>\n<div id=\"storyBody\">\n<div class=\"custom-text \" readability=\"36.246376811594\">\n<p><strong><a href=\"https:\/\/www.ole.com.ar\/autos\/franco-colapinto-responsbilidad-domingo-problema-alpine_0_fPRWup0tFz.html\" target=\"_self\" title=\"Luego de un complicado Gran Premio de F\u00f3rmula 1 en Silverstone,\" alt=\"Luego de un complicado Gran Premio de F\u00f3rmula 1 en Silverstone,\" rel=\"noopener\">Luego de un complicado Gran Premio de F\u00f3rmula 1 en Silverstone,<\/a><\/strong> donde ni siquiera pudo largar por un problema en su monoplaza, <strong>Franco Colapinto <\/strong>ya tiene la cabeza puesta en la pr\u00f3xima fecha del 25 al 27 de julio en Spa-Francorchamps, B\u00e9lgica. El pilarense se entrena en el simulador en la sede del equipo Alpine, en Enstone. <strong>Mientras tanto, la escuder\u00eda francesa comparti\u00f3 en sus redes un divertido video donde el #43 cuenta cu\u00e1l fue el mejor recital al que asisti\u00f3 y revela qu\u00e9 artista sue\u00f1a con ver en vivo<\/strong>. En esta nota, todos los detalles.<\/p>\n<\/div>\n<p><h2><strong>A qu\u00e9 artista desea ir a ver en vivo Colapinto<\/strong><\/h2>\n<\/p>\n<div class=\"custom-text \" readability=\"42\">\n<p><strong>&#8220;El mejor recital en el que estuve fue el de Bizarrap<\/strong> (amigo y socio suyo), fue un muy buen show. Me invit\u00f3 y fue genial&#8221;,<strong> cont\u00f3 Colapinto<\/strong> en un video publicado por las redes sociales de Alpine. A su vez, le preguntaron si le gusta ubicarse bien adelante en los recitales, pero lo descart\u00f3 entre risas: &#8220;<strong>No, prefiero estar atr\u00e1s, para comer unos snacks, unos pochoclos&#8221;.<\/strong><\/p>\n<\/div>\n<div class=\"sc-e7b891c4-0 ifHnQL image-embed\"><img alt=\"El Alpine de Colapinto durante la qualy del GP de Silverstone. (AP Photo\/Darko Bandic)\" loading=\"lazy\" width=\"720\" height=\"100\" decoding=\"async\" data-nimg=\"1\" src=\"http:\/\/cordobadirecto.com\/wp-content\/uploads\/2025\/07\/de-que-cantante-franco-colapinto-suena-ir-a-un-recital.jpg\"><span class=\"epigraphe\">El Alpine de Colapinto durante la qualy del GP de Silverstone. (AP Photo\/Darko Bandic)<\/span><\/div>\n<div class=\"custom-text \" readability=\"44\">\n<p><strong>Luego, le preguntaron a qu\u00e9 artista le gustar\u00eda ver en vivo, y no dud\u00f3: &#8220;Dua Lipa, quisiera ir a verla&#8221;.<\/strong> Despu\u00e9s, lleg\u00f3 una consigna m\u00e1s descontracturada: si la F\u00f3rmula 1 tuviera una banda, \u00bfqu\u00e9 rol ocupar\u00eda cada piloto? Franco respondi\u00f3 entre risas: &#8220;Yo ser\u00eda el que silba. <strong>Bueno, har\u00eda lo que hace Bizarrap, el que pasa los discos, tipo DJ.<\/strong> Me ense\u00f1ar\u00edan a hacer eso. Conozco a un buen tipo para eso\u2026 y al cantante<strong>. S\u00ed, creo que Lewis (Hamilton) ser\u00eda un gran cantante para nuestra banda&#8221;.<\/strong><\/p>\n<\/div>\n<p><h2><strong>As\u00ed, Colapinto expres\u00f3 su deseo de ver a Dua Lipa en vivo<\/strong><\/h2>\n<\/p>\n<div class=\"sc-734b4696-1 kFfZtB\" readability=\"8\">\n<div class=\"sc-d00d9e74-0 hnHYbk vertical\" type=\"embed\">\n<div class=\"sc-d00d9e74-1 iKVbz videoText\" id=\"contentTitleembed4MOJ3oJ4\" type=\"embed\"><svg fill=\"#ffffff\"><symbol id=\"play\" viewBox=\"0 0 512 512\"><path d=\"M512 256C512 397.4 397.4 512 256 512C114.6 512 0 397.4 0 256C0 114.6 114.6 0 256 0C397.4 0 512 114.6 512 256zM176 168V344C176 352.7 180.7 360.7 188.3 364.9C195.8 369.2 205.1 369 212.5 364.5L356.5 276.5C363.6 272.1 368 264.4 368 256C368 247.6 363.6 239.9 356.5 235.5L212.5 147.5C205.1 142.1 195.8 142.8 188.3 147.1C180.7 151.3 176 159.3 176 168V168z\" \/><\/symbol><use xlink:href=\"#play\" \/><\/svg><\/p>\n<div class=\"right\">\n<p>Franco Colapinto<!-- --> &#8211; <span>&nbsp;<\/span><\/p>\n<h2 class=\"title-vid\">El deseo de Colapinto: ver a Dua Lipa en vivo<\/h2>\n<\/div>\n<\/div>\n<p><span class=\"back\" id=\"spanBackembed4MOJ3oJ4\"><\/span><\/div>\n<div class=\"JWvideoNota_title\" readability=\"11\">\n<p>En las redes de Alpine, el pilarense cont\u00f3 cu\u00e1l fue el mejor recital que vio y a qu\u00e9 artista le gustar\u00eda ver en vivo. <\/p>\n<p>Cr\u00e9ditos: alpinef1team en Instagram.<\/p>\n<\/div>\n<\/div>\n<p><h2><strong>Cu\u00e1ndo y por d\u00f3nde ver a Colapinto en la pr\u00f3xima fecha en Spa-Francorchamps<\/strong><\/h2>\n<\/p>\n<div class=\"custom-text \" readability=\"35\">\n<p><strong>La revancha para Colapinto ser\u00e1 en la fecha 12\u00b0 de la temporada de la M\u00e1xima, <\/strong>que se disputar\u00e1 en el hist\u00f3rico y desafiante circuito belga de<strong> Spa-Francorchamps durante el fin de semana del 25 al 27 de julio.<\/strong><\/p>\n<\/div>\n<div class=\"custom-text \" readability=\"38\">\n<p><strong>Ser\u00e1 el tercer Gran Premio del a\u00f1o con formato Sprin<\/strong>t, por lo que la actividad comenzar\u00e1 el viernes con un \u00fanico entrenamiento libre a las 7:30. <strong>M\u00e1s tarde, a las 11:30, se realizar\u00e1 el Sprint Shootout, <\/strong>la clasificaci\u00f3n para la carrera Sprint.<\/p>\n<\/div>\n<div class=\"sc-e7b891c4-0 ifHnQL image-embed\"><img alt=\"Colapinto con el traje de carreras especial para el GP de Silverstone. (REUTERS\/Jaimi Joy)\" loading=\"lazy\" width=\"720\" height=\"100\" decoding=\"async\" data-nimg=\"1\" src=\"http:\/\/cordobadirecto.com\/wp-content\/uploads\/2025\/07\/de-que-cantante-franco-colapinto-suena-ir-a-un-recital-1.jpg\"><span class=\"epigraphe\">Colapinto con el traje de carreras especial para el GP de Silverstone. (REUTERS\/Jaimi Joy)<\/span><\/div>\n<div class=\"custom-text \" readability=\"39\">\n<p><strong>El s\u00e1bado, desde las 7, se correr\u00e1 la carrera corta a 11 vueltas<\/strong>. Finalmente, el <strong>domingo <\/strong>se disputar\u00e1 la competencia principal, a 44 giros,<strong> que largar\u00e1 a las 10. <\/strong>Toda la actividad del fin de semana podr\u00e1 seguirse <strong>por Fox Sports y Disney + Premium.<\/strong><\/p>\n<\/div>\n<div class=\"sc-a7166897-0 eoLsBE\" readability=\"7\">\n<section readability=\"4\"><picture><img alt=\"Confirmado: el motivo por el cual no anduvo el Alpine de Franco Colapinto, sin responsabilidad del piloto \" loading=\"lazy\" width=\"290\" height=\"290\" decoding=\"async\" data-nimg=\"1\" src=\"http:\/\/cordobadirecto.com\/wp-content\/uploads\/2025\/07\/de-que-cantante-franco-colapinto-suena-ir-a-un-recital-2.jpg\"><\/picture>\n<p><span>Mir\u00e1 tambi\u00e9n<\/span><\/p>\n<hr>\n<h3>Confirmado: el motivo por el cual no anduvo el Alpine de Franco Colapinto, sin responsabilidad del piloto <\/h3>\n<\/p>\n<\/section>\n<\/div>\n<div class=\"sc-a7166897-0 eoLsBE\" readability=\"6.5\">\n<section readability=\"3\"><picture><img alt=\"La F\u00f3rmula 1 le pregunt\u00f3 a Valtteri Bottas por su futuro: &quot;Se te vincul\u00f3 con Alpine...&quot;\" loading=\"lazy\" width=\"290\" height=\"290\" decoding=\"async\" data-nimg=\"1\" src=\"http:\/\/cordobadirecto.com\/wp-content\/uploads\/2025\/07\/de-que-cantante-franco-colapinto-suena-ir-a-un-recital-3.jpg\"><\/picture>\n<p><span>Mir\u00e1 tambi\u00e9n<\/span><\/p>\n<hr>\n<h3>La F\u00f3rmula 1 le pregunt\u00f3 a Valtteri Bottas por su futuro: &#8220;Se te vincul\u00f3 con Alpine&#8230;&#8221;<\/h3>\n<\/p>\n<\/section>\n<\/div>\n<div class=\"sc-a7166897-0 eoLsBE\" readability=\"6\">\n<section readability=\"2\"><picture><img alt=\"Los incre\u00edbles n\u00fameros de Red Bull con Christian Horner como director de equipo\" loading=\"lazy\" width=\"290\" height=\"290\" decoding=\"async\" data-nimg=\"1\" src=\"http:\/\/cordobadirecto.com\/wp-content\/uploads\/2025\/07\/de-que-cantante-franco-colapinto-suena-ir-a-un-recital-4.jpg\"><\/picture>\n<p><span>Mir\u00e1 tambi\u00e9n<\/span><\/p>\n<hr>\n<h3>Los incre\u00edbles n\u00fameros de Red Bull con Christian Horner como director de equipo<\/h3>\n<\/p>\n<\/section>\n<\/div>\n<\/div>\n","protected":false},"excerpt":{"rendered":"<p>09\/07\/2025 14:49hs. Actualizado al 09\/07\/2025 15:48hs. Luego de un complicado Gran Premio de F\u00f3rmula 1 en Silverstone, donde ni siquiera pudo largar por un problema en su monoplaza, Franco Colapinto ya tiene la cabeza puesta en la pr\u00f3xima fecha del 25 al 27 de julio en Spa-Francorchamps, B\u00e9lgica. El pilarense se entrena en el simulador [&hellip;]<\/p>\n","protected":false},"author":1,"featured_media":170188,"comment_status":"closed","ping_status":"closed","sticky":false,"template":"","format":"standard","meta":[],"categories":[21],"tags":[],"_links":{"self":[{"href":"http:\/\/cordobadirecto.com\/index.php\/wp-json\/wp\/v2\/posts\/170187"}],"collection":[{"href":"http:\/\/cordobadirecto.com\/index.php\/wp-json\/wp\/v2\/posts"}],"about":[{"href":"http:\/\/cordobadirecto.com\/index.php\/wp-json\/wp\/v2\/types\/post"}],"author":[{"embeddable":true,"href":"http:\/\/cordobadirecto.com\/index.php\/wp-json\/wp\/v2\/users\/1"}],"replies":[{"embeddable":true,"href":"http:\/\/cordobadirecto.com\/index.php\/wp-json\/wp\/v2\/comments?post=170187"}],"version-history":[{"count":0,"href":"http:\/\/cordobadirecto.com\/index.php\/wp-json\/wp\/v2\/posts\/170187\/revisions"}],"wp:featuredmedia":[{"embeddable":true,"href":"http:\/\/cordobadirecto.com\/index.php\/wp-json\/wp\/v2\/media\/170188"}],"wp:attachment":[{"href":"http:\/\/cordobadirecto.com\/index.php\/wp-json\/wp\/v2\/media?parent=170187"}],"wp:term":[{"taxonomy":"category","embeddable":true,"href":"http:\/\/cordobadirecto.com\/index.php\/wp-json\/wp\/v2\/categories?post=170187"},{"taxonomy":"post_tag","embeddable":true,"href":"http:\/\/cordobadirecto.com\/index.php\/wp-json\/wp\/v2\/tags?post=170187"}],"curies":[{"name":"wp","href":"https:\/\/api.w.org\/{rel}","templated":true}]}}