{"id":170189,"date":"2025-07-11T00:52:30","date_gmt":"2025-07-11T00:52:30","guid":{"rendered":"https:\/\/www.ole.com.ar\/futbol-ascenso\/ascenso-primera-nacional-quilmes-recision-contrato_0_uCaubBNHKu.html"},"modified":"2025-07-11T00:52:30","modified_gmt":"2025-07-11T00:52:30","slug":"en-medio-de-la-crisis-quilmes-perdio-a-una-figura","status":"publish","type":"post","link":"http:\/\/cordobadirecto.com\/index.php\/2025\/07\/11\/en-medio-de-la-crisis-quilmes-perdio-a-una-figura\/","title":{"rendered":"En medio de la crisis, Quilmes perdi\u00f3 a una figura"},"content":{"rendered":"<p><time class=\"createDate\" datetime=\"2025-07-10T19:01:06-03:00\">10\/07\/2025 19:01hs.<\/time><\/p>\n<div id=\"storyBody\">\n<div class=\"custom-text \" readability=\"32.476595744681\">\n<p><a href=\"https:\/\/www.ole.com.ar\/tema\/quilmes.html\" title=\"Quilmes\" alt=\"Quilmes\" class=\"slug\">Quilmes<\/a> est\u00e1 atravesando tiempos d\u00edficiles. Claro, es que el Cervecero sigue sin poder conocer la victoria <strong>-lleg\u00f3 a los diez partidos sin ganar-<\/strong> y no toma rumbo <strong>en<\/strong> <strong>la <a href=\"https:\/\/www.ole.com.ar\/tema\/primera-nacional.html\" title=\"Primera Nacional\" alt=\"Primera Nacional\" class=\"slug\">Primera Nacional<\/a>, una categor\u00eda que te exige ganar cada partido<\/strong>. <\/p>\n<\/div>\n<div class=\"custom-text \" readability=\"32.397129186603\">\n<p>Incluso, esto deriv\u00f3 en la salida de <a href=\"https:\/\/www.ole.com.ar\/tema\/sergio-rondina.html\" title=\"Sergio Rondina\" alt=\"Sergio Rondina\" class=\"slug\">Sergio Rondina<\/a> por los malos resultados y, <strong>posteriormente, <a href=\"https:\/\/www.ole.com.ar\/tema\/aldo-duscher.html\" title=\"Aldo Duscher\" alt=\"Aldo Duscher\" class=\"slug\">Aldo Duscher<\/a> fue el elegido para cambiar la cara de un equipo<\/strong> que supo ser protagonista en campa\u00f1as anteriores.<\/p>\n<\/div>\n<div class=\"custom-text \" readability=\"35\">\n<p>Y los golpes no aflojan en Vicente L\u00f3pez y Esqui\u00fa: despu\u00e9s de la dura derrota en tanda de penales con San Lorenzo por los 16avos de final de Copa Argentina,<strong> se dio la salida de uno de los principales referentes del plantel. <\/strong><\/p>\n<\/div>\n<div class=\"custom-text \" readability=\"39\">\n<p>Se trata de <strong>Emanuel Herrera<\/strong>, <strong>qui\u00e9n decidi\u00f3 rescindir su contrato<\/strong> y no continuar\u00e1 en el conjunto del Sur. De com\u00fan acuerdo con la Comisi\u00f3n Directiva, se resolvi\u00f3 poner fin al v\u00ednculo. A su vez, el delantero dejar\u00e1 una diferencia econ\u00f3mica a favor del club, en reconocimiento al trato recibido y al tiempo que defendi\u00f3 la camiseta del Decano.<\/p>\n<\/div>\n<div class=\"sc-e7b891c4-0 ifHnQL image-embed\"><img alt=\"Emanuel Herre deja el Cervecero.\" loading=\"lazy\" width=\"720\" height=\"100\" decoding=\"async\" data-nimg=\"1\" src=\"http:\/\/cordobadirecto.com\/wp-content\/uploads\/2025\/07\/en-medio-de-la-crisis-quilmes-perdio-a-una-figura.jpg\"><span class=\"epigraphe\">Emanuel Herre deja el Cervecero.<\/span><\/div>\n<p><h2><strong>Los n\u00fameros de Emanuel Herrera en el Cervecero<\/strong><\/h2>\n<\/p>\n<div class=\"custom-text \" readability=\"38\">\n<p>Desde su llegada al Sur en 2024, el Tanque se consolid\u00f3 en la delantera del Cervecero y <strong>particip\u00f3 en 29 partidos, convirtiendo ocho goles y brindando dos asistencias<\/strong> en total. <strong>Buenos n\u00fameros<\/strong>. En la actual temporada del Nacional, estuvo presente en 18 oportunidades, donde anot\u00f3 cuatro tantos.<\/p>\n<\/div>\n<div class=\"sc-e7b891c4-0 ifHnQL image-embed\"><img alt=\"Emanuel Herrera firmando su contrato con Quilmes en 2024.\" loading=\"lazy\" width=\"720\" height=\"100\" decoding=\"async\" data-nimg=\"1\" src=\"http:\/\/cordobadirecto.com\/wp-content\/uploads\/2025\/07\/en-medio-de-la-crisis-quilmes-perdio-a-una-figura-1.jpg\"><span class=\"epigraphe\">Emanuel Herrera firmando su contrato con Quilmes en 2024.<\/span><\/div>\n<p><h2><strong>La carrera del Tanque en el extranjero<\/strong><\/h2>\n<\/p>\n<div class=\"custom-text \" readability=\"41\">\n<p>Emanuel Herrera tiene una trayectoria destacable en el f\u00fatbol extranjero: <strong>Francia, M\u00e9xico, Chile, Ecuador y Per\u00fa son los pa\u00edses por los que jug\u00f3<\/strong>. Se form\u00f3 en Rosario Central pero r\u00e1pidamente se forj\u00f3 en el Ascenso en clubes como Chacarita, Sportivo Italiano y Patronato, para luego, catapultar su carrera internacionalmente.<\/p>\n<\/div>\n<div class=\"custom-text \" readability=\"38\">\n<p><strong>Uni\u00f3n Espa\u00f1ola, Montpellier, Tigres, Emelec, Melgar y Sporting Cristal<\/strong> son algunos de los equipos en los que se desempe\u00f1\u00f3. Tambi\u00e9n tuvo un breve paso por Argentinos Juniors. \u00d1ublense fue su \u00faltima experiencia antes de llegar al Cervecero a medidados de 2024.<\/p>\n<\/div>\n<div class=\"sc-e7b891c4-0 ifHnQL image-embed\"><img alt=\"Emanuel Herrera, con la camiseta de Melgar.\" loading=\"lazy\" width=\"720\" height=\"100\" decoding=\"async\" data-nimg=\"1\" src=\"http:\/\/cordobadirecto.com\/wp-content\/uploads\/2025\/07\/en-medio-de-la-crisis-quilmes-perdio-a-una-figura-2.jpg\"><span class=\"epigraphe\">Emanuel Herrera, con la camiseta de Melgar.<\/span><\/div>\n<div class=\"sc-a7166897-0 eoLsBE\" readability=\"6\">\n<section readability=\"2\"><picture><img alt=\"El presidente de V\u00e9lez y por qu\u00e9 no lleg\u00f3 Pol Fern\u00e1ndez: &quot;Hubo amenazas&quot;\" loading=\"lazy\" width=\"290\" height=\"290\" decoding=\"async\" data-nimg=\"1\" src=\"http:\/\/cordobadirecto.com\/wp-content\/uploads\/2025\/07\/en-medio-de-la-crisis-quilmes-perdio-a-una-figura-3.jpg\"><\/picture>\n<p><span>Mir\u00e1 tambi\u00e9n<\/span><\/p>\n<hr>\n<h3>El presidente de V\u00e9lez y por qu\u00e9 no lleg\u00f3 Pol Fern\u00e1ndez: &#8220;Hubo amenazas&#8221;<\/h3>\n<\/p>\n<\/section>\n<\/div>\n<div class=\"sc-a7166897-0 eoLsBE\" readability=\"7\">\n<section readability=\"4\"><picture><img alt=\"Beligoy con Ol\u00e9: &quot;No pasa por el \u00e1rbitro que se juegue menos tiempo, es el f\u00fatbol que tenemos&quot;\" loading=\"lazy\" width=\"290\" height=\"290\" decoding=\"async\" data-nimg=\"1\" src=\"http:\/\/cordobadirecto.com\/wp-content\/uploads\/2025\/07\/en-medio-de-la-crisis-quilmes-perdio-a-una-figura-4.jpg\"><\/picture>\n<p><span>Mir\u00e1 tambi\u00e9n<\/span><\/p>\n<hr>\n<h3>Beligoy con Ol\u00e9: &#8220;No pasa por el \u00e1rbitro que se juegue menos tiempo, es el f\u00fatbol que tenemos&#8221;<\/h3>\n<\/p>\n<\/section>\n<\/div>\n<\/div>\n","protected":false},"excerpt":{"rendered":"<p>10\/07\/2025 19:01hs. Quilmes est\u00e1 atravesando tiempos d\u00edficiles. Claro, es que el Cervecero sigue sin poder conocer la victoria -lleg\u00f3 a los diez partidos sin ganar- y no toma rumbo en la Primera Nacional, una categor\u00eda que te exige ganar cada partido. Incluso, esto deriv\u00f3 en la salida de Sergio Rondina por los malos resultados y, [&hellip;]<\/p>\n","protected":false},"author":1,"featured_media":170190,"comment_status":"closed","ping_status":"closed","sticky":false,"template":"","format":"standard","meta":[],"categories":[21],"tags":[],"_links":{"self":[{"href":"http:\/\/cordobadirecto.com\/index.php\/wp-json\/wp\/v2\/posts\/170189"}],"collection":[{"href":"http:\/\/cordobadirecto.com\/index.php\/wp-json\/wp\/v2\/posts"}],"about":[{"href":"http:\/\/cordobadirecto.com\/index.php\/wp-json\/wp\/v2\/types\/post"}],"author":[{"embeddable":true,"href":"http:\/\/cordobadirecto.com\/index.php\/wp-json\/wp\/v2\/users\/1"}],"replies":[{"embeddable":true,"href":"http:\/\/cordobadirecto.com\/index.php\/wp-json\/wp\/v2\/comments?post=170189"}],"version-history":[{"count":0,"href":"http:\/\/cordobadirecto.com\/index.php\/wp-json\/wp\/v2\/posts\/170189\/revisions"}],"wp:featuredmedia":[{"embeddable":true,"href":"http:\/\/cordobadirecto.com\/index.php\/wp-json\/wp\/v2\/media\/170190"}],"wp:attachment":[{"href":"http:\/\/cordobadirecto.com\/index.php\/wp-json\/wp\/v2\/media?parent=170189"}],"wp:term":[{"taxonomy":"category","embeddable":true,"href":"http:\/\/cordobadirecto.com\/index.php\/wp-json\/wp\/v2\/categories?post=170189"},{"taxonomy":"post_tag","embeddable":true,"href":"http:\/\/cordobadirecto.com\/index.php\/wp-json\/wp\/v2\/tags?post=170189"}],"curies":[{"name":"wp","href":"https:\/\/api.w.org\/{rel}","templated":true}]}}