{"id":170261,"date":"2025-07-11T20:43:50","date_gmt":"2025-07-11T20:43:50","guid":{"rendered":"https:\/\/www.ole.com.ar\/autos\/vuelve-correr-franco-colapinto-belgica-sigue-f1_0_AakkpVafia.html"},"modified":"2025-07-11T20:43:50","modified_gmt":"2025-07-11T20:43:50","slug":"cuando-vuelve-a-correr-franco-colapinto-y-como-sigue-la-f1","status":"publish","type":"post","link":"http:\/\/cordobadirecto.com\/index.php\/2025\/07\/11\/cuando-vuelve-a-correr-franco-colapinto-y-como-sigue-la-f1\/","title":{"rendered":"Cu\u00e1ndo vuelve a correr Franco Colapinto y c\u00f3mo sigue la F1"},"content":{"rendered":"<p><time class=\"createDate\" datetime=\"2025-07-11T17:43:50-03:00\">11\/07\/2025 17:43hs.<\/time><\/p>\n<div id=\"storyBody\">\n<div class=\"custom-text \" readability=\"32.975609756098\">\n<p>Con el GP de Gran Breta\u00f1a, el \u00faltimo que se disput\u00f3 en la <a href=\"https:\/\/www.ole.com.ar\/tema\/formula-1.html\" title=\"F\u00f3rmula 1\" alt=\"F\u00f3rmula 1\" class=\"slug\">F1<\/a>, pas\u00f3 la sexta carrera de <strong><a href=\"https:\/\/www.ole.com.ar\/tema\/franco-colapinto.html\" title=\"Franco Colapinto\" alt=\"Franco Colapinto\" class=\"slug\">Franco Colapinto<\/a><\/strong> en <a href=\"https:\/\/www.ole.com.ar\/tema\/alpine.html\" title=\"Alpine\" alt=\"Alpine\" class=\"slug\">Alpine<\/a> (ya corri\u00f3 <a href=\"https:\/\/www.ole.com.ar\/autos\/comparacion-franco-colapinto-jack-doohan-carreras-alpine-mejor_0_3O1LQ4jaCc.html\" target=\"_self\" title=\"la misma cantidad que Jack Doohan\" alt=\"la misma cantidad que Jack Doohan\" rel=\"noopener\">la misma cantidad que Jack Doohan<\/a>, su predecesor). A dos fechas de que comience el parate por el verano europeo, <strong>la pr\u00f3xima parada del calendario ser\u00e1 B\u00e9lgica<\/strong>. La espera no se aguanta y no queda otra que seguir viendo pasar los d\u00edas&#8230;<\/p>\n<\/div>\n<div class=\"custom-text \" readability=\"40\">\n<p>Si se acelera en B\u00e9lgica, est\u00e1 claro que el escenario ser\u00e1 <strong>Spa-Francorchamps<\/strong>, uno de los circuitos m\u00e1s veloces y con algunas zonas ic\u00f3nicas (la variante Eau Rouge-Raidillon es una de las m\u00e1s populares del mundo). <strong>Habr\u00e1 que aguardar dos semanas m\u00e1s, ya que la cita tendr\u00e1 lugar entre el 25 y el 27 de julio<\/strong>, pero valdr\u00e1 la pena: esta fecha contar\u00e1 con el tercer Sprint de la campa\u00f1a, por lo que habr\u00e1 m\u00e1s puntos en juego y un atractivo mayor. <\/p>\n<\/div>\n<div class=\"sc-e7b891c4-0 ifHnQL image-embed\"><img alt=\"Colapinto correr\u00e1 en Spa con la F1 por primera vez. (REUTERS\/Jennifer Gauthier)\" loading=\"lazy\" width=\"720\" height=\"100\" decoding=\"async\" data-nimg=\"1\" src=\"http:\/\/cordobadirecto.com\/wp-content\/uploads\/2025\/07\/cuando-vuelve-a-correr-franco-colapinto-y-como-sigue-la-f1.jpg\"><span class=\"epigraphe\">Colapinto correr\u00e1 en Spa con la F1 por primera vez. (REUTERS\/Jennifer Gauthier)<\/span><\/div>\n<p><h2><strong>Cu\u00e1ndo es el GP de B\u00e9lgica y c\u00f3mo sigue la F1<\/strong><\/h2>\n<\/p>\n<div class=\"custom-text \" readability=\"42\">\n<p>La actividad se iniciar\u00e1 el <strong>viernes 25 de julio con la primera y \u00fanica pr\u00e1ctica libre a partir de las 7.30hs<\/strong> (horario argentino) y m\u00e1s tarde, a las 11:30, se realizar\u00e1 el Sprint Shootout (la clasificaci\u00f3n para la Sprint). El <strong>s\u00e1bado 26<\/strong>, desde las 7.00hs, se llevar\u00e1 a cabo la carrera corta, mientras que desde las 11 ser\u00e1 la qualy principal. Por \u00faltimo, <strong>el domingo 27 de julio cerrar\u00e1 la acci\u00f3n con la carrera principal, que se largar\u00e1 a las 10<\/strong>. Todo se podr\u00e1 ver en vivo a trav\u00e9s de la plataforma de streaming Disney+ y en Fox Sports.<\/p>\n<\/div>\n<div class=\"custom-text \" readability=\"40\">\n<p>Tras el GP de B\u00e9lgica, vendr\u00e1 el de Hungr\u00eda, <strong>disputado tan solo una semana despu\u00e9s en el trazado de Hungaroring<\/strong>, y entonces comenzar\u00e1 el parate veraniego. Casi un mes despu\u00e9s, la M\u00e1xima volver\u00e1 a pisar el acelerador en Pa\u00edses Bajos y el campeonato no se detendr\u00e1 hasta Abu Dhabi, donde concluir\u00e1 al igual que el a\u00f1o pasado.<\/p>\n<\/div>\n<div class=\"sc-e7b891c4-0 ifHnQL image-embed\"><img alt=\"El Alpine de Colapinto (AP).\" loading=\"lazy\" width=\"720\" height=\"100\" decoding=\"async\" data-nimg=\"1\" src=\"http:\/\/cordobadirecto.com\/wp-content\/uploads\/2025\/07\/cuando-vuelve-a-correr-franco-colapinto-y-como-sigue-la-f1-1.jpg\"><span class=\"epigraphe\">El Alpine de Colapinto (AP).<\/span><\/div>\n<p><h2><strong>Los detalles del circuito del GP de B\u00e9lgica<\/strong><\/h2>\n<\/p>\n<div class=\"custom-text \" readability=\"39\">\n<p>Con el paso del tiempo, el circuito de Spa-Francorchamps fue teniendo cambios en su dise\u00f1o y actualmente cuenta con <strong>6.973 kil\u00f3metros y 21 curvas, lo que lo convierte en la pista m\u00e1s larga del calendario<\/strong>. Sigue una ruta r\u00e1pida a trav\u00e9s de los Ardennes que permite superar los 330 km\/h, y desde 2007 la F1 corre en este circuito de manera ininterrumpida. <strong>El ganador de la edici\u00f3n 2024 fue Lewis Hamilton<\/strong>, que a su vez es el corredor con m\u00e1s podios (11) y pole positions (6) en el suelo belga.<\/p>\n<\/div>\n<div class=\"sc-a7166897-0 eoLsBE\" readability=\"6.5\">\n<section readability=\"3\"><picture><img alt=\"Informe: \u00bfqui\u00e9n anduvo mejor en Alpine, Franco Colapinto o Jack Doohan?\" loading=\"lazy\" width=\"290\" height=\"290\" decoding=\"async\" data-nimg=\"1\" src=\"http:\/\/cordobadirecto.com\/wp-content\/uploads\/2025\/07\/cuando-vuelve-a-correr-franco-colapinto-y-como-sigue-la-f1-2.jpg\"><\/picture>\n<p><span>Mir\u00e1 tambi\u00e9n<\/span><\/p>\n<hr>\n<h3>Informe: \u00bfqui\u00e9n anduvo mejor en Alpine, Franco Colapinto o Jack Doohan?<\/h3>\n<\/p>\n<\/section>\n<\/div>\n<div class=\"sc-a7166897-0 eoLsBE\" readability=\"6.5\">\n<section readability=\"3\"><picture><img alt=\"Alpine, presente en el Festival de la Velocidad en Goodwood: \u00bfde qu\u00e9 se trata?\" loading=\"lazy\" width=\"290\" height=\"290\" decoding=\"async\" data-nimg=\"1\" src=\"http:\/\/cordobadirecto.com\/wp-content\/uploads\/2025\/07\/cuando-vuelve-a-correr-franco-colapinto-y-como-sigue-la-f1-3.jpg\"><\/picture>\n<p><span>Mir\u00e1 tambi\u00e9n<\/span><\/p>\n<hr>\n<h3>Alpine, presente en el Festival de la Velocidad en Goodwood: \u00bfde qu\u00e9 se trata?<\/h3>\n<\/p>\n<\/section>\n<\/div>\n<div class=\"sc-a7166897-0 eoLsBE\" readability=\"7\">\n<section readability=\"4\"><picture><img alt=\"Confirmado: el motivo por el cual no anduvo el Alpine de Franco Colapinto, sin responsabilidad del piloto \" loading=\"lazy\" width=\"290\" height=\"290\" decoding=\"async\" data-nimg=\"1\" src=\"http:\/\/cordobadirecto.com\/wp-content\/uploads\/2025\/07\/cuando-vuelve-a-correr-franco-colapinto-y-como-sigue-la-f1-4.jpg\"><\/picture>\n<p><span>Mir\u00e1 tambi\u00e9n<\/span><\/p>\n<hr>\n<h3>Confirmado: el motivo por el cual no anduvo el Alpine de Franco Colapinto, sin responsabilidad del piloto <\/h3>\n<\/p>\n<\/section>\n<\/div>\n<div class=\"sc-a7166897-0 eoLsBE\" readability=\"7\">\n<section readability=\"4\"><picture><img alt=\"Alpine, equipo de Franco Colapinto, homenaje\u00f3 a la Argentina en su d\u00eda patrio\" loading=\"lazy\" width=\"290\" height=\"290\" decoding=\"async\" data-nimg=\"1\" src=\"http:\/\/cordobadirecto.com\/wp-content\/uploads\/2025\/07\/cuando-vuelve-a-correr-franco-colapinto-y-como-sigue-la-f1-5.jpg\"><\/picture>\n<p><span>Mir\u00e1 tambi\u00e9n<\/span><\/p>\n<hr>\n<h3>Alpine, equipo de Franco Colapinto, homenaje\u00f3 a la Argentina en su d\u00eda patrio<\/h3>\n<\/p>\n<\/section>\n<\/div>\n<div class=\"sc-a7166897-0 eoLsBE\" readability=\"6\">\n<section readability=\"2\"><picture><img alt=\"De que cantante Franco Colapinto sue\u00f1a ir a un recital\" loading=\"lazy\" width=\"290\" height=\"290\" decoding=\"async\" data-nimg=\"1\" src=\"http:\/\/cordobadirecto.com\/wp-content\/uploads\/2025\/07\/cuando-vuelve-a-correr-franco-colapinto-y-como-sigue-la-f1-6.jpg\"><\/picture>\n<p><span>Mir\u00e1 tambi\u00e9n<\/span><\/p>\n<hr>\n<h3>De que cantante Franco Colapinto sue\u00f1a ir a un recital<\/h3>\n<\/p>\n<\/section>\n<\/div>\n<\/div>\n","protected":false},"excerpt":{"rendered":"<p>11\/07\/2025 17:43hs. Con el GP de Gran Breta\u00f1a, el \u00faltimo que se disput\u00f3 en la F1, pas\u00f3 la sexta carrera de Franco Colapinto en Alpine (ya corri\u00f3 la misma cantidad que Jack Doohan, su predecesor). A dos fechas de que comience el parate por el verano europeo, la pr\u00f3xima parada del calendario ser\u00e1 B\u00e9lgica. La [&hellip;]<\/p>\n","protected":false},"author":1,"featured_media":170262,"comment_status":"closed","ping_status":"closed","sticky":false,"template":"","format":"standard","meta":[],"categories":[21],"tags":[],"_links":{"self":[{"href":"http:\/\/cordobadirecto.com\/index.php\/wp-json\/wp\/v2\/posts\/170261"}],"collection":[{"href":"http:\/\/cordobadirecto.com\/index.php\/wp-json\/wp\/v2\/posts"}],"about":[{"href":"http:\/\/cordobadirecto.com\/index.php\/wp-json\/wp\/v2\/types\/post"}],"author":[{"embeddable":true,"href":"http:\/\/cordobadirecto.com\/index.php\/wp-json\/wp\/v2\/users\/1"}],"replies":[{"embeddable":true,"href":"http:\/\/cordobadirecto.com\/index.php\/wp-json\/wp\/v2\/comments?post=170261"}],"version-history":[{"count":0,"href":"http:\/\/cordobadirecto.com\/index.php\/wp-json\/wp\/v2\/posts\/170261\/revisions"}],"wp:featuredmedia":[{"embeddable":true,"href":"http:\/\/cordobadirecto.com\/index.php\/wp-json\/wp\/v2\/media\/170262"}],"wp:attachment":[{"href":"http:\/\/cordobadirecto.com\/index.php\/wp-json\/wp\/v2\/media?parent=170261"}],"wp:term":[{"taxonomy":"category","embeddable":true,"href":"http:\/\/cordobadirecto.com\/index.php\/wp-json\/wp\/v2\/categories?post=170261"},{"taxonomy":"post_tag","embeddable":true,"href":"http:\/\/cordobadirecto.com\/index.php\/wp-json\/wp\/v2\/tags?post=170261"}],"curies":[{"name":"wp","href":"https:\/\/api.w.org\/{rel}","templated":true}]}}