{"id":170263,"date":"2025-07-11T19:40:12","date_gmt":"2025-07-11T19:40:12","guid":{"rendered":"https:\/\/www.ole.com.ar\/autos\/valentin-perrone-primer-dia-gp-alemania-moto-3_0_ej4aFYm88r.html"},"modified":"2025-07-11T19:40:12","modified_gmt":"2025-07-11T19:40:12","slug":"como-le-fue-a-valentin-perrone-en-su-primer-dia-en-el-gp-de-alemania-de-moto3","status":"publish","type":"post","link":"http:\/\/cordobadirecto.com\/index.php\/2025\/07\/11\/como-le-fue-a-valentin-perrone-en-su-primer-dia-en-el-gp-de-alemania-de-moto3\/","title":{"rendered":"C\u00f3mo le fue a Valent\u00edn Perrone en su primer d\u00eda en el GP de Alemania de Moto3"},"content":{"rendered":"<p><time class=\"createDate\" datetime=\"2025-07-11T16:40:12-03:00\">11\/07\/2025 16:40hs.<\/time><\/p>\n<div id=\"storyBody\">\n<div class=\"custom-text \" readability=\"38\">\n<p><strong>Valent\u00edn Perrone, luego de haber logrado su primer podio de la temporada en Moto3<\/strong> al terminar tercero en el circuito de Assen, Pa\u00edses Bajos,<strong> gir\u00f3 este viernes en las pr\u00e1cticas del Gran Premio de Alemania, <\/strong>en el trazado de Sachsenring.<\/p>\n<\/div>\n<p><h2><strong>C\u00f3mo le fue a Perrone en las pr\u00e1cticas de este viernes en Alemania<\/strong><\/h2>\n<\/p>\n<div class=\"custom-text \" readability=\"38\">\n<p><strong>Perrone arranc\u00f3 con el pie izquierdo la actividad de este viernes en Moto3<\/strong>, en el GP de Alemania correspondiente a la 11\u00aa fecha de la temporada. <strong>El argentino,<\/strong> que ven\u00eda de firmar su mejor carrera con un tercer puesto en Assen,<strong> no logr\u00f3 asegurarse el pase directo a la Q2 para la clasificaci\u00f3n del s\u00e1bado.<\/strong><\/p>\n<\/div>\n<div class=\"sc-e7b891c4-0 ifHnQL image-embed\"><img alt=\"Valent\u00edn Perrone disput\u00f3 este viernes las pr\u00e1cticas del GP de Alemania de Moto3.\n@valentinperrone73 en IG.\" loading=\"lazy\" width=\"720\" height=\"100\" decoding=\"async\" data-nimg=\"1\" src=\"http:\/\/cordobadirecto.com\/wp-content\/uploads\/2025\/07\/como-le-fue-a-valentin-perrone-en-su-primer-dia-en-el-gp-de-alemania-de-moto3.jpg\"><span class=\"epigraphe\">Valent\u00edn Perrone disput\u00f3 este viernes las pr\u00e1cticas del GP de Alemania de Moto3.<br \/>\n@valentinperrone73 en IG.<\/span><\/div>\n<div class=\"custom-text \" readability=\"39\">\n<p><strong>El pibe de 17 a\u00f1os, a bordo de la KTM del Tech3, fue 20\u00b0 en la pr\u00e1ctica y cort\u00f3 as\u00ed una racha de tres Grandes Premios consecutivos en los que se hab\u00eda metido entre los mejores 14. <\/strong>La \u00faltima vez que debi\u00f3 pasar por la Q1 fue en Gran Breta\u00f1a, y all\u00ed logr\u00f3 avanzar a la fase definitiva, a la que acceden solo los primeros cuatro.<\/p>\n<\/div>\n<div class=\"custom-text \" readability=\"38\">\n<p><strong>El mejor registro de Perrone en la pr\u00e1ctica fue 1:23.315 y no logr\u00f3 mejorarlo en su \u00faltimo intento. <\/strong>Con ese tiempo qued\u00f3 a 1s485 del m\u00e1s r\u00e1pido de la tanda, el espa\u00f1ol David Mu\u00f1oz. La actividad del argentino en Alemania<strong> <\/strong>continuar\u00e1 este<strong> s\u00e1bado con el segundo entrenamiento libre y, m\u00e1s tarde, la clasificaci\u00f3n a las 7.50. El domingo la carrera a las 6. <\/strong>Todo ser\u00e1 transmitido<strong> por Disney + Premium y ESPN2.<\/strong><\/p>\n<\/div>\n<p><h2><strong>Qu\u00e9 dijo Perrone tras un complicado viernes en el GP de Alemania<\/strong><\/h2>\n<\/p>\n<div class=\"custom-text \" readability=\"36\">\n<p><strong>Tras bajarse de su KT<\/strong>M en un viernes complicado en el GP de Alemania, <strong>Perrone<\/strong> escribi\u00f3 lo siguiente en su posteo de Instagram: \u201c<strong>Primer d\u00eda en Alemania complicado. Circuito nuevo para m\u00ed y hoy no consegu\u00ed girar c\u00f3modo.<\/strong> Para ma\u00f1ana tendr\u00e9 que mejorar tanto yo como la moto si queremos estar delante. <strong>Sabemos nuestro potencial y no vamos a tirar la toalla (rendirnos)\u201d.<\/strong><\/p>\n<\/div>\n<div class=\"sc-e7b891c4-0 ifHnQL image-embed\"><img alt=\"All\u00e1 va Valent\u00edn Perrone durante las pr\u00e1cticas del GP de Alemania de Moto3.\n@valentinperrone73 en IG.\" loading=\"lazy\" width=\"720\" height=\"100\" decoding=\"async\" data-nimg=\"1\" src=\"http:\/\/cordobadirecto.com\/wp-content\/uploads\/2025\/07\/como-le-fue-a-valentin-perrone-en-su-primer-dia-en-el-gp-de-alemania-de-moto3-1.jpg\"><span class=\"epigraphe\">All\u00e1 va Valent\u00edn Perrone durante las pr\u00e1cticas del GP de Alemania de Moto3.<br \/>\n@valentinperrone73 en IG.<\/span><\/div>\n<div class=\"sc-a7166897-0 eoLsBE\" readability=\"6.5\">\n<section readability=\"3\"><picture><img alt=\"Informe: \u00bfqui\u00e9n anduvo mejor en Alpine, Franco Colapinto o Jack Doohan?\" loading=\"lazy\" width=\"290\" height=\"290\" decoding=\"async\" data-nimg=\"1\" src=\"http:\/\/cordobadirecto.com\/wp-content\/uploads\/2025\/07\/como-le-fue-a-valentin-perrone-en-su-primer-dia-en-el-gp-de-alemania-de-moto3-2.jpg\"><\/picture>\n<p><span>Mir\u00e1 tambi\u00e9n<\/span><\/p>\n<hr>\n<h3>Informe: \u00bfqui\u00e9n anduvo mejor en Alpine, Franco Colapinto o Jack Doohan?<\/h3>\n<\/p>\n<\/section>\n<\/div>\n<div class=\"sc-a7166897-0 eoLsBE\" readability=\"6.5\">\n<section readability=\"3\"><picture><img alt=\"Qui\u00e9n es Laurent Mekies, el reemplazante de Christian Horner en Red Bull\" loading=\"lazy\" width=\"290\" height=\"290\" decoding=\"async\" data-nimg=\"1\" src=\"http:\/\/cordobadirecto.com\/wp-content\/uploads\/2025\/07\/como-le-fue-a-valentin-perrone-en-su-primer-dia-en-el-gp-de-alemania-de-moto3-3.jpg\"><\/picture>\n<p><span>Mir\u00e1 tambi\u00e9n<\/span><\/p>\n<hr>\n<h3>Qui\u00e9n es Laurent Mekies, el reemplazante de Christian Horner en Red Bull<\/h3>\n<\/p>\n<\/section>\n<\/div>\n<div class=\"sc-a7166897-0 eoLsBE\" readability=\"6.5\">\n<section readability=\"3\"><picture><img alt=\"La F\u00f3rmula 1 le pregunt\u00f3 a Valtteri Bottas por su futuro: &quot;Se te vincul\u00f3 con Alpine...&quot;\" loading=\"lazy\" width=\"290\" height=\"290\" decoding=\"async\" data-nimg=\"1\" src=\"http:\/\/cordobadirecto.com\/wp-content\/uploads\/2025\/07\/como-le-fue-a-valentin-perrone-en-su-primer-dia-en-el-gp-de-alemania-de-moto3-4.jpg\"><\/picture>\n<p><span>Mir\u00e1 tambi\u00e9n<\/span><\/p>\n<hr>\n<h3>La F\u00f3rmula 1 le pregunt\u00f3 a Valtteri Bottas por su futuro: &#8220;Se te vincul\u00f3 con Alpine&#8230;&#8221;<\/h3>\n<\/p>\n<\/section>\n<\/div>\n<\/div>\n","protected":false},"excerpt":{"rendered":"<p>11\/07\/2025 16:40hs. Valent\u00edn Perrone, luego de haber logrado su primer podio de la temporada en Moto3 al terminar tercero en el circuito de Assen, Pa\u00edses Bajos, gir\u00f3 este viernes en las pr\u00e1cticas del Gran Premio de Alemania, en el trazado de Sachsenring. C\u00f3mo le fue a Perrone en las pr\u00e1cticas de este viernes en Alemania [&hellip;]<\/p>\n","protected":false},"author":1,"featured_media":170264,"comment_status":"closed","ping_status":"closed","sticky":false,"template":"","format":"standard","meta":[],"categories":[21],"tags":[],"_links":{"self":[{"href":"http:\/\/cordobadirecto.com\/index.php\/wp-json\/wp\/v2\/posts\/170263"}],"collection":[{"href":"http:\/\/cordobadirecto.com\/index.php\/wp-json\/wp\/v2\/posts"}],"about":[{"href":"http:\/\/cordobadirecto.com\/index.php\/wp-json\/wp\/v2\/types\/post"}],"author":[{"embeddable":true,"href":"http:\/\/cordobadirecto.com\/index.php\/wp-json\/wp\/v2\/users\/1"}],"replies":[{"embeddable":true,"href":"http:\/\/cordobadirecto.com\/index.php\/wp-json\/wp\/v2\/comments?post=170263"}],"version-history":[{"count":0,"href":"http:\/\/cordobadirecto.com\/index.php\/wp-json\/wp\/v2\/posts\/170263\/revisions"}],"wp:featuredmedia":[{"embeddable":true,"href":"http:\/\/cordobadirecto.com\/index.php\/wp-json\/wp\/v2\/media\/170264"}],"wp:attachment":[{"href":"http:\/\/cordobadirecto.com\/index.php\/wp-json\/wp\/v2\/media?parent=170263"}],"wp:term":[{"taxonomy":"category","embeddable":true,"href":"http:\/\/cordobadirecto.com\/index.php\/wp-json\/wp\/v2\/categories?post=170263"},{"taxonomy":"post_tag","embeddable":true,"href":"http:\/\/cordobadirecto.com\/index.php\/wp-json\/wp\/v2\/tags?post=170263"}],"curies":[{"name":"wp","href":"https:\/\/api.w.org\/{rel}","templated":true}]}}