{"id":170265,"date":"2025-07-12T01:00:34","date_gmt":"2025-07-12T01:00:34","guid":{"rendered":"https:\/\/www.ole.com.ar\/futbol-ascenso\/ascenso-primera-nacional-colon-sanciones-partidos-publico_0_cW4xQJzKah.html"},"modified":"2025-07-12T01:00:34","modified_gmt":"2025-07-12T01:00:34","slug":"la-dura-sancion-que-recibio-colon-tras-los-incidentes-con-mitre-sde","status":"publish","type":"post","link":"http:\/\/cordobadirecto.com\/index.php\/2025\/07\/12\/la-dura-sancion-que-recibio-colon-tras-los-incidentes-con-mitre-sde\/","title":{"rendered":"La dura sanci\u00f3n que recibi\u00f3 Col\u00f3n tras los incidentes con Mitre (SdE)"},"content":{"rendered":"<p><time class=\"createDate\" datetime=\"2025-07-11T19:29:30-03:00\">11\/07\/2025 19:29hs.<\/time><\/p>\n<div id=\"storyBody\">\n<div class=\"custom-text \" readability=\"37.17199017199\">\n<p><strong><a href=\"https:\/\/www.ole.com.ar\/tema\/colon.html\" title=\"Col\u00f3n\" alt=\"Col\u00f3n\" class=\"slug\">Col\u00f3n<\/a> est\u00e1 atravesando momentos dif\u00edciles.<\/strong> No solo a nivel futbol\u00edstico en la <a href=\"https:\/\/www.ole.com.ar\/tema\/primera-nacional.html\" title=\"Primera Nacional\" alt=\"Primera Nacional\" class=\"slug\">Primera Nacional<\/a>, sino que tambi\u00e9n se traslada a lo institucional, cayendo directamente a la dirigencia del club santafesino. Con los malos resultados, la renuncia de Moreno y Fabianesi, la destituci\u00f3n de Andr\u00e9s Yllana y el regreso del <a href=\"https:\/\/www.ole.com.ar\/tema\/pulga-rodriguez.html\" title=\"Pulga Rodr\u00edguez\" alt=\"Pulga Rodr\u00edguez\" class=\"slug\">Pulga Rodr\u00edguez<\/a>, el Sabalero es un vaiv\u00e9n de noticias, m\u00e1s negativas que positivas.<\/p>\n<\/div>\n<div class=\"custom-text \" readability=\"38\">\n<p>Pero en medio del revuelo, Fernando Peverengo, director de Seguridad de Eventos Masivos de Santa Fe, <strong>habl\u00f3 en conferencia de prensa y dio a conocer las duras sanciones que deber\u00e1 afrontar el Rojinegro<\/strong>, en consecuencia a los graves incidentes sucedidos aquella noche de lunes contra Mitre (SdE).<\/p>\n<\/div>\n<p><h2><strong>El Cementerio de los Elefantes, con p\u00fablico pero sin bombos<\/strong><\/h2>\n<\/p>\n<div class=\"custom-text \" readability=\"35.195928753181\">\n<p>El funcionario de la provincia de Santa Fe expres\u00f3 que la sanci\u00f3n fue dispuesta ante la falta de una resoluci\u00f3n inmediata por parte del <a href=\"https:\/\/www.ole.com.ar\/tema\/tribunal-de-disciplina-afa.html\" title=\"Tribunal de Disciplina AFA\" alt=\"Tribunal de Disciplina AFA\" class=\"slug\">Tribunal de Disciplina de AFA<\/a>. &#8220;No vamos a tolerar m\u00e1s violencia&#8221;, coment\u00f3 el director provincial. <strong>&#8220;Vamos a seguir esperando la decisi\u00f3n de AFA y no es nuestra intenci\u00f3n jugar sin p\u00fablico, pero no vamos a tolerar que pase lo del otro d\u00eda&#8221;<\/strong>, agreg\u00f3.<\/p>\n<\/div>\n<div class=\"sc-e7b891c4-0 ifHnQL image-embed\"><img alt=\"La crisis en Col\u00f3n no tiene fin: el d\u00eda despu\u00e9s del esc\u00e1ndalo (Foto: Brian Borra)\" loading=\"lazy\" width=\"720\" height=\"100\" decoding=\"async\" data-nimg=\"1\" src=\"http:\/\/cordobadirecto.com\/wp-content\/uploads\/2025\/07\/la-dura-sancion-que-recibio-colon-tras-los-incidentes-con-mitre-sde.jpg\"><span class=\"epigraphe\">La crisis en Col\u00f3n no tiene fin: el d\u00eda despu\u00e9s del esc\u00e1ndalo (Foto: Brian Borra)<\/span><\/div>\n<div class=\"custom-text \" readability=\"36\">\n<p>Yendo en detalle con los castigos, <strong>el Sabalero sufri\u00f3 la clausura total de la tribuna norte (alta y baja) por dos partidos y la prohibici\u00f3n de bombos y banderas en el sector norte bajo<\/strong> -donde se ubica la barra brava- por siete d\u00edas. Esto aplicar\u00e1 desde este domingo cuando recibir\u00e1 a Almirante Brown por la fecha 22 del Nacional.<\/p>\n<\/div>\n<p><h2><strong>La noche que estall\u00f3 la crisis<\/strong><\/h2>\n<\/p>\n<div class=\"custom-text \" readability=\"37\">\n<p>El lunes 30 de junio fue el d\u00eda donde las cosas se salieron de control y la violencia fue el foco principal. Pisando los 34 minutos del segundo tiempo,<strong> la gente explot\u00f3 y hubo incidentes en el que derivaron en el que el partido se suspendiera.<\/strong> Se rompieron rejas, volaron proyectiles y hasta hubo disparos de balas de goma en las afueras.<\/p>\n<\/div>\n<div class=\"sc-e7b891c4-0 ifHnQL image-embed\"><img alt=\"Un barra de Col\u00f3n con una baldoza gigante.\" loading=\"lazy\" width=\"720\" height=\"100\" decoding=\"async\" data-nimg=\"1\" src=\"http:\/\/cordobadirecto.com\/wp-content\/uploads\/2025\/07\/la-dura-sancion-que-recibio-colon-tras-los-incidentes-con-mitre-sde-1.jpg\"><span class=\"epigraphe\">Un barra de Col\u00f3n con una baldoza gigante.<\/span><\/div>\n<div class=\"sc-a7166897-0 eoLsBE\" readability=\"6\">\n<section readability=\"2\"><picture><img alt=\"La bienvenida del f\u00fatbol argentino para \u00c1ngel Di Mar\u00eda\" loading=\"lazy\" width=\"290\" height=\"290\" decoding=\"async\" data-nimg=\"1\" src=\"http:\/\/cordobadirecto.com\/wp-content\/uploads\/2025\/07\/la-dura-sancion-que-recibio-colon-tras-los-incidentes-con-mitre-sde-2.jpg\"><\/picture>\n<p><span>Mir\u00e1 tambi\u00e9n<\/span><\/p>\n<hr>\n<h3>La bienvenida del f\u00fatbol argentino para \u00c1ngel Di Mar\u00eda<\/h3>\n<\/p>\n<\/section>\n<\/div>\n<div class=\"sc-a7166897-0 eoLsBE\" readability=\"6\">\n<section readability=\"2\"><picture><img alt=\"Camioneros gan\u00f3 y sigue en la cima de la Primera C\" loading=\"lazy\" width=\"290\" height=\"290\" decoding=\"async\" data-nimg=\"1\" src=\"http:\/\/cordobadirecto.com\/wp-content\/uploads\/2025\/07\/la-dura-sancion-que-recibio-colon-tras-los-incidentes-con-mitre-sde-3.jpg\"><\/picture>\n<p><span>Mir\u00e1 tambi\u00e9n<\/span><\/p>\n<hr>\n<h3>Camioneros gan\u00f3 y sigue en la cima de la Primera C<\/h3>\n<\/p>\n<\/section>\n<\/div>\n<\/div>\n","protected":false},"excerpt":{"rendered":"<p>11\/07\/2025 19:29hs. Col\u00f3n est\u00e1 atravesando momentos dif\u00edciles. No solo a nivel futbol\u00edstico en la Primera Nacional, sino que tambi\u00e9n se traslada a lo institucional, cayendo directamente a la dirigencia del club santafesino. Con los malos resultados, la renuncia de Moreno y Fabianesi, la destituci\u00f3n de Andr\u00e9s Yllana y el regreso del Pulga Rodr\u00edguez, el Sabalero [&hellip;]<\/p>\n","protected":false},"author":1,"featured_media":170266,"comment_status":"closed","ping_status":"closed","sticky":false,"template":"","format":"standard","meta":[],"categories":[21],"tags":[],"_links":{"self":[{"href":"http:\/\/cordobadirecto.com\/index.php\/wp-json\/wp\/v2\/posts\/170265"}],"collection":[{"href":"http:\/\/cordobadirecto.com\/index.php\/wp-json\/wp\/v2\/posts"}],"about":[{"href":"http:\/\/cordobadirecto.com\/index.php\/wp-json\/wp\/v2\/types\/post"}],"author":[{"embeddable":true,"href":"http:\/\/cordobadirecto.com\/index.php\/wp-json\/wp\/v2\/users\/1"}],"replies":[{"embeddable":true,"href":"http:\/\/cordobadirecto.com\/index.php\/wp-json\/wp\/v2\/comments?post=170265"}],"version-history":[{"count":0,"href":"http:\/\/cordobadirecto.com\/index.php\/wp-json\/wp\/v2\/posts\/170265\/revisions"}],"wp:featuredmedia":[{"embeddable":true,"href":"http:\/\/cordobadirecto.com\/index.php\/wp-json\/wp\/v2\/media\/170266"}],"wp:attachment":[{"href":"http:\/\/cordobadirecto.com\/index.php\/wp-json\/wp\/v2\/media?parent=170265"}],"wp:term":[{"taxonomy":"category","embeddable":true,"href":"http:\/\/cordobadirecto.com\/index.php\/wp-json\/wp\/v2\/categories?post=170265"},{"taxonomy":"post_tag","embeddable":true,"href":"http:\/\/cordobadirecto.com\/index.php\/wp-json\/wp\/v2\/tags?post=170265"}],"curies":[{"name":"wp","href":"https:\/\/api.w.org\/{rel}","templated":true}]}}