{"id":170276,"date":"2025-07-12T18:17:07","date_gmt":"2025-07-12T18:17:07","guid":{"rendered":"http:\/\/cordobadirecto.com\/index.php\/2025\/07\/12\/la-brecha-entre-los-que-mas-y-menos-tienen-se-afianza-al-ritmo-del-modelo-economico\/"},"modified":"2025-07-12T18:17:07","modified_gmt":"2025-07-12T18:17:07","slug":"la-brecha-entre-los-que-mas-y-menos-tienen-se-afianza-al-ritmo-del-modelo-economico","status":"publish","type":"post","link":"http:\/\/cordobadirecto.com\/index.php\/2025\/07\/12\/la-brecha-entre-los-que-mas-y-menos-tienen-se-afianza-al-ritmo-del-modelo-economico\/","title":{"rendered":"La brecha entre los que m\u00e1s y menos tienen se afianza al ritmo del modelo econ\u00f3mico"},"content":{"rendered":"<p>La brecha entre los que m\u00e1s y menos tienen se afianza al ritmo del modelo econ\u00f3mico &#8230; Nuevos cortes programados de Epec para este s\u00e1bado en <b>C\u00f3rdoba<\/b>. <\/p>\n","protected":false},"excerpt":{"rendered":"<p>La brecha entre los que m\u00e1s y menos tienen se afianza al ritmo del modelo econ\u00f3mico &#8230; Nuevos cortes programados de Epec para este s\u00e1bado en C\u00f3rdoba.<\/p>\n","protected":false},"author":1,"featured_media":0,"comment_status":"closed","ping_status":"closed","sticky":false,"template":"","format":"standard","meta":[],"categories":[40],"tags":[],"_links":{"self":[{"href":"http:\/\/cordobadirecto.com\/index.php\/wp-json\/wp\/v2\/posts\/170276"}],"collection":[{"href":"http:\/\/cordobadirecto.com\/index.php\/wp-json\/wp\/v2\/posts"}],"about":[{"href":"http:\/\/cordobadirecto.com\/index.php\/wp-json\/wp\/v2\/types\/post"}],"author":[{"embeddable":true,"href":"http:\/\/cordobadirecto.com\/index.php\/wp-json\/wp\/v2\/users\/1"}],"replies":[{"embeddable":true,"href":"http:\/\/cordobadirecto.com\/index.php\/wp-json\/wp\/v2\/comments?post=170276"}],"version-history":[{"count":0,"href":"http:\/\/cordobadirecto.com\/index.php\/wp-json\/wp\/v2\/posts\/170276\/revisions"}],"wp:attachment":[{"href":"http:\/\/cordobadirecto.com\/index.php\/wp-json\/wp\/v2\/media?parent=170276"}],"wp:term":[{"taxonomy":"category","embeddable":true,"href":"http:\/\/cordobadirecto.com\/index.php\/wp-json\/wp\/v2\/categories?post=170276"},{"taxonomy":"post_tag","embeddable":true,"href":"http:\/\/cordobadirecto.com\/index.php\/wp-json\/wp\/v2\/tags?post=170276"}],"curies":[{"name":"wp","href":"https:\/\/api.w.org\/{rel}","templated":true}]}}