{"id":170323,"date":"2025-07-12T21:14:45","date_gmt":"2025-07-12T21:14:45","guid":{"rendered":"https:\/\/www.ole.com.ar\/autos\/agustin-canapino-pole-position-tc-concepcion-uruguay_0_ektzaRSXv1.html"},"modified":"2025-07-12T21:14:45","modified_gmt":"2025-07-12T21:14:45","slug":"agustin-canapino-hizo-la-pole-position-en-el-tc-en-concepcion-del-uruguay","status":"publish","type":"post","link":"http:\/\/cordobadirecto.com\/index.php\/2025\/07\/12\/agustin-canapino-hizo-la-pole-position-en-el-tc-en-concepcion-del-uruguay\/","title":{"rendered":"Agust\u00edn Canapino hizo la pole position en el TC en Concepci\u00f3n del Uruguay"},"content":{"rendered":"<p><time class=\"createDate\" datetime=\"2025-07-12T18:14:45-03:00\">12\/07\/2025 18:14hs.<\/time><\/p>\n<div id=\"storyBody\">\n<div class=\"custom-text \" readability=\"33.48\">\n<p><strong><a href=\"https:\/\/www.ole.com.ar\/tema\/agustin-canapino.html\" title=\"Agust\u00edn Canapino\" alt=\"Agust\u00edn Canapino\" class=\"slug\">Agust\u00edn Canapino<\/a> siempre est\u00e1<\/strong>. Este s\u00e1bado, en la octava fecha del <strong><a href=\"https:\/\/www.ole.com.ar\/tema\/turismo-carretera.html\" title=\"Turismo Carretera\" alt=\"Turismo Carretera\" class=\"slug\">TC en Concepci\u00f3n del Uruguay<\/a><\/strong>, qued\u00f3 demostrado una vez m\u00e1s: el piloto de Chevrolet domin\u00f3 el \u00faltimo entrenamiento y al ratito, en la clasificaci\u00f3n, volvi\u00f3 a establecer el tiempo m\u00e1s r\u00e1pido para quedarse con<strong> su 12\u00aa pole position en la categor\u00eda<\/strong>. <\/p>\n<\/div>\n<div class=\"custom-text \" readability=\"36.86496350365\">\n<p>En la sesi\u00f3n clasificatoria, el tetracampe\u00f3n firm\u00f3 un crono de 1m22s853 y <strong>le gan\u00f3 por una diferencia pr\u00e1cticamente inexistente al campe\u00f3n, <a href=\"https:\/\/www.ole.com.ar\/tema\/julian-santero.html\" title=\"Juli\u00e1n Santero\" alt=\"Juli\u00e1n Santero\" class=\"slug\">Juli\u00e1n Santero<\/a><\/strong>, quien fue tan solo 0s085 m\u00e1s lento. En el tercer lugar, 0s250 por detr\u00e1s, qued\u00f3 Santiago Mangoni (Chevrolet). <\/p>\n<\/div>\n<div class=\"sc-e7b891c4-0 ifHnQL image-embed\"><img alt=\"Agust\u00edn Canapino fue el m\u00e1s veloz del s\u00e1bado. (Prensa ACTC)\" loading=\"lazy\" width=\"720\" height=\"100\" decoding=\"async\" data-nimg=\"1\" src=\"http:\/\/cordobadirecto.com\/wp-content\/uploads\/2025\/07\/agustin-canapino-hizo-la-pole-position-en-el-tc-en-concepcion-del-uruguay.jpg\"><span class=\"epigraphe\">Agust\u00edn Canapino fue el m\u00e1s veloz del s\u00e1bado. (Prensa ACTC)<\/span><\/div>\n<div class=\"custom-text \" readability=\"41\">\n<p>De este modo, los tres m\u00e1s veloces copar\u00e1n los cajones de preferencia de las series. En la primera bater\u00eda, quienes liderar\u00e1n la fila india ser\u00e1n <strong>Canapino y Marcelo Agrelo<\/strong> (Toyota); en la segunda, <strong>Santero y Mariano Werner <\/strong>(Ford), que el a\u00f1o pasado fueron rivales por la copa, y en la definitiva, Mangoni y Germ\u00e1n Todino (Ford).<\/p>\n<\/div>\n<div class=\"custom-text \" readability=\"39\">\n<p>&#8220;Disfrut\u00e9 mucho la vuelta, porque los TC van muy r\u00e1pido en este circuito.<strong> Me sali\u00f3 una vuelta al l\u00edmite de lo que ten\u00eda, incluso con un peque\u00f1o desliz.<\/strong> Este set de neum\u00e1ticos no nos sent\u00f3 igual que el de los entrenamientos y por eso fuimos una d\u00e9cima peores. No tuvimos el mismo balance que en la pr\u00e1ctica, donde me sali\u00f3 una vuelta pr\u00e1cticamente perfecta&#8221;, le coment\u00f3 el arrecife\u00f1o a Campeones.<\/p>\n<\/div>\n<div class=\"sc-e7b891c4-0 ifHnQL image-embed\"><img alt=\"Agust\u00edn Canapino hizo su 12\u00aa pole en el TC. (Prensa ACTC)\" loading=\"lazy\" width=\"720\" height=\"100\" decoding=\"async\" data-nimg=\"1\" src=\"http:\/\/cordobadirecto.com\/wp-content\/uploads\/2025\/07\/agustin-canapino-hizo-la-pole-position-en-el-tc-en-concepcion-del-uruguay-1.jpg\"><span class=\"epigraphe\">Agust\u00edn Canapino hizo su 12\u00aa pole en el TC. (Prensa ACTC)<\/span><\/div>\n<p><h2>TC en Concepci\u00f3n del Uruguay: hora y d\u00f3nde ver las carreras<\/h2>\n<\/p>\n<div class=\"custom-text \" readability=\"39\">\n<p>Este domingo se disputar\u00e1n las tres series, con comienzo a las 10.05, 10.30 y 10.55, respectivamente, y<strong> la final, que se largar\u00e1 a las 13.55<\/strong>. Toda la actividad ser\u00e1 transmitida por <strong>TV P\u00fablica<\/strong> y <strong>Motorplay<\/strong>.<\/p>\n<\/div>\n<div class=\"sc-a7166897-0 eoLsBE\" readability=\"7\">\n<section readability=\"4\"><picture><img alt=\"Valent\u00edn Perrone tuvo un s\u00e1bado positivo en Alemania: c\u00f3mo largar\u00e1, hora y d\u00f3nde ver la carrera de Moto3\" loading=\"lazy\" width=\"290\" height=\"290\" decoding=\"async\" data-nimg=\"1\" src=\"http:\/\/cordobadirecto.com\/wp-content\/uploads\/2025\/07\/agustin-canapino-hizo-la-pole-position-en-el-tc-en-concepcion-del-uruguay-2.jpg\"><\/picture>\n<p><span>Mir\u00e1 tambi\u00e9n<\/span><\/p>\n<hr>\n<h3>Valent\u00edn Perrone tuvo un s\u00e1bado positivo en Alemania: c\u00f3mo largar\u00e1, hora y d\u00f3nde ver la carrera de Moto3<\/h3>\n<\/p>\n<\/section>\n<\/div>\n<div class=\"sc-a7166897-0 eoLsBE\" readability=\"6\">\n<section readability=\"2\"><picture><img alt=\"Cu\u00e1ndo vuelve a correr Franco Colapinto y c\u00f3mo sigue la F1\" loading=\"lazy\" width=\"290\" height=\"290\" decoding=\"async\" data-nimg=\"1\" src=\"http:\/\/cordobadirecto.com\/wp-content\/uploads\/2025\/07\/agustin-canapino-hizo-la-pole-position-en-el-tc-en-concepcion-del-uruguay-3.jpg\"><\/picture>\n<p><span>Mir\u00e1 tambi\u00e9n<\/span><\/p>\n<hr>\n<h3>Cu\u00e1ndo vuelve a correr Franco Colapinto y c\u00f3mo sigue la F1<\/h3>\n<\/p>\n<\/section>\n<\/div>\n<div class=\"sc-a7166897-0 eoLsBE\" readability=\"6.5\">\n<section readability=\"3\"><picture><img alt=\"Alpine, presente en el Festival de la Velocidad en Goodwood: \u00bfde qu\u00e9 se trata?\" loading=\"lazy\" width=\"290\" height=\"290\" decoding=\"async\" data-nimg=\"1\" src=\"http:\/\/cordobadirecto.com\/wp-content\/uploads\/2025\/07\/agustin-canapino-hizo-la-pole-position-en-el-tc-en-concepcion-del-uruguay-4.jpg\"><\/picture>\n<p><span>Mir\u00e1 tambi\u00e9n<\/span><\/p>\n<hr>\n<h3>Alpine, presente en el Festival de la Velocidad en Goodwood: \u00bfde qu\u00e9 se trata?<\/h3>\n<\/p>\n<\/section>\n<\/div>\n<div class=\"sc-a7166897-0 eoLsBE\" readability=\"6\">\n<section readability=\"2\"><picture><img alt=\"Los incre\u00edbles n\u00fameros de Red Bull con Christian Horner como director de equipo\" loading=\"lazy\" width=\"290\" height=\"290\" decoding=\"async\" data-nimg=\"1\" src=\"http:\/\/cordobadirecto.com\/wp-content\/uploads\/2025\/07\/agustin-canapino-hizo-la-pole-position-en-el-tc-en-concepcion-del-uruguay-5.jpg\"><\/picture>\n<p><span>Mir\u00e1 tambi\u00e9n<\/span><\/p>\n<hr>\n<h3>Los incre\u00edbles n\u00fameros de Red Bull con Christian Horner como director de equipo<\/h3>\n<\/p>\n<\/section>\n<\/div>\n<\/div>\n","protected":false},"excerpt":{"rendered":"<p>12\/07\/2025 18:14hs. Agust\u00edn Canapino siempre est\u00e1. Este s\u00e1bado, en la octava fecha del TC en Concepci\u00f3n del Uruguay, qued\u00f3 demostrado una vez m\u00e1s: el piloto de Chevrolet domin\u00f3 el \u00faltimo entrenamiento y al ratito, en la clasificaci\u00f3n, volvi\u00f3 a establecer el tiempo m\u00e1s r\u00e1pido para quedarse con su 12\u00aa pole position en la categor\u00eda. En [&hellip;]<\/p>\n","protected":false},"author":1,"featured_media":170324,"comment_status":"closed","ping_status":"closed","sticky":false,"template":"","format":"standard","meta":[],"categories":[21],"tags":[],"_links":{"self":[{"href":"http:\/\/cordobadirecto.com\/index.php\/wp-json\/wp\/v2\/posts\/170323"}],"collection":[{"href":"http:\/\/cordobadirecto.com\/index.php\/wp-json\/wp\/v2\/posts"}],"about":[{"href":"http:\/\/cordobadirecto.com\/index.php\/wp-json\/wp\/v2\/types\/post"}],"author":[{"embeddable":true,"href":"http:\/\/cordobadirecto.com\/index.php\/wp-json\/wp\/v2\/users\/1"}],"replies":[{"embeddable":true,"href":"http:\/\/cordobadirecto.com\/index.php\/wp-json\/wp\/v2\/comments?post=170323"}],"version-history":[{"count":0,"href":"http:\/\/cordobadirecto.com\/index.php\/wp-json\/wp\/v2\/posts\/170323\/revisions"}],"wp:featuredmedia":[{"embeddable":true,"href":"http:\/\/cordobadirecto.com\/index.php\/wp-json\/wp\/v2\/media\/170324"}],"wp:attachment":[{"href":"http:\/\/cordobadirecto.com\/index.php\/wp-json\/wp\/v2\/media?parent=170323"}],"wp:term":[{"taxonomy":"category","embeddable":true,"href":"http:\/\/cordobadirecto.com\/index.php\/wp-json\/wp\/v2\/categories?post=170323"},{"taxonomy":"post_tag","embeddable":true,"href":"http:\/\/cordobadirecto.com\/index.php\/wp-json\/wp\/v2\/tags?post=170323"}],"curies":[{"name":"wp","href":"https:\/\/api.w.org\/{rel}","templated":true}]}}