{"id":170325,"date":"2025-07-12T15:52:46","date_gmt":"2025-07-12T15:52:46","guid":{"rendered":"https:\/\/www.ole.com.ar\/autos\/valentin-perrone-sabado-alemania-largara-hora-ver-carrera-moto3_0_cc4NpnHE0m.html"},"modified":"2025-07-12T15:52:46","modified_gmt":"2025-07-12T15:52:46","slug":"valentin-perrone-tuvo-un-sabado-positivo-en-alemania-como-largara-hora-y-donde-ver-la-carrera-de-moto3","status":"publish","type":"post","link":"http:\/\/cordobadirecto.com\/index.php\/2025\/07\/12\/valentin-perrone-tuvo-un-sabado-positivo-en-alemania-como-largara-hora-y-donde-ver-la-carrera-de-moto3\/","title":{"rendered":"Valent\u00edn Perrone tuvo un s\u00e1bado positivo en Alemania: c\u00f3mo largar\u00e1, hora y d\u00f3nde ver la carrera de Moto3"},"content":{"rendered":"<p><time class=\"createDate\" datetime=\"2025-07-12T12:52:46-03:00\">12\/07\/2025 12:52hs.<\/time><\/p>\n<div id=\"storyBody\">\n<div class=\"custom-text \" readability=\"34.549653579677\">\n<p><strong><a href=\"https:\/\/www.ole.com.ar\/tema\/valentin-perrone.html\" title=\"valentin perrone\" alt=\"valentin perrone\" class=\"slug\">Valent\u00edn Perrone<\/a> <\/strong>pas\u00f3 de la alegr\u00eda m\u00e1xima, <a href=\"https:\/\/www.ole.com.ar\/autos\/valentin-perrone-ole-moto3-podio-assen-champagne-ganar-carrera_0_PkLHYPIslK.html\" target=\"_self\" title=\"como lo fue el tercer puesto en Assen\" alt=\"como lo fue el tercer puesto en Assen\" rel=\"noopener\">como lo fue el tercer puesto en Assen<\/a> (fue su primer podio en <a href=\"https:\/\/www.ole.com.ar\/tema\/moto3.html\" title=\"Moto3\" alt=\"Moto3\" class=\"slug\">Moto3<\/a>), al baj\u00f3n, ya que no tuvo un buen inicio en el <strong>GP de Alemania<\/strong> y dijo no haberlo pasado bien. El s\u00e1bado era el d\u00eda para recuperarse, obligado a pelear desde la Q1, y lo logr\u00f3: <strong>cerr\u00f3 un d\u00eda positivo y largar\u00e1 desde el medio del pelot\u00f3n<\/strong>. Conoc\u00e9 a qu\u00e9 hora y d\u00f3nde se va a poder ver la carrera en Sachsenring.<\/p>\n<\/div>\n<div class=\"custom-text \" readability=\"43\">\n<p>Por el 20\u00b0 puesto obtenido en la pr\u00e1ctica, <strong>el Coyote fue forzado a participar de la Q1<\/strong>, algo que pr\u00e1cticamente se le hab\u00eda olvidado (sol\u00eda ir a la Q2 directamente y batallar por la pole position). En esa instancia, bajo una lluvia incesante, encontr\u00f3 el ritmo que le estaba faltando y logr\u00f3 avanzar a la fase siguiente: termin\u00f3 2\u00b0 entre 11 pilotos, con un tiempo de 1m35s675. <strong>Luego, en la Q2,<\/strong> <strong>finaliz\u00f3 15\u00b0, caj\u00f3n desde el que partir\u00e1 el domingo.<\/strong><\/p>\n<\/div>\n<div class=\"sc-e7b891c4-0 ifHnQL image-embed\"><img alt=\"Valent\u00edn Perrone acelerando bajo el agua en Sachsenring. (Prensa Tech3)\" loading=\"lazy\" width=\"720\" height=\"100\" decoding=\"async\" data-nimg=\"1\" src=\"http:\/\/cordobadirecto.com\/wp-content\/uploads\/2025\/07\/valentin-perrone-tuvo-un-sabado-positivo-en-alemania-como-largara-hora-y-donde-ver-la-carrera-de-moto3.jpg\"><span class=\"epigraphe\">Valent\u00edn Perrone acelerando bajo el agua en Sachsenring. (Prensa Tech3)<\/span><\/div>\n<div class=\"custom-text \" readability=\"40\">\n<p>&#8220;Hemos mejorado las sensaciones. <strong>Ha sido la primera vez que me divert\u00ed en este circuito. <\/strong>En la Q1 me sent\u00ed muy c\u00f3modo, me estaba divirtiendo y pude pasar a Q2. Ah\u00ed me sent\u00ed bien tambi\u00e9n, <strong>pero iba deslizando por todos lados&#8230;<\/strong> Fui al l\u00edmite y casi me ca\u00ed en las \u00faltimas curvas. Ma\u00f1ana saldremos 15\u00b0, a ver c\u00f3mo me encuentro en seco. <strong>Espero sentirme c\u00f3modo y gestionar la carrera lo mejor posible<\/strong>, ser\u00e1 importante cuidar el desgaste de los neum\u00e1ticos&#8221;, le coment\u00f3 el pibe a <strong>Ol\u00e9<\/strong>.<\/p>\n<\/div>\n<p><h2>Valent\u00edn Perrone en el GP de Alemania: hora y d\u00f3nde ver<\/h2>\n<\/p>\n<div class=\"custom-text \" readability=\"35\">\n<p>Este domingo, la carrera de Moto3 comenzar\u00e1 a las <strong>6.00<\/strong> (horario argentino) y durar\u00e1 23 vuelta, en tanto que la transmisi\u00f3n correr\u00e1 a cuenta de <strong>ESPN 2<\/strong> y <strong>Disney+ Premium<\/strong>.<\/p>\n<\/div>\n<div class=\"sc-e7b891c4-0 ifHnQL image-embed\"><img alt=\"Valent\u00edn Perrone partir\u00e1 15\u00b0 en Alemania. (Prensa Tech3)\" loading=\"lazy\" width=\"720\" height=\"100\" decoding=\"async\" data-nimg=\"1\" src=\"http:\/\/cordobadirecto.com\/wp-content\/uploads\/2025\/07\/valentin-perrone-tuvo-un-sabado-positivo-en-alemania-como-largara-hora-y-donde-ver-la-carrera-de-moto3-1.jpg\"><span class=\"epigraphe\">Valent\u00edn Perrone partir\u00e1 15\u00b0 en Alemania. (Prensa Tech3)<\/span><\/div>\n<div class=\"sc-a7166897-0 eoLsBE\" readability=\"6\">\n<section readability=\"2\"><picture><img alt=\"Cu\u00e1ndo vuelve a correr Franco Colapinto y c\u00f3mo sigue la F1\" loading=\"lazy\" width=\"290\" height=\"290\" decoding=\"async\" data-nimg=\"1\" src=\"http:\/\/cordobadirecto.com\/wp-content\/uploads\/2025\/07\/valentin-perrone-tuvo-un-sabado-positivo-en-alemania-como-largara-hora-y-donde-ver-la-carrera-de-moto3-2.jpg\"><\/picture>\n<p><span>Mir\u00e1 tambi\u00e9n<\/span><\/p>\n<hr>\n<h3>Cu\u00e1ndo vuelve a correr Franco Colapinto y c\u00f3mo sigue la F1<\/h3>\n<\/p>\n<\/section>\n<\/div>\n<div class=\"sc-a7166897-0 eoLsBE\" readability=\"6.5\">\n<section readability=\"3\"><picture><img alt=\"Alpine, presente en el Festival de la Velocidad en Goodwood: \u00bfde qu\u00e9 se trata?\" loading=\"lazy\" width=\"290\" height=\"290\" decoding=\"async\" data-nimg=\"1\" src=\"http:\/\/cordobadirecto.com\/wp-content\/uploads\/2025\/07\/valentin-perrone-tuvo-un-sabado-positivo-en-alemania-como-largara-hora-y-donde-ver-la-carrera-de-moto3-3.jpg\"><\/picture>\n<p><span>Mir\u00e1 tambi\u00e9n<\/span><\/p>\n<hr>\n<h3>Alpine, presente en el Festival de la Velocidad en Goodwood: \u00bfde qu\u00e9 se trata?<\/h3>\n<\/p>\n<\/section>\n<\/div>\n<div class=\"sc-a7166897-0 eoLsBE\" readability=\"6\">\n<section readability=\"2\"><picture><img alt=\"Los incre\u00edbles n\u00fameros de Red Bull con Christian Horner como director de equipo\" loading=\"lazy\" width=\"290\" height=\"290\" decoding=\"async\" data-nimg=\"1\" src=\"http:\/\/cordobadirecto.com\/wp-content\/uploads\/2025\/07\/valentin-perrone-tuvo-un-sabado-positivo-en-alemania-como-largara-hora-y-donde-ver-la-carrera-de-moto3-4.jpg\"><\/picture>\n<p><span>Mir\u00e1 tambi\u00e9n<\/span><\/p>\n<hr>\n<h3>Los incre\u00edbles n\u00fameros de Red Bull con Christian Horner como director de equipo<\/h3>\n<\/p>\n<\/section>\n<\/div>\n<\/div>\n","protected":false},"excerpt":{"rendered":"<p>12\/07\/2025 12:52hs. Valent\u00edn Perrone pas\u00f3 de la alegr\u00eda m\u00e1xima, como lo fue el tercer puesto en Assen (fue su primer podio en Moto3), al baj\u00f3n, ya que no tuvo un buen inicio en el GP de Alemania y dijo no haberlo pasado bien. El s\u00e1bado era el d\u00eda para recuperarse, obligado a pelear desde la [&hellip;]<\/p>\n","protected":false},"author":1,"featured_media":170326,"comment_status":"closed","ping_status":"closed","sticky":false,"template":"","format":"standard","meta":[],"categories":[21],"tags":[],"_links":{"self":[{"href":"http:\/\/cordobadirecto.com\/index.php\/wp-json\/wp\/v2\/posts\/170325"}],"collection":[{"href":"http:\/\/cordobadirecto.com\/index.php\/wp-json\/wp\/v2\/posts"}],"about":[{"href":"http:\/\/cordobadirecto.com\/index.php\/wp-json\/wp\/v2\/types\/post"}],"author":[{"embeddable":true,"href":"http:\/\/cordobadirecto.com\/index.php\/wp-json\/wp\/v2\/users\/1"}],"replies":[{"embeddable":true,"href":"http:\/\/cordobadirecto.com\/index.php\/wp-json\/wp\/v2\/comments?post=170325"}],"version-history":[{"count":0,"href":"http:\/\/cordobadirecto.com\/index.php\/wp-json\/wp\/v2\/posts\/170325\/revisions"}],"wp:featuredmedia":[{"embeddable":true,"href":"http:\/\/cordobadirecto.com\/index.php\/wp-json\/wp\/v2\/media\/170326"}],"wp:attachment":[{"href":"http:\/\/cordobadirecto.com\/index.php\/wp-json\/wp\/v2\/media?parent=170325"}],"wp:term":[{"taxonomy":"category","embeddable":true,"href":"http:\/\/cordobadirecto.com\/index.php\/wp-json\/wp\/v2\/categories?post=170325"},{"taxonomy":"post_tag","embeddable":true,"href":"http:\/\/cordobadirecto.com\/index.php\/wp-json\/wp\/v2\/tags?post=170325"}],"curies":[{"name":"wp","href":"https:\/\/api.w.org\/{rel}","templated":true}]}}