{"id":170340,"date":"2025-07-13T16:42:52","date_gmt":"2025-07-13T16:42:52","guid":{"rendered":"https:\/\/puntoapunto.com.ar\/?p=374860"},"modified":"2025-07-13T16:42:52","modified_gmt":"2025-07-13T16:42:52","slug":"dossier-expansion-en-territorio-y-en-calidad-los-ejes-centrales-para-nobis","status":"publish","type":"post","link":"http:\/\/cordobadirecto.com\/index.php\/2025\/07\/13\/dossier-expansion-en-territorio-y-en-calidad-los-ejes-centrales-para-nobis\/","title":{"rendered":"#Dossier Expansi\u00f3n \u00aben territorio y en calidad\u00bb, los ejes centrales para Nobis"},"content":{"rendered":"<p>&nbsp;<!-- \u00a1O bien no hay banners, estan desactivados o no estan programados para esta ubicaci\u00f3n! -->\n<\/p>\n<p>&nbsp;\n<\/p>\n<p>Luego del desembarco en Cuyo con tres aperturas en Mendoza y una en San Juan, en este 2025 el plan de expansi\u00f3n de Nobis comenz\u00f3 con una nueva sucursal en San Luis y dos en La Pampa (Santa Rosa y General Pico).\n<\/p>\n<p>La apertura m\u00e1s destacada de este 2025 fue la de Nobis Center Salta, el primer centro m\u00e9dico propio fuera de la provincia de C\u00f3rdoba, una inversi\u00f3n pensada para mejorar el servicio y la experiencia del afiliado. Cuenta con 3 sillones de odontolog\u00eda y adem\u00e1s consultorios interdisciplinarios en los que se atienden las principales especialidades m\u00e9dicas.\n<\/p>\n<p>En paralelo, para optimizar la experiencia de sus afiliados, siguen renovando permanentemente la nueva Plataforma de Autogesti\u00f3n Online. Cada actualizaci\u00f3n del sitio trae consigo m\u00e1s posibilidades para realizar tr\u00e1mites directamente desde la web, de manera intuitiva y \u00e1gil. Para apalancar esta herramienta, se instalaron 14 estaciones de Autogesti\u00f3n que permitir\u00e1n ofrecer la experiencia en sucursales para que el afiliado adquiera el modus operandi y aprenda a gestionarse de manera aut\u00f3noma.<!-- \u00a1O bien no hay banners, estan desactivados o no estan programados para esta ubicaci\u00f3n! -->\n<\/p>\n<p><iframe id=\"_ytid_53746\" width=\"480\" height=\"270\" data-origwidth=\"480\" data-origheight=\"270\" src=\"https:\/\/www.youtube.com\/embed\/Brjsk2oVrHg?enablejsapi=1&amp;list=PL3HXCXhyRdxTmB7UK0DDHQIkHuhb5AnqU&amp;index=5&amp;autoplay=0&amp;cc_load_policy=0&amp;cc_lang_pref=&amp;iv_load_policy=1&amp;loop=0&amp;rel=0&amp;fs=1&amp;playsinline=0&amp;autohide=2&amp;theme=dark&amp;color=red&amp;controls=1&amp;\" class=\"__youtube_prefs__ epyt-is-override no-lazyload\" title=\"YouTube player\" allow=\"fullscreen; accelerometer; autoplay; clipboard-write; encrypted-media; gyroscope; picture-in-picture\" allowfullscreen data-no-lazy=\"1\" data-skipgform_ajax_framebjll>[embedded content]<\/iframe><\/p>\n<p>&nbsp;\n<\/p>\n<p><strong>PLANES Y PROYECTOS<br \/><\/strong>Su principal plan es siempre crecer: expandirse en territorio y en calidad. Con este objetivo tienen en carpeta la inminente llegada a Rosario, y aperturas en Neuqu\u00e9n, Entre R\u00edos, Chaco y Corrientes para lo que resta del a\u00f1o.\n<\/p>\n<p>En cuanto a los centros propios, tras haber inaugurado Nobis Center Salta ya est\u00e1n trabajando en la apertura de Nobis Center Catamarca y Nobis Center Santiago del Estero. Adem\u00e1s, la sede Zona Norte se traslad\u00f3 para ofrecer un mejor servicio en una ubicaci\u00f3n m\u00e1s accesible, y la sede Buen Pastor ser\u00e1 reubicada con el mismo objetivo, convirti\u00e9ndose en \u201cNobis Center Centro\u201d, que contar\u00e1 con el doble de espacio para abrir m\u00e1s consultorios y espacios de atenci\u00f3n.\n<\/p>\n<p>Este trabajo permanente por estar cada vez m\u00e1s cerca del afiliado conlleva una inversi\u00f3n que supera el mill\u00f3n de d\u00f3lares entre relocalizaciones y aperturas. Por otro lado, siguen trabajando en la integraci\u00f3n de la inteligencia artificial en procesos de atenci\u00f3n y comunicaci\u00f3n con el afiliado, para optimizar su experiencia y responder a sus demandas en el menor tiempo posible sin afectar la calidad del servicio.\n<\/p>\n<p><img loading=\"lazy\" decoding=\"async\" class=\"aligncenter wp-image-374862 size-large\" src=\"http:\/\/cordobadirecto.com\/wp-content\/uploads\/2025\/07\/dossier-expansion-en-territorio-y-en-calidad-los-ejes-centrales-para-nobis.jpg\" alt width=\"1024\" height=\"576\" srcset=\"http:\/\/cordobadirecto.com\/wp-content\/uploads\/2025\/07\/dossier-expansion-en-territorio-y-en-calidad-los-ejes-centrales-para-nobis.jpg 1024w, http:\/\/cordobadirecto.com\/wp-content\/uploads\/2025\/07\/dossier-expansion-en-territorio-y-en-calidad-los-ejes-centrales-para-nobis-1.jpg 300w, http:\/\/cordobadirecto.com\/wp-content\/uploads\/2025\/07\/dossier-expansion-en-territorio-y-en-calidad-los-ejes-centrales-para-nobis-2.jpg 768w, http:\/\/cordobadirecto.com\/wp-content\/uploads\/2025\/07\/dossier-expansion-en-territorio-y-en-calidad-los-ejes-centrales-para-nobis-3.jpg 1536w, http:\/\/cordobadirecto.com\/wp-content\/uploads\/2025\/07\/dossier-expansion-en-territorio-y-en-calidad-los-ejes-centrales-para-nobis-4.jpg 750w, http:\/\/cordobadirecto.com\/wp-content\/uploads\/2025\/07\/dossier-expansion-en-territorio-y-en-calidad-los-ejes-centrales-para-nobis-5.jpg 1140w, http:\/\/cordobadirecto.com\/wp-content\/uploads\/2025\/07\/dossier-expansion-en-territorio-y-en-calidad-los-ejes-centrales-para-nobis-6.jpg 1920w\" sizes=\"auto, (max-width: 1024px) 100vw, 1024px\">\n<\/p>\n<p><strong>DIRECTIVOS <\/strong>\n<\/p>\n<p>Gast\u00f3n Ceballos \u2013 Gerente General\n<\/p>\n<p>Liliana Mart\u00ednez \u2013 Gerente Contable\n<\/p>\n<p>Santiago C\u00e1ceres \u2013 Gerente de Ventas\n<\/p>\n<p>Leonardo Ceballos \u2013 Gerente de Servicios al Cliente Interno\n<\/p>\n<p>Gonzalo Ceballos \u2013 Gerente de Operaciones\n<\/p>\n<p><strong>&nbsp;<\/strong>\n<\/p>\n<div class=\"g g-38\">\n<div class=\"g-dyn a-12 c-1\"><a class=\"gofollow\" data-track=\"MTIsMzgsMSw2MA==\" href=\"https:\/\/www.farmaciashpfarma.com.ar\/blog\/institucional\/beneficios-corporativos-en-campana-antigripal.html\" target=\"_blank\" rel=\"noopener\"><img src=\"http:\/\/cordobadirecto.com\/wp-content\/uploads\/2025\/07\/dossier-expansion-en-territorio-y-en-calidad-los-ejes-centrales-para-nobis.gif\" loading=\"lazy\"><\/a><\/div>\n<\/div>\n","protected":false},"excerpt":{"rendered":"<p>&nbsp; &nbsp; Luego del desembarco en Cuyo con tres aperturas en Mendoza y una en San Juan, en este 2025 el plan de expansi\u00f3n de Nobis comenz\u00f3 con una nueva sucursal en San Luis y dos en La Pampa (Santa Rosa y General Pico). La apertura m\u00e1s destacada de este 2025 fue la de Nobis [&hellip;]<\/p>\n","protected":false},"author":1,"featured_media":170341,"comment_status":"closed","ping_status":"closed","sticky":false,"template":"","format":"standard","meta":[],"categories":[25],"tags":[],"_links":{"self":[{"href":"http:\/\/cordobadirecto.com\/index.php\/wp-json\/wp\/v2\/posts\/170340"}],"collection":[{"href":"http:\/\/cordobadirecto.com\/index.php\/wp-json\/wp\/v2\/posts"}],"about":[{"href":"http:\/\/cordobadirecto.com\/index.php\/wp-json\/wp\/v2\/types\/post"}],"author":[{"embeddable":true,"href":"http:\/\/cordobadirecto.com\/index.php\/wp-json\/wp\/v2\/users\/1"}],"replies":[{"embeddable":true,"href":"http:\/\/cordobadirecto.com\/index.php\/wp-json\/wp\/v2\/comments?post=170340"}],"version-history":[{"count":0,"href":"http:\/\/cordobadirecto.com\/index.php\/wp-json\/wp\/v2\/posts\/170340\/revisions"}],"wp:featuredmedia":[{"embeddable":true,"href":"http:\/\/cordobadirecto.com\/index.php\/wp-json\/wp\/v2\/media\/170341"}],"wp:attachment":[{"href":"http:\/\/cordobadirecto.com\/index.php\/wp-json\/wp\/v2\/media?parent=170340"}],"wp:term":[{"taxonomy":"category","embeddable":true,"href":"http:\/\/cordobadirecto.com\/index.php\/wp-json\/wp\/v2\/categories?post=170340"},{"taxonomy":"post_tag","embeddable":true,"href":"http:\/\/cordobadirecto.com\/index.php\/wp-json\/wp\/v2\/tags?post=170340"}],"curies":[{"name":"wp","href":"https:\/\/api.w.org\/{rel}","templated":true}]}}