{"id":170405,"date":"2025-07-13T18:26:43","date_gmt":"2025-07-13T18:26:43","guid":{"rendered":"https:\/\/www.ole.com.ar\/autos\/agustin-canapino-domino-final-tc-concepcion-uruguay-octava-fecha-temporada_0_9F758I85Tt.html"},"modified":"2025-07-13T18:26:43","modified_gmt":"2025-07-13T18:26:43","slug":"con-autoridad-agustin-canapino-se-quedo-con-la-final-del-tc-en-concepcion-del-uruguay","status":"publish","type":"post","link":"http:\/\/cordobadirecto.com\/index.php\/2025\/07\/13\/con-autoridad-agustin-canapino-se-quedo-con-la-final-del-tc-en-concepcion-del-uruguay\/","title":{"rendered":"Con autoridad, Agust\u00edn Canapino se qued\u00f3 con la final del TC en Concepci\u00f3n del Uruguay"},"content":{"rendered":"<p><span class=\"createDate\">13\/07\/2025 15:26hs.<\/span><time class=\"modificatedDate\" datetime=\"2025-07-13T18:30:35-03:00\"> Actualizado al 13\/07\/2025 18:30hs.<\/time><\/p>\n<div id=\"storyBody\">\n<div class=\"custom-text \" readability=\"43\">\n<p><strong>Agust\u00edn Canapino, a bordo de su Chevrolet Camaro, domin\u00f3 de punta a punta la Final del Turismo Carretera en Concepci\u00f3n del Uruguay,<\/strong> en el marco de la octava fecha de la temporada disputada este domingo. Tras 3 a\u00f1os, 1 mes y 12 d\u00edas sin victorias en la categor\u00eda, el arrecife\u00f1o volvi\u00f3 a lo m\u00e1s alto y escal\u00f3 al 5\u00b0 puesto del campeonato. <strong>Completaron el podio Germ\u00e1n Todino (Ford),<\/strong> quien lo persigui\u00f3 durante toda la competencia, <strong>y Juli\u00e1n Santero (Ford), que se convirti\u00f3 en el nuevo l\u00edder del torneo.<\/strong><\/p>\n<\/div>\n<p><h2><strong>C\u00f3mo fue el triunfo de Canapino en el TC en Concepci\u00f3n del Uruguay<\/strong><\/h2>\n<\/p>\n<div class=\"custom-text \" readability=\"42\">\n<p><strong>Canapino, poleman y ganador de la serie m\u00e1s r\u00e1pida, larg\u00f3 desde la primera posici\u00f3n y afianz\u00f3 la punta en la tercera curva, luego de resistir los ataques de Todino en el inicio<\/strong>. El resto de la Final fue una persecuci\u00f3n constante: el Tit\u00e1n marc\u00f3 diferencias en los parciales 2, 3 y 4, mientras que el Gaucho de Rivera recuperaba terreno en los parciales 1 y 5. As\u00ed, en ese mismo orden, cruzaron la bandera a cuadros.<\/p>\n<\/div>\n<div class=\"sc-e7b891c4-0 ifHnQL image-embed\"><img alt=\"Agust\u00edn Canapino ya hab\u00eda mostrado su potencial el s\u00e1bado al quedarse con la pole position en Concepci\u00f3n del Uruguay.(Prensa ACTC)\" loading=\"lazy\" width=\"720\" height=\"100\" decoding=\"async\" data-nimg=\"1\" src=\"http:\/\/cordobadirecto.com\/wp-content\/uploads\/2025\/07\/con-autoridad-agustin-canapino-se-quedo-con-la-final-del-tc-en-concepcion-del-uruguay.jpg\"><span class=\"epigraphe\">Agust\u00edn Canapino ya hab\u00eda mostrado su potencial el s\u00e1bado al quedarse con la pole position en Concepci\u00f3n del Uruguay.(Prensa ACTC)<\/span><\/div>\n<div class=\"custom-text \" readability=\"39\">\n<p><strong>Esta victoria tambi\u00e9n puso fin a la sequ\u00eda de Chevrolet,<\/strong> que no ganaba en la M\u00e1xima desde el 1\u00b0 de diciembre de 2024 en La Plata, cuando lo hizo con Diego Ciantini. Adem\u00e1s, signific\u00f3 el 16\u00b0 triunfo de Canapa en la categor\u00eda,<strong> cortando una racha de 21 carreras sin subir a lo m\u00e1s alto del podio.<\/strong><\/p>\n<\/div>\n<div class=\"custom-text \" readability=\"38\">\n<p><strong>Por su parte, Todino logr\u00f3 su mejor resultado con el Ford y tambi\u00e9n cort\u00f3 una racha de nueve carreras sin subir al podio.<\/strong> Su anterior aparici\u00f3n en el top 3 hab\u00eda sido el 20 de octubre de 2024, cuando a\u00fan manejaba el mismo auto del \u00d3valo que hoy tripula Juan Bautista De Benedictis. Adem\u00e1s, el Gaucho ven\u00eda de ganar las dos ediciones anteriores de esta competencia: en 2023 con Dodge y en 2024 con el Mustang.<\/p>\n<\/div>\n<div class=\"sc-e7b891c4-0 ifHnQL image-embed\"><img alt=\"El Camaro de Canapino.\" loading=\"lazy\" width=\"720\" height=\"100\" decoding=\"async\" data-nimg=\"1\" src=\"http:\/\/cordobadirecto.com\/wp-content\/uploads\/2025\/07\/con-autoridad-agustin-canapino-se-quedo-con-la-final-del-tc-en-concepcion-del-uruguay-1.jpg\"><span class=\"epigraphe\">El Camaro de Canapino.<\/span><\/div>\n<div class=\"custom-text \" readability=\"40\">\n<p><strong>Santero, en tanto, complet\u00f3 el podio y sum\u00f3 los puntos necesarios para arrebatarle el liderazgo del campeonato a Mauricio Lambiris (Ford).<\/strong> Ahora acumula 216,5 unidades, superando al uruguayo por 2,5 (214).<strong> La pr\u00f3xima fecha ser\u00e1 el fin de semana del 9 al 10 de agosto en San Juan, Villicum. <\/strong><\/p>\n<\/div>\n<div class=\"sc-a7166897-0 eoLsBE\" readability=\"7\">\n<section readability=\"4\"><picture><img alt=\"Valent\u00edn Perrone tuvo un s\u00e1bado positivo en Alemania: c\u00f3mo largar\u00e1, hora y d\u00f3nde ver la carrera de Moto3\" loading=\"lazy\" width=\"290\" height=\"290\" decoding=\"async\" data-nimg=\"1\" src=\"http:\/\/cordobadirecto.com\/wp-content\/uploads\/2025\/07\/con-autoridad-agustin-canapino-se-quedo-con-la-final-del-tc-en-concepcion-del-uruguay-2.jpg\"><\/picture>\n<p><span>Mir\u00e1 tambi\u00e9n<\/span><\/p>\n<hr>\n<h3>Valent\u00edn Perrone tuvo un s\u00e1bado positivo en Alemania: c\u00f3mo largar\u00e1, hora y d\u00f3nde ver la carrera de Moto3<\/h3>\n<\/p>\n<\/section>\n<\/div>\n<div class=\"sc-a7166897-0 eoLsBE\" readability=\"6\">\n<section readability=\"2\"><picture><img alt=\"Cu\u00e1ndo vuelve a correr Franco Colapinto y c\u00f3mo sigue la F1\" loading=\"lazy\" width=\"290\" height=\"290\" decoding=\"async\" data-nimg=\"1\" src=\"http:\/\/cordobadirecto.com\/wp-content\/uploads\/2025\/07\/con-autoridad-agustin-canapino-se-quedo-con-la-final-del-tc-en-concepcion-del-uruguay-3.jpg\"><\/picture>\n<p><span>Mir\u00e1 tambi\u00e9n<\/span><\/p>\n<hr>\n<h3>Cu\u00e1ndo vuelve a correr Franco Colapinto y c\u00f3mo sigue la F1<\/h3>\n<\/p>\n<\/section>\n<\/div>\n<div class=\"sc-a7166897-0 eoLsBE\" readability=\"6.5\">\n<section readability=\"3\"><picture><img alt=\"Alpine, presente en el Festival de la Velocidad en Goodwood: \u00bfde qu\u00e9 se trata?\" loading=\"lazy\" width=\"290\" height=\"290\" decoding=\"async\" data-nimg=\"1\" src=\"http:\/\/cordobadirecto.com\/wp-content\/uploads\/2025\/07\/con-autoridad-agustin-canapino-se-quedo-con-la-final-del-tc-en-concepcion-del-uruguay-4.jpg\"><\/picture>\n<p><span>Mir\u00e1 tambi\u00e9n<\/span><\/p>\n<hr>\n<h3>Alpine, presente en el Festival de la Velocidad en Goodwood: \u00bfde qu\u00e9 se trata?<\/h3>\n<\/p>\n<\/section>\n<\/div>\n<\/div>\n","protected":false},"excerpt":{"rendered":"<p>13\/07\/2025 15:26hs. Actualizado al 13\/07\/2025 18:30hs. Agust\u00edn Canapino, a bordo de su Chevrolet Camaro, domin\u00f3 de punta a punta la Final del Turismo Carretera en Concepci\u00f3n del Uruguay, en el marco de la octava fecha de la temporada disputada este domingo. Tras 3 a\u00f1os, 1 mes y 12 d\u00edas sin victorias en la categor\u00eda, el [&hellip;]<\/p>\n","protected":false},"author":1,"featured_media":170406,"comment_status":"closed","ping_status":"closed","sticky":false,"template":"","format":"standard","meta":[],"categories":[21],"tags":[],"_links":{"self":[{"href":"http:\/\/cordobadirecto.com\/index.php\/wp-json\/wp\/v2\/posts\/170405"}],"collection":[{"href":"http:\/\/cordobadirecto.com\/index.php\/wp-json\/wp\/v2\/posts"}],"about":[{"href":"http:\/\/cordobadirecto.com\/index.php\/wp-json\/wp\/v2\/types\/post"}],"author":[{"embeddable":true,"href":"http:\/\/cordobadirecto.com\/index.php\/wp-json\/wp\/v2\/users\/1"}],"replies":[{"embeddable":true,"href":"http:\/\/cordobadirecto.com\/index.php\/wp-json\/wp\/v2\/comments?post=170405"}],"version-history":[{"count":0,"href":"http:\/\/cordobadirecto.com\/index.php\/wp-json\/wp\/v2\/posts\/170405\/revisions"}],"wp:featuredmedia":[{"embeddable":true,"href":"http:\/\/cordobadirecto.com\/index.php\/wp-json\/wp\/v2\/media\/170406"}],"wp:attachment":[{"href":"http:\/\/cordobadirecto.com\/index.php\/wp-json\/wp\/v2\/media?parent=170405"}],"wp:term":[{"taxonomy":"category","embeddable":true,"href":"http:\/\/cordobadirecto.com\/index.php\/wp-json\/wp\/v2\/categories?post=170405"},{"taxonomy":"post_tag","embeddable":true,"href":"http:\/\/cordobadirecto.com\/index.php\/wp-json\/wp\/v2\/tags?post=170405"}],"curies":[{"name":"wp","href":"https:\/\/api.w.org\/{rel}","templated":true}]}}