{"id":170407,"date":"2025-07-13T16:00:31","date_gmt":"2025-07-13T16:00:31","guid":{"rendered":"https:\/\/www.ole.com.ar\/autos\/valentin-perrone-puntos-gp-alemania-moto3_0_A0DjwcMiRy.html"},"modified":"2025-07-13T16:00:31","modified_gmt":"2025-07-13T16:00:31","slug":"valentin-perrone-volvio-a-sumar-puntos-en-el-gp-de-alemania-de-moto3","status":"publish","type":"post","link":"http:\/\/cordobadirecto.com\/index.php\/2025\/07\/13\/valentin-perrone-volvio-a-sumar-puntos-en-el-gp-de-alemania-de-moto3\/","title":{"rendered":"Valent\u00edn Perrone volvi\u00f3 a sumar puntos en el GP de Alemania de Moto3"},"content":{"rendered":"<p><time class=\"createDate\" datetime=\"2025-07-13T13:00:31-03:00\">13\/07\/2025 13:00hs.<\/time><\/p>\n<div id=\"storyBody\">\n<div class=\"custom-text \" readability=\"37.74358974359\">\n<p>Despu\u00e9s del podio en Assen, Pa\u00edses Bajos, <strong><a href=\"https:\/\/www.ole.com.ar\/tema\/valentin-perrone.html\" title=\"valentin perrone\" alt=\"valentin perrone\" class=\"slug\">Valent\u00edn Perrone<\/a><\/strong> esperaba que la onda verde continuara en el GP de Alemania. Claro que el trazado de Sachsenring, para nada f\u00e1cil, era nuevo para \u00e9l y le cost\u00f3 agarrarle la mano. A lo largo de los tres d\u00edas de actividad, fue un aprendizaje diario que le permiti\u00f3 terminar en el <strong>12\u00b0 puesto<\/strong> y volver a sumar puntos en el campeonato de <strong><a href=\"https:\/\/www.ole.com.ar\/tema\/moto3.html\" title=\"Moto3\" alt=\"Moto3\" class=\"slug\">Moto3<\/a><\/strong>.<\/p>\n<\/div>\n<div class=\"custom-text \" readability=\"38\">\n<p>El Coyote se march\u00f3 masticando bronca por no haber podido mantenerse enganchado al grupo de punta. La degradaci\u00f3n de los neum\u00e1ticos jug\u00f3 un rol fundamental, algo que hab\u00eda previsto el d\u00eda anterior, y le impidi\u00f3 seguir avanzando. Al fin y al cabo, <strong>un 12\u00b0 lugar que le permiti\u00f3 llevarse algo a casa<\/strong>.<\/p>\n<\/div>\n<div class=\"sc-e7b891c4-0 ifHnQL image-embed\"><img alt=\"Fue una carrera dif\u00edcil para Perrone. (Prensa Tech3)\" loading=\"lazy\" width=\"720\" height=\"100\" decoding=\"async\" data-nimg=\"1\" src=\"http:\/\/cordobadirecto.com\/wp-content\/uploads\/2025\/07\/valentin-perrone-volvio-a-sumar-puntos-en-el-gp-de-alemania-de-moto3.jpg\"><span class=\"epigraphe\">Fue una carrera dif\u00edcil para Perrone. (Prensa Tech3)<\/span><\/div>\n<div class=\"custom-text \" readability=\"40\">\n<p>&#8220;Estuvo muy complicado. Desde el viernes que no me encontr\u00e9 con la moto, me cost\u00f3 mucho hacerla girar, se mov\u00eda mucho en la parte de atr\u00e1s y <strong>hoy sab\u00eda que me iba a costar<\/strong>. Me iba para afuera, deslizaba mucho, trat\u00e9 de conservar el neum\u00e1tico y aun as\u00ed fue imposible&#8221;, le coment\u00f3 el piloto de 17 a\u00f1os a <strong>Ol\u00e9<\/strong>. <\/p>\n<\/div>\n<div class=\"custom-text \" readability=\"43\">\n<p>En cuanto al 12\u00b0 puesto, Perrone mostr\u00f3 su malestar, pero tambi\u00e9n supo valorar los puntitos conseguidos: &#8220;<strong>No es una posici\u00f3n que quiera y que me guste, pero no est\u00e1 del todo mal<\/strong>. Venir de un podio a quedarme a nueve segundos del grupo delantero es complicado, pero les hemos recortado puntos a los de adelante. Hay que seguir luchando. Habr\u00e1 circuitos dif\u00edciles, fines de semanas complicados, la moto no funcionar\u00e1, en otras no me encontrar\u00e9 bien&#8230; <strong>El motociclismo es as\u00ed, pero hay que seguir<\/strong>&#8220;.<\/p>\n<\/div>\n<div class=\"sc-e7b891c4-0 ifHnQL image-embed\"><img alt=\"Valent\u00edn Perrone marcha 13\u00b0 en la general. (Prensa Tech3)\" loading=\"lazy\" width=\"720\" height=\"100\" decoding=\"async\" data-nimg=\"1\" src=\"http:\/\/cordobadirecto.com\/wp-content\/uploads\/2025\/07\/valentin-perrone-volvio-a-sumar-puntos-en-el-gp-de-alemania-de-moto3-1.jpg\"><span class=\"epigraphe\">Valent\u00edn Perrone marcha 13\u00b0 en la general. (Prensa Tech3)<\/span><\/div>\n<div class=\"custom-text \" readability=\"40\">\n<p>Por su parte, <strong>Herv\u00e9 Poncheral<\/strong>, jefe de equipo del Tech3, banc\u00f3 al argentino: &#8220;Entiendo que est\u00e9 decepcionado con la 12\u00aa posici\u00f3n tras conseguir su primer podio, <strong>pero est\u00e1 en su temporada de novato y est\u00e1 aprendiendo<\/strong>. Estamos contentos. Se est\u00e1 convirtiendo cada vez m\u00e1s en un piloto de Moto3 y estoy seguro de que si las condiciones mejoran en Brno la semana que viene,<strong> podr\u00e1 tener otro fin de semana excelente antes del parate<\/strong>&#8220;.<\/p>\n<\/div>\n<p><h2>Valent\u00edn Perrone: c\u00f3mo va y cu\u00e1ndo vuelve a correr<\/h2>\n<\/p>\n<div class=\"custom-text \" readability=\"39\">\n<p>Por los porotos sumados en Sachsenring, <strong>Perrone lleg\u00f3 a 55 puntos y qued\u00f3 en el 13er puesto<\/strong>. El octavo lugar est\u00e1 a tan solo 11 unidades, por lo que no est\u00e1 nada mal. Tratar\u00e1 de volver a sumar en la pr\u00f3xima fecha, <strong>en Brno, Rep\u00fablica Checa, entre el 18 y el 20 de julio<\/strong>.<\/p>\n<\/div>\n<div class=\"sc-a7166897-0 eoLsBE\" readability=\"6\">\n<section readability=\"2\"><picture><img alt=\"Cu\u00e1ndo vuelve a correr Franco Colapinto y c\u00f3mo sigue la F1\" loading=\"lazy\" width=\"290\" height=\"290\" decoding=\"async\" data-nimg=\"1\" src=\"http:\/\/cordobadirecto.com\/wp-content\/uploads\/2025\/07\/valentin-perrone-volvio-a-sumar-puntos-en-el-gp-de-alemania-de-moto3-2.jpg\"><\/picture>\n<p><span>Mir\u00e1 tambi\u00e9n<\/span><\/p>\n<hr>\n<h3>Cu\u00e1ndo vuelve a correr Franco Colapinto y c\u00f3mo sigue la F1<\/h3>\n<\/p>\n<\/section>\n<\/div>\n<div class=\"sc-a7166897-0 eoLsBE\" readability=\"6.5\">\n<section readability=\"3\"><picture><img alt=\"Alpine, presente en el Festival de la Velocidad en Goodwood: \u00bfde qu\u00e9 se trata?\" loading=\"lazy\" width=\"290\" height=\"290\" decoding=\"async\" data-nimg=\"1\" src=\"http:\/\/cordobadirecto.com\/wp-content\/uploads\/2025\/07\/valentin-perrone-volvio-a-sumar-puntos-en-el-gp-de-alemania-de-moto3-3.jpg\"><\/picture>\n<p><span>Mir\u00e1 tambi\u00e9n<\/span><\/p>\n<hr>\n<h3>Alpine, presente en el Festival de la Velocidad en Goodwood: \u00bfde qu\u00e9 se trata?<\/h3>\n<\/p>\n<\/section>\n<\/div>\n<div class=\"sc-a7166897-0 eoLsBE\" readability=\"6\">\n<section readability=\"2\"><picture><img alt=\"Los incre\u00edbles n\u00fameros de Red Bull con Christian Horner como director de equipo\" loading=\"lazy\" width=\"290\" height=\"290\" decoding=\"async\" data-nimg=\"1\" src=\"http:\/\/cordobadirecto.com\/wp-content\/uploads\/2025\/07\/valentin-perrone-volvio-a-sumar-puntos-en-el-gp-de-alemania-de-moto3-4.jpg\"><\/picture>\n<p><span>Mir\u00e1 tambi\u00e9n<\/span><\/p>\n<hr>\n<h3>Los incre\u00edbles n\u00fameros de Red Bull con Christian Horner como director de equipo<\/h3>\n<\/p>\n<\/section>\n<\/div>\n<div class=\"sc-a7166897-0 eoLsBE\" readability=\"6\">\n<section readability=\"2\"><picture><img alt=\"De que cantante Franco Colapinto sue\u00f1a ir a un recital\" loading=\"lazy\" width=\"290\" height=\"290\" decoding=\"async\" data-nimg=\"1\" src=\"http:\/\/cordobadirecto.com\/wp-content\/uploads\/2025\/07\/valentin-perrone-volvio-a-sumar-puntos-en-el-gp-de-alemania-de-moto3-5.jpg\"><\/picture>\n<p><span>Mir\u00e1 tambi\u00e9n<\/span><\/p>\n<hr>\n<h3>De que cantante Franco Colapinto sue\u00f1a ir a un recital<\/h3>\n<\/p>\n<\/section>\n<\/div>\n<\/div>\n","protected":false},"excerpt":{"rendered":"<p>13\/07\/2025 13:00hs. Despu\u00e9s del podio en Assen, Pa\u00edses Bajos, Valent\u00edn Perrone esperaba que la onda verde continuara en el GP de Alemania. Claro que el trazado de Sachsenring, para nada f\u00e1cil, era nuevo para \u00e9l y le cost\u00f3 agarrarle la mano. A lo largo de los tres d\u00edas de actividad, fue un aprendizaje diario que [&hellip;]<\/p>\n","protected":false},"author":1,"featured_media":170408,"comment_status":"closed","ping_status":"closed","sticky":false,"template":"","format":"standard","meta":[],"categories":[21],"tags":[],"_links":{"self":[{"href":"http:\/\/cordobadirecto.com\/index.php\/wp-json\/wp\/v2\/posts\/170407"}],"collection":[{"href":"http:\/\/cordobadirecto.com\/index.php\/wp-json\/wp\/v2\/posts"}],"about":[{"href":"http:\/\/cordobadirecto.com\/index.php\/wp-json\/wp\/v2\/types\/post"}],"author":[{"embeddable":true,"href":"http:\/\/cordobadirecto.com\/index.php\/wp-json\/wp\/v2\/users\/1"}],"replies":[{"embeddable":true,"href":"http:\/\/cordobadirecto.com\/index.php\/wp-json\/wp\/v2\/comments?post=170407"}],"version-history":[{"count":0,"href":"http:\/\/cordobadirecto.com\/index.php\/wp-json\/wp\/v2\/posts\/170407\/revisions"}],"wp:featuredmedia":[{"embeddable":true,"href":"http:\/\/cordobadirecto.com\/index.php\/wp-json\/wp\/v2\/media\/170408"}],"wp:attachment":[{"href":"http:\/\/cordobadirecto.com\/index.php\/wp-json\/wp\/v2\/media?parent=170407"}],"wp:term":[{"taxonomy":"category","embeddable":true,"href":"http:\/\/cordobadirecto.com\/index.php\/wp-json\/wp\/v2\/categories?post=170407"},{"taxonomy":"post_tag","embeddable":true,"href":"http:\/\/cordobadirecto.com\/index.php\/wp-json\/wp\/v2\/tags?post=170407"}],"curies":[{"name":"wp","href":"https:\/\/api.w.org\/{rel}","templated":true}]}}