{"id":170413,"date":"2025-07-11T13:23:22","date_gmt":"2025-07-11T13:23:22","guid":{"rendered":"https:\/\/cordoba.gob.ar\/?p=79287"},"modified":"2025-07-11T13:23:22","modified_gmt":"2025-07-11T13:23:22","slug":"cordoba-suma-500-nuevos-empleos-en-la-economia-del-conocimiento-por-un-acuerdo-entre-la-municipalidad-y-el-sector-privado","status":"publish","type":"post","link":"http:\/\/cordobadirecto.com\/index.php\/2025\/07\/11\/cordoba-suma-500-nuevos-empleos-en-la-economia-del-conocimiento-por-un-acuerdo-entre-la-municipalidad-y-el-sector-privado\/","title":{"rendered":"C\u00f3rdoba suma 500 nuevos empleos en la Econom\u00eda del Conocimiento por un acuerdo entre la Municipalidad y el sector privado"},"content":{"rendered":"<div><img src=\"http:\/\/cordobadirecto.com\/wp-content\/uploads\/2025\/07\/cordoba-suma-500-nuevos-empleos-en-la-economia-del-conocimiento-por-un-acuerdo-entre-la-municipalidad-y-el-sector-privado.jpg\" class=\"ff-og-image-inserted\"><\/div>\n<ul>\n<li><strong>Passerini firm\u00f3 un nuevo convenio, alcanzando un total de 2.000 puestos de trabajos directos, formales y de calidad en tres a\u00f1os. Representa el 2,7% de la poblaci\u00f3n desocupada.<\/strong><\/li>\n<\/ul>\n<hr>\n<p>\u200cEl intendente Daniel Passerini firm\u00f3 un nuevo convenio que generar\u00e1 500 puestos de trabajo directos, formales y de calidad en empresas de BPO &amp; KPO con sede en C\u00f3rdoba. La iniciativa forma parte de una pol\u00edtica sostenida entre la Municipalidad de C\u00f3rdoba, a trav\u00e9s de C\u00f3rdoba Acelera, y el BPO &amp; KPO C\u00f3rdoba Cluster, que consolida a la ciudad como un polo de innovaci\u00f3n y talento.<\/p>\n<p>\u201c<em>Es una gran noticia en el contexto local y mundial, donde la generaci\u00f3n de empleo formal y de calidad es claramente un desaf\u00edo. Estamos dando un claro ejemplo del ecosistema cordob\u00e9s: empresas, trabajadores y trabajadoras que buscan generar mejores condiciones de trabajo y el Estado Municipal y Provincial que hace 25 a\u00f1os vieron un objetivo claro en el desarrollo tecnol\u00f3gico, con seguridad jur\u00eddica para las inversiones<\/em>\u201d, afirm\u00f3 Passerini.<\/p>\n<p><em>\u201cEstamos logrando el objetivo de desarrollar 2.000 nuevos empleos en tres a\u00f1os. En C\u00f3rdoba la industria del conocimiento tienen un lugar de privilegio en la agenda p\u00fablica y en el sector privado. Esta discusi\u00f3n no es de n\u00fameros, todas las pol\u00edticas p\u00fablicas que decidimos llevar adelante est\u00e1n centradas en las personas\u201d<\/em>, a\u00f1adi\u00f3 el intendente de la Capital provincial.<\/p>\n<p>Este tercer acuerdo pone de manifiesto la continuidad de una alianza p\u00fablico-privada que ya acumula 2.000 oportunidades laborales en apenas tres a\u00f1os. El 58 % de quienes acceden a estos puestos son mujeres y el 33% tiene entre 18 y 23 a\u00f1os, muchos de ellos alcanzando su primer empleo formal.<\/p>\n<p><em>\u201cEsos 2.000 puestos de trabajo representa el 2,7% de la poblaci\u00f3n desocupada. Desde el inicio del convenio en 2023, las empresas del cl\u00faster incrementaron un 33% los empleos del sector<\/em>\u201d, fueron las palabras de la presidenta del Ente C\u00f3rdoba Acelera, Mariela Bercovich.<\/p>\n<p>Durante el primer a\u00f1o de contrataci\u00f3n, un porcentaje de la remuneraci\u00f3n se canaliza a trav\u00e9s del programa Tarjeta Activa, fomentando el consumo en comercios de cercan\u00eda y cerrando el c\u00edrculo virtuoso entre empleo y comercio local.<\/p>\n<p>La Econom\u00eda del Conocimiento es la tercera industria provincial en cuanto a impacto econ\u00f3mico y en C\u00f3rdoba aglutina el 40% del empleo total nacional en el sector.<\/p>\n<p>\u201c<em>Estamos comprometidos en invertir y acompa\u00f1ar la construcci\u00f3n, pero no podemos hacerlo solos. Por eso es muy importante el acto simb\u00f3lico de una ciudad y una provincia que quiere progresar haciendo que todos los actores que formamos parte de la sociedad civil seamos protagonistas<\/em>\u201d, fueron las palabras del presidente de BPO &amp; KPO C\u00f3rdoba Cl\u00faster, Marcelo Bechara.<\/p>\n<p>A su tiempo, el secretario general de la Asociaci\u00f3n de Trabajadores Argentinos de Centros de Contacto (ATACC), Walter Franzone, destac\u00f3: <em>\u201cAgradezco al intendente Passerini por continuar la pol\u00edtica que inici\u00f3 el hoy gobernador. Ac\u00e1 estamos los empresarios, el Estado y los trabajadores poniendo cada uno su parte\u201d<\/em><\/p>\n<p>En el acto celebrado en el Palacio Municipal 6 de Julio formaron parte tambi\u00e9n referentes del cl\u00faster y del gremio ATACC. Las compa\u00f1\u00edas que participan de este programa son Evoltis, Konecta, Telemercado, VN Global, Voicenter, General Collect, Apex y Multiconex.<\/p>\n","protected":false},"excerpt":{"rendered":"<p>Passerini firm\u00f3 un nuevo convenio, alcanzando un total de 2.000 puestos de trabajos directos, formales y de calidad en tres a\u00f1os. Representa el 2,7% de la poblaci\u00f3n desocupada. \u200cEl intendente Daniel Passerini firm\u00f3 un nuevo convenio que generar\u00e1 500 puestos de trabajo directos, formales y de calidad en empresas de BPO &amp; KPO con sede [&hellip;]<\/p>\n","protected":false},"author":1,"featured_media":170414,"comment_status":"closed","ping_status":"closed","sticky":false,"template":"","format":"standard","meta":[],"categories":[44],"tags":[],"_links":{"self":[{"href":"http:\/\/cordobadirecto.com\/index.php\/wp-json\/wp\/v2\/posts\/170413"}],"collection":[{"href":"http:\/\/cordobadirecto.com\/index.php\/wp-json\/wp\/v2\/posts"}],"about":[{"href":"http:\/\/cordobadirecto.com\/index.php\/wp-json\/wp\/v2\/types\/post"}],"author":[{"embeddable":true,"href":"http:\/\/cordobadirecto.com\/index.php\/wp-json\/wp\/v2\/users\/1"}],"replies":[{"embeddable":true,"href":"http:\/\/cordobadirecto.com\/index.php\/wp-json\/wp\/v2\/comments?post=170413"}],"version-history":[{"count":0,"href":"http:\/\/cordobadirecto.com\/index.php\/wp-json\/wp\/v2\/posts\/170413\/revisions"}],"wp:featuredmedia":[{"embeddable":true,"href":"http:\/\/cordobadirecto.com\/index.php\/wp-json\/wp\/v2\/media\/170414"}],"wp:attachment":[{"href":"http:\/\/cordobadirecto.com\/index.php\/wp-json\/wp\/v2\/media?parent=170413"}],"wp:term":[{"taxonomy":"category","embeddable":true,"href":"http:\/\/cordobadirecto.com\/index.php\/wp-json\/wp\/v2\/categories?post=170413"},{"taxonomy":"post_tag","embeddable":true,"href":"http:\/\/cordobadirecto.com\/index.php\/wp-json\/wp\/v2\/tags?post=170413"}],"curies":[{"name":"wp","href":"https:\/\/api.w.org\/{rel}","templated":true}]}}