{"id":170415,"date":"2025-07-11T12:46:12","date_gmt":"2025-07-11T12:46:12","guid":{"rendered":"https:\/\/cordoba.gob.ar\/?p=79279"},"modified":"2025-07-11T12:46:12","modified_gmt":"2025-07-11T12:46:12","slug":"taller-de-yoga-y-arte-para-infancias-en-el-mmau","status":"publish","type":"post","link":"http:\/\/cordobadirecto.com\/index.php\/2025\/07\/11\/taller-de-yoga-y-arte-para-infancias-en-el-mmau\/","title":{"rendered":"Taller de yoga y arte para infancias en el MMAU"},"content":{"rendered":"<div><img src=\"http:\/\/cordobadirecto.com\/wp-content\/uploads\/2025\/07\/taller-de-yoga-y-arte-para-infancias-en-el-mmau.jpg\" class=\"ff-og-image-inserted\"><\/div>\n<ul>\n<li><strong>Este s\u00e1bado, a partir de las 15.00 horas, se desarrolla \u201cCuerpos que crean. Ciclo de Yoga y Arte\u201d para las infancias.<\/strong><\/li>\n<li><strong>Se sugiere a partir de los 3 a\u00f1os, con entrada libre y gratuita.<\/strong><\/li>\n<\/ul>\n<hr>\n<p>La Municipalidad de C\u00f3rdoba invita a formar parte de \u201cCuerpos que crean. Ciclo de Yoga y Arte\u201d para las infancias en el segundo subsuelo del Museo Metropolitano de Arte Urbano, en la Plaza Espa\u00f1a.<\/p>\n<p>Una actividad integradora que busca habitar el cuerpo, despertar la creatividad y fortalecer los v\u00ednculos desde una mirada sensible, l\u00fadica y consciente.<\/p>\n<p>Ser\u00e1 este s\u00e1bado a partir de las 15.00 horas, la actividad sugiere ni\u00f1os y ni\u00f1as a partir de los 3 a\u00f1os acompa\u00f1ados con un tutor. Entrada libre y gratuita.<\/p>\n<p>Adem\u00e1s, la propuesta se plantea como un ciclo mensual, con encuentros que invitan a vivir experiencias en teatros o museos, resignificando estos espacios como escenarios vivos y participativos. La actividad combina pr\u00e1ctica de yoga + intervenci\u00f3n art\u00edstica inspirada en artistas como Herv\u00e9 Tullet.<\/p>\n","protected":false},"excerpt":{"rendered":"<p>Este s\u00e1bado, a partir de las 15.00 horas, se desarrolla \u201cCuerpos que crean. Ciclo de Yoga y Arte\u201d para las infancias. Se sugiere a partir de los 3 a\u00f1os, con entrada libre y gratuita. La Municipalidad de C\u00f3rdoba invita a formar parte de \u201cCuerpos que crean. Ciclo de Yoga y Arte\u201d para las infancias en [&hellip;]<\/p>\n","protected":false},"author":1,"featured_media":170416,"comment_status":"closed","ping_status":"closed","sticky":false,"template":"","format":"standard","meta":[],"categories":[44],"tags":[],"_links":{"self":[{"href":"http:\/\/cordobadirecto.com\/index.php\/wp-json\/wp\/v2\/posts\/170415"}],"collection":[{"href":"http:\/\/cordobadirecto.com\/index.php\/wp-json\/wp\/v2\/posts"}],"about":[{"href":"http:\/\/cordobadirecto.com\/index.php\/wp-json\/wp\/v2\/types\/post"}],"author":[{"embeddable":true,"href":"http:\/\/cordobadirecto.com\/index.php\/wp-json\/wp\/v2\/users\/1"}],"replies":[{"embeddable":true,"href":"http:\/\/cordobadirecto.com\/index.php\/wp-json\/wp\/v2\/comments?post=170415"}],"version-history":[{"count":0,"href":"http:\/\/cordobadirecto.com\/index.php\/wp-json\/wp\/v2\/posts\/170415\/revisions"}],"wp:featuredmedia":[{"embeddable":true,"href":"http:\/\/cordobadirecto.com\/index.php\/wp-json\/wp\/v2\/media\/170416"}],"wp:attachment":[{"href":"http:\/\/cordobadirecto.com\/index.php\/wp-json\/wp\/v2\/media?parent=170415"}],"wp:term":[{"taxonomy":"category","embeddable":true,"href":"http:\/\/cordobadirecto.com\/index.php\/wp-json\/wp\/v2\/categories?post=170415"},{"taxonomy":"post_tag","embeddable":true,"href":"http:\/\/cordobadirecto.com\/index.php\/wp-json\/wp\/v2\/tags?post=170415"}],"curies":[{"name":"wp","href":"https:\/\/api.w.org\/{rel}","templated":true}]}}