{"id":170439,"date":"2025-07-14T21:33:29","date_gmt":"2025-07-14T21:33:29","guid":{"rendered":"https:\/\/www.ole.com.ar\/autos\/recuerdo-f1-formula-1-argentina-jose-froilan-gonzalez-ferrari_0_HBT3hcF74t.html"},"modified":"2025-07-14T21:33:29","modified_gmt":"2025-07-14T21:33:29","slug":"el-recuerdo-argento-de-la-formula-1-el-inicio-de-una-leyenda","status":"publish","type":"post","link":"http:\/\/cordobadirecto.com\/index.php\/2025\/07\/14\/el-recuerdo-argento-de-la-formula-1-el-inicio-de-una-leyenda\/","title":{"rendered":"El recuerdo argento de la F\u00f3rmula 1: &#8220;El inicio de una leyenda&#8230;&#8221;"},"content":{"rendered":"<p><time class=\"createDate\" datetime=\"2025-07-14T18:33:29-03:00\">14\/07\/2025 18:33hs.<\/time><\/p>\n<div id=\"storyBody\">\n<div class=\"custom-text \" readability=\"36.986666666667\">\n<p>La<strong> <a href=\"https:\/\/www.ole.com.ar\/tema\/formula-1.html\" title=\"F\u00f3rmula 1\" alt=\"F\u00f3rmula 1\" class=\"slug\">F\u00f3rmula 1<\/a><\/strong> es uno de los campeonatos de mayor renombre. Esta temporada se cumplen 75 a\u00f1os desde su estreno, y desde el inicio -aunque con alg\u00fan bache de por medio-, <strong>Argentina dej\u00f3 su huella marcada en la categor\u00eda<\/strong>. Uno de los que anot\u00f3 su nombre en la historia grande fue <strong>Jos\u00e9 Froil\u00e1n Gonz\u00e1lez<\/strong>, que este lunes fue homenajeado por la M\u00e1xima con un posteo en redes.<\/p>\n<\/div>\n<div class=\"custom-text \" readability=\"37.448979591837\">\n<p>Es que el argentino form\u00f3 parte del <strong>primer cap\u00edtulo de gloria de una escuder\u00eda hist\u00f3rica: <a href=\"https:\/\/www.ole.com.ar\/tema\/ferrari.html\" title=\"Ferrari\" alt=\"Ferrari\" class=\"slug\">Ferrari<\/a><\/strong>, la m\u00e1s laureada y la \u00fanica con participaci\u00f3n ininterrumpida. El 14 de julio de 1951, en el circuito de Silverstone, <strong>Froil\u00e1n Gonz\u00e1lez manej\u00f3 el auto con el cual el equipo italiano logr\u00f3 su primera victoria en la categor\u00eda<\/strong>, por delante de otro piloto albiceleste, <strong><a href=\"https:\/\/www.ole.com.ar\/tema\/juan-manuel-fangio.html\" title=\"Juan Manuel Fangio\" alt=\"Juan Manuel Fangio\" class=\"slug\">Juan Manuel Fangio<\/a><\/strong>.<\/p>\n<\/div>\n<div class=\"sc-e7b891c4-0 ifHnQL image-embed\"><img alt=\"Los autos corriendo en el circuito de Silverstone en aquella carrera. (@f1)\" loading=\"lazy\" width=\"720\" height=\"100\" decoding=\"async\" data-nimg=\"1\" src=\"http:\/\/cordobadirecto.com\/wp-content\/uploads\/2025\/07\/el-recuerdo-argento-de-la-formula-1-el-inicio-de-una-leyenda.jpg\"><span class=\"epigraphe\">Los autos corriendo en el circuito de Silverstone en aquella carrera. (@f1)<\/span><\/div>\n<div class=\"custom-text \" readability=\"36\">\n<p>Al cumplirse<strong> 74 a\u00f1os de aquel hist\u00f3rico triunfo<\/strong>, que fue solo el principio de una amplia cosecha en la historia de <strong>Ferrari<\/strong>,<strong> la F\u00f3rmula 1 public\u00f3 una serie de im\u00e1genes a modo de conmemoraci\u00f3n a la carrera del argentino<\/strong>. \u00bfLa frase introductora?<strong> &#8220;El inicio de una leyenda&#8230;&#8221;.<\/strong><\/p>\n<\/div>\n<p><h2>La publicaci\u00f3n que le dedic\u00f3 la F\u00f3rmula 1 a Froli\u00e1n Gonz\u00e1lez<\/h2>\n<\/p>\n<div class=\"custom-text \" readability=\"38\">\n<p>&#8220;<strong>Un d\u00eda como hoy, Jos\u00e9 Froil\u00e1n Gonz\u00e1lez le daba a Ferrari la primera victoria de su historia<\/strong>&#8220;, continuaba el texto que acompa\u00f1a la publicaci\u00f3n. En esta, una foto de <strong>Froil\u00e1n <\/strong>y el t\u00edtulo &#8220;El primer triunfo de Ferrari&#8221;. Junto a la portada, varias im\u00e1genes de esa hist\u00f3rica jornada.<\/p>\n<\/div>\n<p><h2>C\u00f3mo se desarroll\u00f3 la carrera en Silverstone donde Froil\u00e1n Gonz\u00e1lez hizo historia<\/h2>\n<\/p>\n<div class=\"custom-text \" readability=\"38\">\n<p>La temporada de 1951 de la F\u00f3rmula 1 ten\u00eda a un claro dominador: <strong>Alfa Romeo<\/strong>, que ya hab\u00eda ganado el campeonato de 1950 y se perfilaba para repetir. Sacaba mucha ventaja con su coche, incluso d\u00e1ndose el lujo de<strong> nunca haber perdido una carrera en suelo europeo<\/strong>. Poco le import\u00f3 a <strong>Froil\u00e1n<\/strong>, que <strong>al volante de una Ferrari 375 lleg\u00f3 a Silverstone para romper esa tendencia.<\/strong><\/p>\n<\/div>\n<div class=\"custom-text \" readability=\"38\">\n<p>Ese 14 de julio de 1951, el argentino parti\u00f3 desde la punta de la parrilla despu\u00e9s de haber obtenido<strong> la primera pole position de la historia de Ferrari<\/strong>, con un tiempo de 1m43s4. No obstante, quer\u00eda seguir alcanzando logros primerizos para la escuder\u00eda italiana, y al final lo consigui\u00f3.<\/p>\n<\/div>\n<div class=\"sc-e7b891c4-0 ifHnQL image-embed\"><img alt=\"Jos\u00e9 Froil\u00e1n Gonz\u00e1lez, de la historia grande de Ferrari.\" loading=\"lazy\" width=\"720\" height=\"100\" decoding=\"async\" data-nimg=\"1\" src=\"http:\/\/cordobadirecto.com\/wp-content\/uploads\/2025\/07\/el-recuerdo-argento-de-la-formula-1-el-inicio-de-una-leyenda-1.jpg\"><span class=\"epigraphe\">Jos\u00e9 Froil\u00e1n Gonz\u00e1lez, de la historia grande de Ferrari.<\/span><\/div>\n<div class=\"custom-text \" readability=\"39.532219570406\">\n<p>Larg\u00f3 al lado de <strong>Fangio<\/strong> y con <strong><a href=\"https:\/\/www.ole.com.ar\/tema\/giuseppe-farina.html\" title=\"Giuseppe Farina\" alt=\"Giuseppe Farina\" class=\"slug\">Giuseppe Farina<\/a><\/strong> inmediatamente detr\u00e1s,<strong> ambos con el temido auto de Alfa Romeo<\/strong>. En la primera vuelta perdi\u00f3 el primer lugar con Felice Bonneto, que sali\u00f3 desde la s\u00e9ptima posici\u00f3n, pero r\u00e1pidamente lo adelant\u00f3 y lo recuper\u00f3. En el d\u00e9cimo giro,<strong> Fangio lo sorprendi\u00f3 y Froil\u00e1n qued\u00f3 nuevamente como escolta<\/strong>, esta vez por un rato m\u00e1s, porque su compatriota lider\u00f3 hasta el 38\u00b0.<\/p>\n<\/div>\n<div class=\"custom-text \" readability=\"38\">\n<p>Sin embargo, un detalle clave le dio ventaja a la Ferrari 375 sobre el Alfa Romeo 159 y fue fundamental en el transcurso de la jornada: <strong>Fangio tuvo que parar dos veces en boxes por el alto consumo que ten\u00eda su coche<\/strong>, lo que le dio a Froil\u00e1n una c\u00f3moda ventaja sobre el final del evento. Finalmente, <strong>cruz\u00f3 la bandera a cuadros con 51 segundos de ventaja y complet\u00f3 la haza\u00f1a que lo hace eterno. <\/strong><\/p>\n<\/div>\n<div class=\"sc-e7b891c4-0 ifHnQL image-embed\"><img alt=\"La Ferrari de Froil\u00e1n Gonz\u00e1lez en Silverstone, clave en la historia de la escuder\u00eda. (@f1)\" loading=\"lazy\" width=\"720\" height=\"100\" decoding=\"async\" data-nimg=\"1\" src=\"http:\/\/cordobadirecto.com\/wp-content\/uploads\/2025\/07\/el-recuerdo-argento-de-la-formula-1-el-inicio-de-una-leyenda-2.jpg\"><span class=\"epigraphe\">La Ferrari de Froil\u00e1n Gonz\u00e1lez en Silverstone, clave en la historia de la escuder\u00eda. (@f1)<\/span><\/div>\n<div class=\"custom-text \" readability=\"40\">\n<p>A pesar de que Alberto Ascari, compa\u00f1ero del argentino, iba a ganar otras dos carreras para Ferrari consecutivamente, <strong>la escuder\u00eda no logr\u00f3 el campeonato en aquella temporada<\/strong> y tuvo que esperar a la siguiente para consagrarse por primera vez. De todos modos, es innegable que <strong>el triunfo de Froil\u00e1n Gonz\u00e1lez en esa jornada de Silverstone sirvi\u00f3 de puntapi\u00e9 <\/strong>para que los italianos escribieran el comienzo de su historia en la categor\u00eda, que hoy los encuentra con 16 t\u00edtulos mundiales.<\/p>\n<\/div>\n<div class=\"sc-a7166897-0 eoLsBE\" readability=\"6\">\n<section readability=\"2\"><picture><img alt=\"Valent\u00edn Perrone volvi\u00f3 a sumar puntos en el GP de Alemania de Moto3\" loading=\"lazy\" width=\"290\" height=\"290\" decoding=\"async\" data-nimg=\"1\" src=\"http:\/\/cordobadirecto.com\/wp-content\/uploads\/2025\/07\/el-recuerdo-argento-de-la-formula-1-el-inicio-de-una-leyenda-3.jpg\"><\/picture>\n<p><span>Mir\u00e1 tambi\u00e9n<\/span><\/p>\n<hr>\n<h3>Valent\u00edn Perrone volvi\u00f3 a sumar puntos en el GP de Alemania de Moto3<\/h3>\n<\/p>\n<\/section>\n<\/div>\n<div class=\"sc-a7166897-0 eoLsBE\" readability=\"7\">\n<section readability=\"4\"><picture><img alt=\"Con autoridad, Agust\u00edn Canapino se qued\u00f3 con la final del TC en Concepci\u00f3n del Uruguay\" loading=\"lazy\" width=\"290\" height=\"290\" decoding=\"async\" data-nimg=\"1\" src=\"http:\/\/cordobadirecto.com\/wp-content\/uploads\/2025\/07\/el-recuerdo-argento-de-la-formula-1-el-inicio-de-una-leyenda-4.jpg\"><\/picture>\n<p><span>Mir\u00e1 tambi\u00e9n<\/span><\/p>\n<hr>\n<h3>Con autoridad, Agust\u00edn Canapino se qued\u00f3 con la final del TC en Concepci\u00f3n del Uruguay<\/h3>\n<\/p>\n<\/section>\n<\/div>\n<div class=\"sc-a7166897-0 eoLsBE\" readability=\"6\">\n<section readability=\"2\"><picture><img alt=\"Cu\u00e1ndo vuelve a correr Franco Colapinto y c\u00f3mo sigue la F1\" loading=\"lazy\" width=\"290\" height=\"290\" decoding=\"async\" data-nimg=\"1\" src=\"http:\/\/cordobadirecto.com\/wp-content\/uploads\/2025\/07\/el-recuerdo-argento-de-la-formula-1-el-inicio-de-una-leyenda-5.jpg\"><\/picture>\n<p><span>Mir\u00e1 tambi\u00e9n<\/span><\/p>\n<hr>\n<h3>Cu\u00e1ndo vuelve a correr Franco Colapinto y c\u00f3mo sigue la F1<\/h3>\n<\/p>\n<\/section>\n<\/div>\n<\/div>\n","protected":false},"excerpt":{"rendered":"<p>14\/07\/2025 18:33hs. La F\u00f3rmula 1 es uno de los campeonatos de mayor renombre. Esta temporada se cumplen 75 a\u00f1os desde su estreno, y desde el inicio -aunque con alg\u00fan bache de por medio-, Argentina dej\u00f3 su huella marcada en la categor\u00eda. Uno de los que anot\u00f3 su nombre en la historia grande fue Jos\u00e9 Froil\u00e1n [&hellip;]<\/p>\n","protected":false},"author":1,"featured_media":170440,"comment_status":"closed","ping_status":"closed","sticky":false,"template":"","format":"standard","meta":[],"categories":[21],"tags":[],"_links":{"self":[{"href":"http:\/\/cordobadirecto.com\/index.php\/wp-json\/wp\/v2\/posts\/170439"}],"collection":[{"href":"http:\/\/cordobadirecto.com\/index.php\/wp-json\/wp\/v2\/posts"}],"about":[{"href":"http:\/\/cordobadirecto.com\/index.php\/wp-json\/wp\/v2\/types\/post"}],"author":[{"embeddable":true,"href":"http:\/\/cordobadirecto.com\/index.php\/wp-json\/wp\/v2\/users\/1"}],"replies":[{"embeddable":true,"href":"http:\/\/cordobadirecto.com\/index.php\/wp-json\/wp\/v2\/comments?post=170439"}],"version-history":[{"count":0,"href":"http:\/\/cordobadirecto.com\/index.php\/wp-json\/wp\/v2\/posts\/170439\/revisions"}],"wp:featuredmedia":[{"embeddable":true,"href":"http:\/\/cordobadirecto.com\/index.php\/wp-json\/wp\/v2\/media\/170440"}],"wp:attachment":[{"href":"http:\/\/cordobadirecto.com\/index.php\/wp-json\/wp\/v2\/media?parent=170439"}],"wp:term":[{"taxonomy":"category","embeddable":true,"href":"http:\/\/cordobadirecto.com\/index.php\/wp-json\/wp\/v2\/categories?post=170439"},{"taxonomy":"post_tag","embeddable":true,"href":"http:\/\/cordobadirecto.com\/index.php\/wp-json\/wp\/v2\/tags?post=170439"}],"curies":[{"name":"wp","href":"https:\/\/api.w.org\/{rel}","templated":true}]}}