{"id":170441,"date":"2025-07-14T20:08:42","date_gmt":"2025-07-14T20:08:42","guid":{"rendered":"https:\/\/www.ole.com.ar\/autos\/video-brad-pitt-acelero-fondo-formula-1-mclaren_0_1Y6p91hFIT.html"},"modified":"2025-07-14T20:08:42","modified_gmt":"2025-07-14T20:08:42","slug":"video-brad-pitt-acelero-a-fondo-un-formula-1","status":"publish","type":"post","link":"http:\/\/cordobadirecto.com\/index.php\/2025\/07\/14\/video-brad-pitt-acelero-a-fondo-un-formula-1\/","title":{"rendered":"Video: Brad Pitt aceler\u00f3 a fondo un F\u00f3rmula 1"},"content":{"rendered":"<p><time class=\"createDate\" datetime=\"2025-07-14T17:08:42-03:00\">14\/07\/2025 17:08hs.<\/time><\/p>\n<div id=\"storyBody\">\n<div class=\"custom-text \" readability=\"37.333333333333\">\n<p>Una cosa es hacer de piloto de <a href=\"https:\/\/www.ole.com.ar\/tema\/formula-1.html\" title=\"F\u00f3rmula 1\" alt=\"F\u00f3rmula 1\" class=\"slug\">F\u00f3rmula 1<\/a>, rol que cumpli\u00f3 <strong><a href=\"https:\/\/www.ole.com.ar\/tema\/brad-pitt.html\" title=\"Brad Pitt\" alt=\"Brad Pitt\" class=\"slug\">Brad Pitt<\/a><\/strong> en <a href=\"https:\/\/www.ole.com.ar\/autos\/pelicula-f1-movie-aparicion-franco-colapinto-accidente-real-brad-pitt_0_woxZNKGX6z.html\" target=\"_self\" title=\"la pel\u00edcula de la M\u00e1xima\" alt=\"la pel\u00edcula de la M\u00e1xima\" rel=\"noopener\">la pel\u00edcula de la M\u00e1xima<\/a>, y otra muy distinta es serlo. Bueno, al menos por un d\u00eda, el actor estadounidense se puso en la piel de los corredores m\u00e1s r\u00e1pidos del mundo y conoci\u00f3 las exigencias a las que se someten: <strong>manej\u00f3 el McLaren versi\u00f3n 2023, el MCL60, y lo aceler\u00f3 a fondo en COTA<\/strong> (Circuito de las Am\u00e9ricas, en Texas).<\/p>\n<\/div>\n<div class=\"custom-text \" readability=\"38.713136729223\">\n<p><strong>&#8220;\u00bfC\u00f3mo me siento ahora? Incr\u00e9dulo, mareado, un poco intimidado. S\u00f3lo necesito subirme al auto y empezar&#8221;<\/strong>, expuso el yanqui antes de ingresar al monoplaza. Desde el vamos, una figura de renombre le dio un voto de fe important\u00edsimo: <strong><a href=\"https:\/\/www.ole.com.ar\/tema\/lando-norris.html\" title=\"Lando Norris\" alt=\"Lando Norris\" class=\"slug\">Lando Norris<\/a> dijo que Brad es &#8220;muy capaz&#8221;<\/strong> y que deb\u00eda estar &#8220;asustado, pero feliz&#8221;. Y entonces lleg\u00f3 la hora de pisar el pedal derecho.<\/p>\n<\/div>\n<div class=\"sc-e7b891c4-0 ifHnQL image-embed\"><img alt=\"Brad Pitt se subi\u00f3 al McLaren MCL60 en Texas. (@McLaren)\" loading=\"lazy\" width=\"720\" height=\"100\" decoding=\"async\" data-nimg=\"1\" src=\"http:\/\/cordobadirecto.com\/wp-content\/uploads\/2025\/07\/video-brad-pitt-acelero-a-fondo-un-formula-1.jpg\"><span class=\"epigraphe\">Brad Pitt se subi\u00f3 al McLaren MCL60 en Texas. (@McLaren)<\/span><\/div>\n<div class=\"custom-text \" readability=\"41\">\n<p><strong>De entrada, el actor se lo tom\u00f3 con calma<\/strong>. En las curvas, lo m\u00e1s dif\u00edcil para aquellos que no est\u00e1n acostumbrados a estas m\u00e1quinas (las fuerzas g tironean al piloto hacia los costados), trat\u00f3 de no excederse, pero en las rectas lo llev\u00f3 al l\u00edmite:<strong> pedal al piso, hasta la octava marcha y rebajando como un piloto profesional en los frenajes<\/strong>. &#8220;Bien frenado hacia la curva 11. La temperatura de los frenos se est\u00e1 elevando. Vamos a acelerarlo en la recta&#8221;, le comunic\u00f3 el ingeniero de pista y Brad le hizo caso.<\/p>\n<\/div>\n<div class=\"custom-text \" readability=\"37\">\n<p>Una vez debajo del auto, Pitt transmiti\u00f3 sus sensaciones: &#8220;<strong>\u00a1Qu\u00e9 emoci\u00f3n! Inolvidable. Ahora quiero subirme de vuelta. Todav\u00eda debo bajar a tierra y procesar todo<\/strong>. Qu\u00e9 auto, qu\u00e9 circuito, los frenos&#8230; Tendr\u00e9 que ver de qu\u00e9 forma meterme para hacerlo m\u00e1s veces&#8221;.<\/p>\n<\/div>\n<p><h2>As\u00ed fue la experiencia de Brad Pitt manejando un F\u00f3rmula 1<\/h2>\n<\/p>\n<div class=\"sc-734b4696-1 kFfZtB\">\n<div class=\"sc-d00d9e74-0 hnHYbk\" type=\"embed\">\n<div class=\"sc-d00d9e74-1 iKVbz videoText\" id=\"contentTitleembedhEgW7F4g\" type=\"embed\"><svg fill=\"#ffffff\"><symbol id=\"play\" viewBox=\"0 0 512 512\"><path d=\"M512 256C512 397.4 397.4 512 256 512C114.6 512 0 397.4 0 256C0 114.6 114.6 0 256 0C397.4 0 512 114.6 512 256zM176 168V344C176 352.7 180.7 360.7 188.3 364.9C195.8 369.2 205.1 369 212.5 364.5L356.5 276.5C363.6 272.1 368 264.4 368 256C368 247.6 363.6 239.9 356.5 235.5L212.5 147.5C205.1 142.1 195.8 142.8 188.3 147.1C180.7 151.3 176 159.3 176 168V168z\" \/><\/symbol><use xlink:href=\"#play\" \/><\/svg><\/p>\n<div class=\"right\">\n<p>Brad Pitt<!-- --> &#8211; <span>&nbsp;<\/span><\/p>\n<h2 class=\"title-vid\">La experiencia de Brad Pitt en un McLaren de F\u00f3rmula 1<\/h2>\n<\/div>\n<\/div>\n<p><span class=\"back\" id=\"spanBackembedhEgW7F4g\"><\/span><\/div>\n<div class=\"JWvideoNota_title\">\n<p>Cr\u00e9dito: F1.<\/p>\n<\/div>\n<\/div>\n<div class=\"sc-a7166897-0 eoLsBE\" readability=\"6\">\n<section readability=\"2\"><picture><img alt=\"Cu\u00e1ndo vuelve a correr Franco Colapinto y c\u00f3mo sigue la F1\" loading=\"lazy\" width=\"290\" height=\"290\" decoding=\"async\" data-nimg=\"1\" src=\"http:\/\/cordobadirecto.com\/wp-content\/uploads\/2025\/07\/video-brad-pitt-acelero-a-fondo-un-formula-1-1.jpg\"><\/picture>\n<p><span>Mir\u00e1 tambi\u00e9n<\/span><\/p>\n<hr>\n<h3>Cu\u00e1ndo vuelve a correr Franco Colapinto y c\u00f3mo sigue la F1<\/h3>\n<\/p>\n<\/section>\n<\/div>\n<div class=\"sc-a7166897-0 eoLsBE\" readability=\"6.5\">\n<section readability=\"3\"><picture><img alt=\"Alpine, presente en el Festival de la Velocidad en Goodwood: \u00bfde qu\u00e9 se trata?\" loading=\"lazy\" width=\"290\" height=\"290\" decoding=\"async\" data-nimg=\"1\" src=\"http:\/\/cordobadirecto.com\/wp-content\/uploads\/2025\/07\/video-brad-pitt-acelero-a-fondo-un-formula-1-2.jpg\"><\/picture>\n<p><span>Mir\u00e1 tambi\u00e9n<\/span><\/p>\n<hr>\n<h3>Alpine, presente en el Festival de la Velocidad en Goodwood: \u00bfde qu\u00e9 se trata?<\/h3>\n<\/p>\n<\/section>\n<\/div>\n<div class=\"sc-a7166897-0 eoLsBE\" readability=\"6\">\n<section readability=\"2\"><picture><img alt=\"Los incre\u00edbles n\u00fameros de Red Bull con Christian Horner como director de equipo\" loading=\"lazy\" width=\"290\" height=\"290\" decoding=\"async\" data-nimg=\"1\" src=\"http:\/\/cordobadirecto.com\/wp-content\/uploads\/2025\/07\/video-brad-pitt-acelero-a-fondo-un-formula-1-3.jpg\"><\/picture>\n<p><span>Mir\u00e1 tambi\u00e9n<\/span><\/p>\n<hr>\n<h3>Los incre\u00edbles n\u00fameros de Red Bull con Christian Horner como director de equipo<\/h3>\n<\/p>\n<\/section>\n<\/div>\n<\/div>\n","protected":false},"excerpt":{"rendered":"<p>14\/07\/2025 17:08hs. Una cosa es hacer de piloto de F\u00f3rmula 1, rol que cumpli\u00f3 Brad Pitt en la pel\u00edcula de la M\u00e1xima, y otra muy distinta es serlo. Bueno, al menos por un d\u00eda, el actor estadounidense se puso en la piel de los corredores m\u00e1s r\u00e1pidos del mundo y conoci\u00f3 las exigencias a las [&hellip;]<\/p>\n","protected":false},"author":1,"featured_media":170442,"comment_status":"closed","ping_status":"closed","sticky":false,"template":"","format":"standard","meta":[],"categories":[21],"tags":[],"_links":{"self":[{"href":"http:\/\/cordobadirecto.com\/index.php\/wp-json\/wp\/v2\/posts\/170441"}],"collection":[{"href":"http:\/\/cordobadirecto.com\/index.php\/wp-json\/wp\/v2\/posts"}],"about":[{"href":"http:\/\/cordobadirecto.com\/index.php\/wp-json\/wp\/v2\/types\/post"}],"author":[{"embeddable":true,"href":"http:\/\/cordobadirecto.com\/index.php\/wp-json\/wp\/v2\/users\/1"}],"replies":[{"embeddable":true,"href":"http:\/\/cordobadirecto.com\/index.php\/wp-json\/wp\/v2\/comments?post=170441"}],"version-history":[{"count":0,"href":"http:\/\/cordobadirecto.com\/index.php\/wp-json\/wp\/v2\/posts\/170441\/revisions"}],"wp:featuredmedia":[{"embeddable":true,"href":"http:\/\/cordobadirecto.com\/index.php\/wp-json\/wp\/v2\/media\/170442"}],"wp:attachment":[{"href":"http:\/\/cordobadirecto.com\/index.php\/wp-json\/wp\/v2\/media?parent=170441"}],"wp:term":[{"taxonomy":"category","embeddable":true,"href":"http:\/\/cordobadirecto.com\/index.php\/wp-json\/wp\/v2\/categories?post=170441"},{"taxonomy":"post_tag","embeddable":true,"href":"http:\/\/cordobadirecto.com\/index.php\/wp-json\/wp\/v2\/tags?post=170441"}],"curies":[{"name":"wp","href":"https:\/\/api.w.org\/{rel}","templated":true}]}}