{"id":170450,"date":"2025-07-15T13:02:04","date_gmt":"2025-07-15T13:02:04","guid":{"rendered":"https:\/\/cordoba.gob.ar\/?p=79362"},"modified":"2025-07-15T13:02:04","modified_gmt":"2025-07-15T13:02:04","slug":"visitas-guiadas-por-la-ciudad-redescubri-cordoba-en-vacaciones-de-invierno","status":"publish","type":"post","link":"http:\/\/cordobadirecto.com\/index.php\/2025\/07\/15\/visitas-guiadas-por-la-ciudad-redescubri-cordoba-en-vacaciones-de-invierno\/","title":{"rendered":"Visitas guiadas por la ciudad: redescubr\u00ed C\u00f3rdoba en vacaciones de invierno"},"content":{"rendered":"<div><img src=\"http:\/\/cordobadirecto.com\/wp-content\/uploads\/2025\/07\/visitas-guiadas-por-la-ciudad-redescubri-cordoba-en-vacaciones-de-invierno.jpg\" class=\"ff-og-image-inserted\"><\/div>\n<ul>\n<li data-prosemirror-content-type=\"node\" data-prosemirror-node-name=\"paragraph\" data-prosemirror-node-block=\"true\"><strong><strong>Los principales recorridos para esta segunda semana de receso invernal, acompa\u00f1ados de gu\u00edas de Turismo.<\/strong><\/strong><br \/>\n<hr>\n<\/li>\n<\/ul>\n<p data-prosemirror-content-type=\"node\" data-prosemirror-node-name=\"paragraph\" data-prosemirror-node-block=\"true\">La Municipalidad de C\u00f3rdoba propone un viaje por los encantos de la ciudad. En la segunda semana de vacaciones de invierno habr\u00e1 visitas guiadas por bares notables, estadios emblem\u00e1ticos, trekking urbano, paseos en bicicleta y m\u00e1s, con entrada libre y gratuita.<\/p>\n<p data-prosemirror-content-type=\"node\" data-prosemirror-node-name=\"paragraph\" data-prosemirror-node-block=\"true\"><strong data-prosemirror-content-type=\"mark\" data-prosemirror-mark-name=\"strong\">Martes 15 y mi\u00e9rcoles 16: ascenso al campanario de la Catedral Mayor<\/strong><\/p>\n<p data-prosemirror-content-type=\"node\" data-prosemirror-node-name=\"paragraph\" data-prosemirror-node-block=\"true\">La visita guiada comienza a las 11:00 horas con punto de encuentro en la Puerta de ingreso al Centro de Interpretaci\u00f3n Tecnol\u00f3gico (CIT) \u201cEl Camino de Brochero\u201d (Independencia 64). Recorrido:&nbsp;Ascenso al campanario norte de la Iglesia Catedral y recorrido por el CIT El Camino de Brochero.<\/p>\n<p data-prosemirror-content-type=\"node\" data-prosemirror-node-name=\"paragraph\" data-prosemirror-node-block=\"true\">En esta visita guiada&nbsp;es posible conocer todas las curiosidades y los datos hist\u00f3ricos de este edificio fundamental de la vida social y religiosa de C\u00f3rdoba, frente a la plaza San Mart\u00edn. Desde las alturas,&nbsp;se puede apreciar el estilo arquitect\u00f3nico de la iglesia y sus hermosos detalles, como la c\u00fapula, contrafuertes y los \u00e1ngeles nativos de las torres.<\/p>\n<p data-prosemirror-content-type=\"node\" data-prosemirror-node-name=\"paragraph\" data-prosemirror-node-block=\"true\"><strong data-prosemirror-content-type=\"mark\" data-prosemirror-mark-name=\"strong\">Mi\u00e9rcoles 16 de julio: Experiencia F\u00fatbol, de Coraz\u00f3n sin Igual. \u201cClub Atl\u00e9tico Belgrano + Predio Armando P\u00e9rez\u201d<\/strong><\/p>\n<p data-prosemirror-content-type=\"node\" data-prosemirror-node-name=\"paragraph\" data-prosemirror-node-block=\"true\">A las 09:00 se realizar\u00e1 un tour vehicular con relatos de gu\u00edas profesionales durante el recorrido. Ingreso al predio, observaci\u00f3n de entrenamiento, fotos, reconocimiento de instalaciones. Contin\u00faa hacia barrio Alberdi, historia del barrio donde naci\u00f3 el club, estadio, vestuarios, tribunas y campo.<\/p>\n<p data-prosemirror-content-type=\"node\" data-prosemirror-node-name=\"paragraph\" data-prosemirror-node-block=\"true\">Punto de partida: Oficina de informaci\u00f3n Tur\u00edstica Cabildo (Independencia 30). Actividad gratuita, pero con cupo. Inscripciones: martes 15 de julio**,** en la Oficina de informaci\u00f3n Tur\u00edstica Cabildo (Independencia 30), de 8:00 a 20:00 horas.<\/p>\n<p data-prosemirror-content-type=\"node\" data-prosemirror-node-name=\"paragraph\" data-prosemirror-node-block=\"true\"><strong data-prosemirror-content-type=\"mark\" data-prosemirror-mark-name=\"strong\">Jueves 17 de julio: Bares y Caf\u00e9s Notables II Edici\u00f3n.<\/strong> A las 10:30 se presentar\u00e1 la visita guiada de la Plaza Jer\u00f3nimo del Barco y el bar Marvicm con presentaci\u00f3n del mismo.<\/p>\n<p data-prosemirror-content-type=\"node\" data-prosemirror-node-name=\"paragraph\" data-prosemirror-node-block=\"true\"><strong data-prosemirror-content-type=\"mark\" data-prosemirror-mark-name=\"strong\">Viernes 18 de julio: Bares notables II Edici\u00f3n<\/strong><\/p>\n<p data-prosemirror-content-type=\"node\" data-prosemirror-node-name=\"paragraph\" data-prosemirror-node-block=\"true\">Presentaci\u00f3n bar Estudiantina (Plaza Alberdi, F\u00e9lix Fr\u00edas 199 \u2013 Barrio General Paz). Recorrido: Salimos de la Plaza principal del antiguo barrio General Paz a las 10:00 horas, con relatos de su historia. Degustaci\u00f3n y puesta art\u00edstica. Actividad gratuita.<\/p>\n<p data-prosemirror-content-type=\"node\" data-prosemirror-node-name=\"paragraph\" data-prosemirror-node-block=\"true\"><strong data-prosemirror-content-type=\"mark\" data-prosemirror-mark-name=\"strong\">Presentaci\u00f3n Confiter\u00eda Oriental.<\/strong><\/p>\n<p data-prosemirror-content-type=\"node\" data-prosemirror-node-name=\"paragraph\" data-prosemirror-node-block=\"true\">A las 16:00 horas visita guiada Centro Hist\u00f3rico junto a la historia de una de las confiter\u00edas m\u00e1s antiguas de la ciudad. Presentaci\u00f3n y puesta art\u00edstica en la Confiter\u00eda Oriental. Punto de partida: Oficina de informaci\u00f3n Tur\u00edstica Cabildo (Independencia 30).<\/p>\n<p data-prosemirror-content-type=\"node\" data-prosemirror-node-name=\"paragraph\" data-prosemirror-node-block=\"true\"><strong data-prosemirror-content-type=\"mark\" data-prosemirror-mark-name=\"strong\">S\u00e1bado 19 de julio: Experiencia F\u00fatbol, de Coraz\u00f3n sin Igual. \u201cClub Atl\u00e9tico Racing + Estadio Mario Alberto Kempes\u201d.<\/strong><\/p>\n<p data-prosemirror-content-type=\"node\" data-prosemirror-node-name=\"paragraph\" data-prosemirror-node-block=\"true\">A las 11:00 horas se realizar\u00e1 el tour vehicular con relatos de gu\u00edas profesionales durante el recorrido. Actividad gratuita, pero con cupo. Inscripciones: viernes 18 de julio, en la Oficina de informaci\u00f3n Tur\u00edstica Cabildo (Independencia 30), de 8:00 a 20:00 horas.<\/p>\n<p data-prosemirror-content-type=\"node\" data-prosemirror-node-name=\"paragraph\" data-prosemirror-node-block=\"true\"><strong data-prosemirror-content-type=\"mark\" data-prosemirror-mark-name=\"strong\">Domingo 20 de julio: Visita guiada \u201cCaminando por Nueva C\u00f3rdoba\u201d<\/strong>.<\/p>\n<p data-prosemirror-content-type=\"node\" data-prosemirror-node-name=\"paragraph\" data-prosemirror-node-block=\"true\">Se trata de un recorrido guiado organizado por la Municipalidad de C\u00f3rdoba por lugares y construcciones ic\u00f3nicas de la ciudad. Punto de partida: Oficina de Informaci\u00f3n Tur\u00edstica G\u00fcemes, Diagonal Eugenio Garz\u00f3n 400, a las 16 horas.<\/p>\n<p data-prosemirror-content-type=\"node\" data-prosemirror-node-name=\"paragraph\" data-prosemirror-node-block=\"true\">\u201cCaminando por Nueva C\u00f3rdoba\u201d nos adentrar\u00e1 al presente y pasado del Paseo del Buen Pastor, antigua c\u00e1rcel de mujeres y la Iglesia del Sagrado Coraz\u00f3n de Jes\u00fas de los Padres Capuchinos. Asimismo, la Plazoleta V\u00e9lez Sarsfield y exteriores del Arzobispado, todos sitios entrelazados por la coqueta avenida Hip\u00f3lito Yrigoyen.<\/p>\n","protected":false},"excerpt":{"rendered":"<p>Los principales recorridos para esta segunda semana de receso invernal, acompa\u00f1ados de gu\u00edas de Turismo. La Municipalidad de C\u00f3rdoba propone un viaje por los encantos de la ciudad. En la segunda semana de vacaciones de invierno habr\u00e1 visitas guiadas por bares notables, estadios emblem\u00e1ticos, trekking urbano, paseos en bicicleta y m\u00e1s, con entrada libre y [&hellip;]<\/p>\n","protected":false},"author":1,"featured_media":170451,"comment_status":"closed","ping_status":"closed","sticky":false,"template":"","format":"standard","meta":[],"categories":[44],"tags":[],"_links":{"self":[{"href":"http:\/\/cordobadirecto.com\/index.php\/wp-json\/wp\/v2\/posts\/170450"}],"collection":[{"href":"http:\/\/cordobadirecto.com\/index.php\/wp-json\/wp\/v2\/posts"}],"about":[{"href":"http:\/\/cordobadirecto.com\/index.php\/wp-json\/wp\/v2\/types\/post"}],"author":[{"embeddable":true,"href":"http:\/\/cordobadirecto.com\/index.php\/wp-json\/wp\/v2\/users\/1"}],"replies":[{"embeddable":true,"href":"http:\/\/cordobadirecto.com\/index.php\/wp-json\/wp\/v2\/comments?post=170450"}],"version-history":[{"count":0,"href":"http:\/\/cordobadirecto.com\/index.php\/wp-json\/wp\/v2\/posts\/170450\/revisions"}],"wp:featuredmedia":[{"embeddable":true,"href":"http:\/\/cordobadirecto.com\/index.php\/wp-json\/wp\/v2\/media\/170451"}],"wp:attachment":[{"href":"http:\/\/cordobadirecto.com\/index.php\/wp-json\/wp\/v2\/media?parent=170450"}],"wp:term":[{"taxonomy":"category","embeddable":true,"href":"http:\/\/cordobadirecto.com\/index.php\/wp-json\/wp\/v2\/categories?post=170450"},{"taxonomy":"post_tag","embeddable":true,"href":"http:\/\/cordobadirecto.com\/index.php\/wp-json\/wp\/v2\/tags?post=170450"}],"curies":[{"name":"wp","href":"https:\/\/api.w.org\/{rel}","templated":true}]}}