{"id":1705,"date":"2021-01-16T12:39:00","date_gmt":"2021-01-16T12:39:00","guid":{"rendered":"https:\/\/lmdiario.com.ar\/contenido\/269600\/murio-el-reconocido-bailarin-de-tango-juan-carlos-copes"},"modified":"2021-01-16T12:39:00","modified_gmt":"2021-01-16T12:39:00","slug":"con-coronavirus-murio-el-reconocido-bailarin-de-tango-juan-carlos-copes","status":"publish","type":"post","link":"http:\/\/cordobadirecto.com\/index.php\/2021\/01\/16\/con-coronavirus-murio-el-reconocido-bailarin-de-tango-juan-carlos-copes\/","title":{"rendered":"Con coronavirus, muri\u00f3 el reconocido bailar\u00edn de tango Juan Carlos Copes"},"content":{"rendered":"<div readability=\"33\"> <img alt=\"Juan Carlos Copes gentileza\" class=\"img-responsive\" height=\"664\" loading=\"lazy\" sizes=\"auto\" src=\"http:\/\/cordobadirecto.com\/wp-content\/uploads\/2021\/02\/con-coronavirus-murio-el-reconocido-bailarin-de-tango-juan-carlos-copes.jpg\" srcset=\"http:\/\/cordobadirecto.com\/wp-content\/uploads\/2021\/02\/con-coronavirus-murio-el-reconocido-bailarin-de-tango-juan-carlos-copes.jpg 1000w, http:\/\/cordobadirecto.com\/wp-content\/uploads\/2021\/02\/con-coronavirus-murio-el-reconocido-bailarin-de-tango-juan-carlos-copes-2.jpg 400w\" width=\"1000\"> <\/p>\n<p> <span>Juan Carlos Copes muri\u00f3 este s\u00e1bado a los 90 a\u00f1os. Fue uno de los m\u00e1ximos exponentes de Tango Danza en el mundo. <\/span> <span>Foto: gentileza<\/span> <\/p>\n<\/p><\/div>\n<div readability=\"75\">\n<p>Este s\u00e1bado, el reconocido bailar\u00edn de tango<strong> Juan Carlos Copes falleci\u00f3 a los 90 a\u00f1os mientras se encontraba internado tras haber contra\u00eddo coronavirus. <\/strong>&#8220;Fue todo muy r\u00e1pido. Falleci\u00f3 mi pap\u00e1. <strong>Su brillo quedar\u00e1 intacto en las estrellas y en la historia del Tango Danza por siempre<\/strong>&#8220;, escribi\u00f3 su hija Johana, tambi\u00e9n bailarina del 2&#215;4, en su cuenta de la red social Facebook para dar la triste noticia.<\/p>\n<p>El artista, <strong>nacido en 1931 en el barrio porte\u00f1o de Mataderos, fue el principal promotor del tango danza como estilo core\u00f3grafo, luego de que la reconocida m\u00fasica rioplatense se difundiera internacionalmente. <\/strong>El v\u00ednculo de Copes con el tango fue natural: mientras su madre lo par\u00eda en la casa familiar, su abuelo materno, Juan Berti, tocaba el piano junto a unos amigos en el patio.<\/p>\n<p>En 1951 el artista se present\u00f3 junto a <strong>Mar\u00eda Nieves Rego<\/strong> en un concurso de baile en el Luna Park y compiti\u00f3 con 300 parejas: el primer puesto que logr\u00f3 en esa ocasi\u00f3n fue el despegue de una carrera que durar\u00eda m\u00e1s de medio siglo en las pistas.<\/p>\n<figure class=\"image\"><img alt=\"Un-tango-mas Mar\u00eda Nieves Rego y Juan Carlos Copes\" class=\"img-responsive\" height=\"600\" loading=\"lazy\" sizes=\"auto\" src=\"http:\/\/cordobadirecto.com\/wp-content\/uploads\/2021\/02\/con-coronavirus-murio-el-reconocido-bailarin-de-tango-juan-carlos-copes-1.jpg\" srcset=\"http:\/\/cordobadirecto.com\/wp-content\/uploads\/2021\/02\/con-coronavirus-murio-el-reconocido-bailarin-de-tango-juan-carlos-copes-1.jpg 895w, http:\/\/cordobadirecto.com\/wp-content\/uploads\/2021\/02\/con-coronavirus-murio-el-reconocido-bailarin-de-tango-juan-carlos-copes-3.jpg 400w\" width=\"895\"><figcaption>Junto a su hist\u00f3rica pareja, &nbsp;Mar\u00eda Nieves Rego, en un pasaje de la pel\u00edcula Un Tango m\u00e1s&nbsp;<\/figcaption><\/figure>\n<p>Sus movimientos al ritmo del tango llegaron al final <strong>en 2016, cuando una mala praxis en una operaci\u00f3n intestinal complic\u00f3 sus m\u00fasculos.<\/strong><\/p>\n<p>&#8220;Extra\u00f1o mucho el escenario porque vivo pensando en tango. <strong>Siempre me sent\u00ed un embajador sin cartera en el mundo y cre\u00ed que iba a ser reconocido en mi pa\u00eds,<\/strong> pero no pude bailar mi \u00faltimo tango&#8221;, lamentaba Copes en una entrevista que brind\u00f3 en septiembre de 2020. &#8220;Mi problema es la lumbalgia que se me hizo por aquel caso de mala praxis, no puedo caminar ni 50 metros. De todas formas, estoy bien de salud, tanto f\u00edsica como mentalmente&#8221;, agreg\u00f3 en esa oportunidad.<\/p>\n<p><strong>Pese a ser uno de los principales exponentes del tango danza, en los \u00faltimos a\u00f1os cay\u00f3 en una dura crisis econ\u00f3mica.<\/strong><\/p>\n<p><span>Fuente: Noticias Argentinas<\/span><\/p>\n<\/p><\/div>\n","protected":false},"excerpt":{"rendered":"<p>Juan Carlos Copes muri\u00f3 este s\u00e1bado a los 90 a\u00f1os. Fue uno de los m\u00e1ximos exponentes de Tango Danza en el mundo. Foto: gentileza Este s\u00e1bado, el reconocido bailar\u00edn de tango Juan Carlos Copes falleci\u00f3 a los 90 a\u00f1os mientras se encontraba internado tras haber contra\u00eddo coronavirus. &#8220;Fue todo muy r\u00e1pido. Falleci\u00f3 mi pap\u00e1. Su [&hellip;]<\/p>\n","protected":false},"author":1,"featured_media":1706,"comment_status":"closed","ping_status":"closed","sticky":false,"template":"","format":"standard","meta":[],"categories":[20],"tags":[],"_links":{"self":[{"href":"http:\/\/cordobadirecto.com\/index.php\/wp-json\/wp\/v2\/posts\/1705"}],"collection":[{"href":"http:\/\/cordobadirecto.com\/index.php\/wp-json\/wp\/v2\/posts"}],"about":[{"href":"http:\/\/cordobadirecto.com\/index.php\/wp-json\/wp\/v2\/types\/post"}],"author":[{"embeddable":true,"href":"http:\/\/cordobadirecto.com\/index.php\/wp-json\/wp\/v2\/users\/1"}],"replies":[{"embeddable":true,"href":"http:\/\/cordobadirecto.com\/index.php\/wp-json\/wp\/v2\/comments?post=1705"}],"version-history":[{"count":0,"href":"http:\/\/cordobadirecto.com\/index.php\/wp-json\/wp\/v2\/posts\/1705\/revisions"}],"wp:featuredmedia":[{"embeddable":true,"href":"http:\/\/cordobadirecto.com\/index.php\/wp-json\/wp\/v2\/media\/1706"}],"wp:attachment":[{"href":"http:\/\/cordobadirecto.com\/index.php\/wp-json\/wp\/v2\/media?parent=1705"}],"wp:term":[{"taxonomy":"category","embeddable":true,"href":"http:\/\/cordobadirecto.com\/index.php\/wp-json\/wp\/v2\/categories?post=1705"},{"taxonomy":"post_tag","embeddable":true,"href":"http:\/\/cordobadirecto.com\/index.php\/wp-json\/wp\/v2\/tags?post=1705"}],"curies":[{"name":"wp","href":"https:\/\/api.w.org\/{rel}","templated":true}]}}