{"id":170502,"date":"2025-07-10T15:47:49","date_gmt":"2025-07-10T15:47:49","guid":{"rendered":"https:\/\/www.bbc.com\/mundo\/articles\/cvg4p0dv5e4o#6"},"modified":"2025-07-10T15:47:49","modified_gmt":"2025-07-10T15:47:49","slug":"vuelve-a-tu-pinche-pais-gringo-que-papel-juegan-los-extranjeros-en-el-encarecimiento-de-la-vivienda-en-ciudad-de-mexico","status":"publish","type":"post","link":"http:\/\/cordobadirecto.com\/index.php\/2025\/07\/10\/vuelve-a-tu-pinche-pais-gringo-que-papel-juegan-los-extranjeros-en-el-encarecimiento-de-la-vivienda-en-ciudad-de-mexico\/","title":{"rendered":"&#8220;Vuelve a tu pinche pa\u00eds, gringo&#8221;: qu\u00e9 papel juegan los extranjeros en el encarecimiento de la vivienda en Ciudad de M\u00e9xico"},"content":{"rendered":"<figure class=\"bbc-1qn0xuy\" readability=\"1.5\">\n<div class=\"bbc-17ytifv\" readability=\"8\"><img src=\"http:\/\/cordobadirecto.com\/wp-content\/uploads\/2025\/07\/vuelve-a-tu-pinche-pais-gringo-que-papel-juegan-los-extranjeros-en-el-encarecimiento-de-la-vivienda-en-ciudad-de-mexico.webp\" srcset=\"http:\/\/cordobadirecto.com\/wp-content\/uploads\/2025\/07\/vuelve-a-tu-pinche-pais-gringo-que-papel-juegan-los-extranjeros-en-el-encarecimiento-de-la-vivienda-en-ciudad-de-mexico-138.webp 240w, http:\/\/cordobadirecto.com\/wp-content\/uploads\/2025\/07\/vuelve-a-tu-pinche-pais-gringo-que-papel-juegan-los-extranjeros-en-el-encarecimiento-de-la-vivienda-en-ciudad-de-mexico-139.webp 320w, http:\/\/cordobadirecto.com\/wp-content\/uploads\/2025\/07\/vuelve-a-tu-pinche-pais-gringo-que-papel-juegan-los-extranjeros-en-el-encarecimiento-de-la-vivienda-en-ciudad-de-mexico-140.webp 480w, http:\/\/cordobadirecto.com\/wp-content\/uploads\/2025\/07\/vuelve-a-tu-pinche-pais-gringo-que-papel-juegan-los-extranjeros-en-el-encarecimiento-de-la-vivienda-en-ciudad-de-mexico-141.webp 624w, http:\/\/cordobadirecto.com\/wp-content\/uploads\/2025\/07\/vuelve-a-tu-pinche-pais-gringo-que-papel-juegan-los-extranjeros-en-el-encarecimiento-de-la-vivienda-en-ciudad-de-mexico-142.webp 800w\" sizes=\"(min-width: 1008px) 760px, 100vw\" alt=\"Protesta en Ciudad de M\u00e9xico contra la gentrificaci\u00f3n.\" loading=\"eager\" width=\"1005\" height=\"566\" class=\"bbc-139onq\"><\/p>\n<p class=\"bbc-by8ykd\" role=\"text\"><span class=\"bbc-m04vo2\">Fuente de la imagen, <\/span><span lang=\"en-GB\">Getty Images<\/span><\/p>\n<\/div><figcaption class=\"bbc-15f1ujd\" dir=\"ltr\"><span role=\"text\"><span class=\"bbc-m04vo2\">Pie de foto, <\/span><span data-testid=\"caption-paragraph\">Protesta en Ciudad de M\u00e9xico contra la gentrificaci\u00f3n.<\/span><\/span><\/figcaption><\/figure>\n<section role=\"region\" aria-labelledby=\"article-byline\"><strong id=\"article-byline\" aria-hidden=\"true\" class=\"bbc-m04vo2\">Informaci\u00f3n del art\u00edculo<\/strong><\/p>\n<ul class=\"bbc-1rvtlej\">\n<li class=\"bbc-oe8da4\">\n<ul role=\"list\" class=\"bbc-r1yif8\">\n<li><span class=\"bbc-m04vo2\">Autor, Daniel Pardo <\/span><a href=\"https:\/\/www.bbc.com\/mundo\/topics\/c1wkg03z38xt\" class=\"focusIndicatorReducedWidth bbc-l8gvrn\"><span class=\"byline-link bbc-1pjt3qe\">Daniel Pardo <\/span><svg viewBox=\"0 0 32 32\" focusable=\"false\" aria-hidden=\"true\" width=\"12\" height=\"12\" class=\"byline-link bbc-1d5s1n6\"><path d=\"M21.6 14.3L5.5 31h6.4l14.6-15L11.9 1H5.5l16.1 16.7v-3.4z\" \/><\/svg><\/a><\/li>\n<li><span role=\"text\"><span class=\"bbc-m04vo2\">T\u00edtulo del autor, <!-- --> <\/span><span class=\"bbc-1y5sx98\">Corresponsal de BBC Mundo en M\u00e9xico<\/span><\/span><\/li>\n<\/ul>\n<\/li>\n<li class=\"bbc-12x2qfl\">\n<p><time datetime=\"2025-07-10\" class=\"bbc-1dafq0j e1mklfmt0\">10 julio 2025<\/time><\/p>\n<\/li>\n<\/ul>\n<\/section>\n<div dir=\"ltr\" class=\"bbc-19j92fr ebmt73l0\" readability=\"11\">\n<p dir=\"ltr\" class=\"bbc-hhl7in e17g058b0\"><b>&#8220;Dile no a la gentrificaci\u00f3n colonial&#8221;, dec\u00eda uno. &#8220;Vuelve a tu pinche pa\u00eds, gringo&#8221;, ped\u00eda otro. Y uno m\u00e1s se\u00f1alaba: &#8220;Nuestra identidad no es un negocio&#8221;.<\/b><\/p>\n<\/div>\n<div dir=\"ltr\" class=\"bbc-19j92fr ebmt73l0\" readability=\"9\">\n<p dir=\"ltr\" class=\"bbc-hhl7in e17g058b0\">Los carteles en la manifestaci\u00f3n contra la gentrificaci\u00f3n en Ciudad de M\u00e9xico la semana pasada dieron cuenta de que el reclamo no es solo por la llegada de n\u00f3madas digitales tras la pandemia a las colonias de moda de la capital.<\/p>\n<\/div>\n<div dir=\"ltr\" class=\"bbc-19j92fr ebmt73l0\" readability=\"15\">\n<p dir=\"ltr\" class=\"bbc-hhl7in e17g058b0\">La protesta, de al menos un centenar de personas, la mayor\u00eda de ellos j\u00f3venes, se celebr\u00f3 en los barrios m\u00e1s tur\u00edsticos de la ciudad, Roma y Condesa, all\u00ed donde es frecuente ver extranjeros deambular, pasear a sus mascotas y trabajar desde los bares y caf\u00e9s.<\/p>\n<\/div>\n<div dir=\"ltr\" class=\"bbc-19j92fr ebmt73l0\" readability=\"13\">\n<p dir=\"ltr\" class=\"bbc-hhl7in e17g058b0\">Y en parte porque la manifestaci\u00f3n termin\u00f3 con destrozos en locales comerciales, pero sobre todo porque se da en momento sensible de la relaci\u00f3n de M\u00e9xico con Estados Unidos, lo que en un principio pareci\u00f3 una marcha puntual de vecinos termin\u00f3 reanimando un debate nacional de fondo sobre la vivienda digna y el turismo, una de las mayores fuentes de ingresos del pa\u00eds.<\/p>\n<\/div>\n<div dir=\"ltr\" class=\"bbc-19j92fr ebmt73l0\" readability=\"8\">\n<p dir=\"ltr\" class=\"bbc-hhl7in e17g058b0\">Las fotos de los desmanes abrieron los peri\u00f3dicos. Decenas de columnistas e influenciadores en redes sociales entraron en la pol\u00e9mica.<\/p>\n<\/div>\n<section data-e2e=\"recommendations-heading\" role=\"region\" aria-labelledby=\"recommendations-heading\" class=\"bbc-1o3v5ug\"><\/section>\n<div dir=\"ltr\" class=\"bbc-19j92fr ebmt73l0\" readability=\"12\">\n<p dir=\"ltr\" class=\"bbc-hhl7in e17g058b0\">La presidenta, Claudia Sheinbaum, dijo rechazar la &#8220;xenofobia&#8221; impl\u00edcita en algunos de los mensajes, y dos d\u00edas despu\u00e9s a\u00f1adi\u00f3 que la gentrificaci\u00f3n se atiende con construcci\u00f3n de vivienda social.<\/p>\n<\/div>\n<div dir=\"ltr\" class=\"bbc-19j92fr ebmt73l0\" readability=\"16\">\n<p dir=\"ltr\" class=\"bbc-hhl7in e17g058b0\">&#8220;Tiene que atenderse de manera integral el que no se encarezca el nivel de vida en la ciudad y, particularmente, el costo de la vivienda y de la renta&#8221;, dijo la mandataria, quien prometi\u00f3 colaborar con el gobierno de la capital, que presidi\u00f3 de 2018 a 2023, para impulsar proyectos que eviten la segregaci\u00f3n social.<\/p>\n<\/div>\n<figure class=\"bbc-1qn0xuy\" readability=\"1.5\">\n<div class=\"bbc-17ytifv\" readability=\"8\"><img src=\"http:\/\/cordobadirecto.com\/wp-content\/uploads\/2025\/07\/vuelve-a-tu-pinche-pais-gringo-que-papel-juegan-los-extranjeros-en-el-encarecimiento-de-la-vivienda-en-ciudad-de-mexico-133.webp\" srcset=\"http:\/\/cordobadirecto.com\/wp-content\/uploads\/2025\/07\/vuelve-a-tu-pinche-pais-gringo-que-papel-juegan-los-extranjeros-en-el-encarecimiento-de-la-vivienda-en-ciudad-de-mexico-143.webp 240w, http:\/\/cordobadirecto.com\/wp-content\/uploads\/2025\/07\/vuelve-a-tu-pinche-pais-gringo-que-papel-juegan-los-extranjeros-en-el-encarecimiento-de-la-vivienda-en-ciudad-de-mexico-144.webp 320w, http:\/\/cordobadirecto.com\/wp-content\/uploads\/2025\/07\/vuelve-a-tu-pinche-pais-gringo-que-papel-juegan-los-extranjeros-en-el-encarecimiento-de-la-vivienda-en-ciudad-de-mexico-145.webp 480w, http:\/\/cordobadirecto.com\/wp-content\/uploads\/2025\/07\/vuelve-a-tu-pinche-pais-gringo-que-papel-juegan-los-extranjeros-en-el-encarecimiento-de-la-vivienda-en-ciudad-de-mexico-146.webp 624w, http:\/\/cordobadirecto.com\/wp-content\/uploads\/2025\/07\/vuelve-a-tu-pinche-pais-gringo-que-papel-juegan-los-extranjeros-en-el-encarecimiento-de-la-vivienda-en-ciudad-de-mexico-147.webp 800w\" sizes=\"(min-width: 1008px) 760px, 100vw\" alt=\"Protesta en M\u00e9xico\" loading=\"lazy\" width=\"976\" height=\"549\" class=\"bbc-139onq\"><\/p>\n<p class=\"bbc-by8ykd\" role=\"text\"><span class=\"bbc-m04vo2\">Fuente de la imagen, <\/span><span lang=\"en-GB\">Getty Images<\/span><\/p>\n<\/div><figcaption class=\"bbc-15f1ujd\" dir=\"ltr\"><span role=\"text\"><span class=\"bbc-m04vo2\">Pie de foto, <\/span><span data-testid=\"caption-paragraph\">La protesta recorri\u00f3 la zona m\u00e1s comercial y tur\u00edstica de la capital mexicana. <\/span><\/span><\/figcaption><\/figure>\n<p><h2 id=\"La-llegada-de-los-n\u00f3madas\" tabindex=\"-1\" class=\"bbc-1lgzob2 eglt09e0\">La llegada de los n\u00f3madas<\/h2>\n<\/p>\n<div dir=\"ltr\" class=\"bbc-19j92fr ebmt73l0\" readability=\"13\">\n<p dir=\"ltr\" class=\"bbc-hhl7in e17g058b0\">La Roma y La Condesa son dos de los barrios m\u00e1s codiciados de la CDMX por varias razones: est\u00e1n cerca del centro, gozan naturaleza exuberante que en el resto de la ciudad escasea, ostentan una mezcla de estilos arquitect\u00f3nicos modernos y en la \u00faltima d\u00e9cada se han repoblado con restaurantes sofisticados, tiendas naturistas y caf\u00e9s.<\/p>\n<\/div>\n<div dir=\"ltr\" class=\"bbc-19j92fr ebmt73l0\" readability=\"12\">\n<p dir=\"ltr\" class=\"bbc-hhl7in e17g058b0\">La urbanizaci\u00f3n de ambas colonias se dio durante todo el siglo XX, por lo que ambas fueron epicentro de las diferentes olas art\u00edsticas e intelectuales que pasaron por la capital mexicana. Hasta ahora fueron, en su mayor\u00eda, colonias de clase media alta.<\/p>\n<\/div>\n<div dir=\"ltr\" class=\"bbc-19j92fr ebmt73l0\" readability=\"11\">\n<p dir=\"ltr\" class=\"bbc-hhl7in e17g058b0\">Aunque la conversi\u00f3n de estos barrios en sitio de culto del turismo internacional empez\u00f3 antes \u2014y algo habr\u00e1 contribuido la pel\u00edcula Roma ganadora del Oscar a mejor cinta en 2018\u2014, durante la pandemia llegaron miles de extranjeros en busca de optimizar sus salarios en ciudades atractivas del mundo en desarrollo.<\/p>\n<\/div>\n<div dir=\"ltr\" class=\"bbc-19j92fr ebmt73l0\" readability=\"8\">\n<p dir=\"ltr\" class=\"bbc-hhl7in e17g058b0\">La CDMX ha vivido un boom de consumo y apertura de nuevos restaurantes y bares en los \u00faltimos a\u00f1os.<\/p>\n<\/div>\n<div dir=\"ltr\" class=\"bbc-19j92fr ebmt73l0\" readability=\"10\">\n<p dir=\"ltr\" class=\"bbc-hhl7in e17g058b0\">Eso dio origen a la \u00faltima ola de gentrificaci\u00f3n, es decir, de salida de residentes locales y entrada de nuevos proyectos destinados al turismo.<\/p>\n<\/div>\n<div dir=\"ltr\" class=\"bbc-19j92fr ebmt73l0\" readability=\"13\">\n<p dir=\"ltr\" class=\"bbc-hhl7in e17g058b0\">La diferencia con esta nueva ola, y con lo que ocurre en las decenas de ciudades que sufren por la gentrificaci\u00f3n, es que en M\u00e9xico hay un grave d\u00e9ficit de vivienda, no solo en estos barrios sino en todo el pa\u00eds, que encarece sus precios y genera profundo malestar social.<\/p>\n<\/div>\n<figure class=\"bbc-1qn0xuy\" readability=\"1.5\">\n<div class=\"bbc-17ytifv\" readability=\"8\"><img src=\"http:\/\/cordobadirecto.com\/wp-content\/uploads\/2025\/07\/vuelve-a-tu-pinche-pais-gringo-que-papel-juegan-los-extranjeros-en-el-encarecimiento-de-la-vivienda-en-ciudad-de-mexico-134.webp\" srcset=\"http:\/\/cordobadirecto.com\/wp-content\/uploads\/2025\/07\/vuelve-a-tu-pinche-pais-gringo-que-papel-juegan-los-extranjeros-en-el-encarecimiento-de-la-vivienda-en-ciudad-de-mexico-148.webp 240w, http:\/\/cordobadirecto.com\/wp-content\/uploads\/2025\/07\/vuelve-a-tu-pinche-pais-gringo-que-papel-juegan-los-extranjeros-en-el-encarecimiento-de-la-vivienda-en-ciudad-de-mexico-149.webp 320w, http:\/\/cordobadirecto.com\/wp-content\/uploads\/2025\/07\/vuelve-a-tu-pinche-pais-gringo-que-papel-juegan-los-extranjeros-en-el-encarecimiento-de-la-vivienda-en-ciudad-de-mexico-150.webp 480w, http:\/\/cordobadirecto.com\/wp-content\/uploads\/2025\/07\/vuelve-a-tu-pinche-pais-gringo-que-papel-juegan-los-extranjeros-en-el-encarecimiento-de-la-vivienda-en-ciudad-de-mexico-151.webp 624w, http:\/\/cordobadirecto.com\/wp-content\/uploads\/2025\/07\/vuelve-a-tu-pinche-pais-gringo-que-papel-juegan-los-extranjeros-en-el-encarecimiento-de-la-vivienda-en-ciudad-de-mexico-152.webp 800w\" sizes=\"(min-width: 1008px) 760px, 100vw\" alt=\"M\u00e9xico\" loading=\"lazy\" width=\"1024\" height=\"683\" class=\"bbc-139onq\"><\/p>\n<p class=\"bbc-by8ykd\" role=\"text\"><span class=\"bbc-m04vo2\">Fuente de la imagen, <\/span><span lang=\"en-GB\">Getty Images<\/span><\/p>\n<\/div>\n<\/figure>\n<p><h2 id=\"El-encarecimiento-de-la-vivienda\" tabindex=\"-1\" class=\"bbc-1lgzob2 eglt09e0\">El encarecimiento de la vivienda<\/h2>\n<\/p>\n<div dir=\"ltr\" class=\"bbc-19j92fr ebmt73l0\" readability=\"10\">\n<p dir=\"ltr\" class=\"bbc-hhl7in e17g058b0\">Para suplir la falta de vivienda nueva, M\u00e9xico deber\u00eda estar construyendo tres veces m\u00e1s residencias de lo que hace, seg\u00fan estimaciones del sector inmobiliario.<\/p>\n<\/div>\n<div dir=\"ltr\" class=\"bbc-19j92fr ebmt73l0\" readability=\"10\">\n<p dir=\"ltr\" class=\"bbc-hhl7in e17g058b0\">La Sociedad Hipotecaria Federal, una fiduciaria estatal, reporta que el valor promedio de la vivienda en M\u00e9xico ha crecido al doble de la inflaci\u00f3n en los \u00faltimos 10 a\u00f1os.<\/p>\n<\/div>\n<div dir=\"ltr\" class=\"bbc-19j92fr ebmt73l0\" readability=\"12\">\n<p dir=\"ltr\" class=\"bbc-hhl7in e17g058b0\">Y, de hecho, en los \u00faltimos dos a\u00f1os en Ciudad de M\u00e9xico el aumento ha sido menor que en el resto del pa\u00eds, por lo que muchos se preguntan si la gentrificaci\u00f3n de los barrios de moda realmente contribuye al alza.<\/p>\n<\/div>\n<div dir=\"ltr\" class=\"bbc-19j92fr ebmt73l0\" readability=\"14\">\n<p dir=\"ltr\" class=\"bbc-hhl7in e17g058b0\">&#8220;La gentrificaci\u00f3n est\u00e1 inmiscuida&#8221;, dice M\u00e1ximo Jaramillo, un soci\u00f3logo experto en temas de desigualdad y urbanismo. &#8220;Porque genera un efecto domin\u00f3, epidemiol\u00f3gico casi, que hace que suban los precios de los barrios aleda\u00f1os a cuenta de que la referencia del mercado tiende a basarse en la experiencia de los barrios donde est\u00e1 el movimiento&#8221;.<\/p>\n<\/div>\n<div dir=\"ltr\" class=\"bbc-19j92fr ebmt73l0\" readability=\"12\">\n<p dir=\"ltr\" class=\"bbc-hhl7in e17g058b0\">Viri R\u00edos, una polit\u00f3loga y analista, a\u00f1ade: &#8220;Es dif\u00edcil determinar exactamente cu\u00e1nto influye la gentrificaci\u00f3n en el aumento de precios, y lo cierto es que el aumento empez\u00f3 antes de la llegada de los n\u00f3madas digitales&#8221;.<\/p>\n<\/div>\n<div dir=\"ltr\" class=\"bbc-19j92fr ebmt73l0\" readability=\"12\">\n<p dir=\"ltr\" class=\"bbc-hhl7in e17g058b0\">Ambos expertos, sin embargo, hacen \u00e9nfasis en el d\u00e9ficit de viviendas, que en todo M\u00e9xico ronda las 800.000, seg\u00fan cifras oficiales.<\/p>\n<\/div>\n<div dir=\"ltr\" class=\"bbc-19j92fr ebmt73l0\" readability=\"16\">\n<p dir=\"ltr\" class=\"bbc-hhl7in e17g058b0\">Y causas de ello, se\u00f1alan, son muchas: el monopolio de materiales cementeros en manos de un par de empresas protegidas, el elevado costo de los permisos de construcci\u00f3n, la falta de planeaci\u00f3n urbana que impide el crecimiento vertical de la ciudad y que la reciente regulaci\u00f3n a las plataformas de renta corta como Airbnb, la cual buscaba precisamente acortar las estancias, no se ha puesto en pr\u00e1ctica.<\/p>\n<\/div>\n<div dir=\"ltr\" class=\"bbc-19j92fr ebmt73l0\" readability=\"16\">\n<p dir=\"ltr\" class=\"bbc-hhl7in e17g058b0\">R\u00edos, directora de un newsletter en ingl\u00e9s llamado Mexico Decoded, apunta sobre el tema de planeaci\u00f3n: &#8220;Se pens\u00f3 que las nuevas generaciones iban a querer vivir, como sus padres, en las periferias de las ciudades bajo el esquema de la familia tradicional, y result\u00f3 que no, que los j\u00f3venes quer\u00edan vivir en los centros&#8221;.<\/p>\n<\/div>\n<div dir=\"ltr\" class=\"bbc-19j92fr ebmt73l0\" readability=\"11\">\n<p dir=\"ltr\" class=\"bbc-hhl7in e17g058b0\">La gran mayor\u00eda de los manifestantes en la reciente protestas eran, en efecto, j\u00f3venes. &#8220;Y es que son los m\u00e1s afectados&#8221;, se\u00f1ala R\u00edos.<\/p>\n<\/div>\n<div dir=\"ltr\" class=\"bbc-19j92fr ebmt73l0\" readability=\"17\">\n<p dir=\"ltr\" class=\"bbc-hhl7in e17g058b0\">Jaramillo, director de Gatitos Contra la Desigualdad, un proyecto de divulgaci\u00f3n, destaca el elemento de la falta de regulaci\u00f3n, no solo legal, sino financiera: &#8220;La vivienda dej\u00f3 de verse como una necesidad objeto de derechos y se convirti\u00f3 en un activo financiero que, por dise\u00f1o, hace que aumenten los precios m\u00e1s all\u00e1 de la demanda y m\u00e1s all\u00e1 de las necesidades&#8221;.<\/p>\n<\/div>\n<figure class=\"bbc-1qn0xuy\" readability=\"1.5\">\n<div class=\"bbc-17ytifv\" readability=\"8\"><img src=\"http:\/\/cordobadirecto.com\/wp-content\/uploads\/2025\/07\/vuelve-a-tu-pinche-pais-gringo-que-papel-juegan-los-extranjeros-en-el-encarecimiento-de-la-vivienda-en-ciudad-de-mexico-135.webp\" srcset=\"http:\/\/cordobadirecto.com\/wp-content\/uploads\/2025\/07\/vuelve-a-tu-pinche-pais-gringo-que-papel-juegan-los-extranjeros-en-el-encarecimiento-de-la-vivienda-en-ciudad-de-mexico-153.webp 240w, http:\/\/cordobadirecto.com\/wp-content\/uploads\/2025\/07\/vuelve-a-tu-pinche-pais-gringo-que-papel-juegan-los-extranjeros-en-el-encarecimiento-de-la-vivienda-en-ciudad-de-mexico-154.webp 320w, http:\/\/cordobadirecto.com\/wp-content\/uploads\/2025\/07\/vuelve-a-tu-pinche-pais-gringo-que-papel-juegan-los-extranjeros-en-el-encarecimiento-de-la-vivienda-en-ciudad-de-mexico-155.webp 480w, http:\/\/cordobadirecto.com\/wp-content\/uploads\/2025\/07\/vuelve-a-tu-pinche-pais-gringo-que-papel-juegan-los-extranjeros-en-el-encarecimiento-de-la-vivienda-en-ciudad-de-mexico-156.webp 624w, http:\/\/cordobadirecto.com\/wp-content\/uploads\/2025\/07\/vuelve-a-tu-pinche-pais-gringo-que-papel-juegan-los-extranjeros-en-el-encarecimiento-de-la-vivienda-en-ciudad-de-mexico-157.webp 800w\" sizes=\"(min-width: 1008px) 760px, 100vw\" alt=\"Protesta en M\u00e9xico\" loading=\"lazy\" width=\"976\" height=\"549\" class=\"bbc-139onq\"><\/p>\n<p class=\"bbc-by8ykd\" role=\"text\"><span class=\"bbc-m04vo2\">Fuente de la imagen, <\/span><span lang=\"en-GB\">Getty Images<\/span><\/p>\n<\/div>\n<\/figure>\n<p><h2 id=\"Qu\u00e9-hacer\" tabindex=\"-1\" class=\"bbc-1lgzob2 eglt09e0\">Qu\u00e9 hacer<\/h2>\n<\/p>\n<div dir=\"ltr\" class=\"bbc-19j92fr ebmt73l0\" readability=\"7\">\n<p dir=\"ltr\" class=\"bbc-hhl7in e17g058b0\">La marcha reaviv\u00f3 el debate y todo indica que las autoridades est\u00e1n tomando nota.<\/p>\n<\/div>\n<div dir=\"ltr\" class=\"bbc-19j92fr ebmt73l0\" readability=\"10\">\n<p dir=\"ltr\" class=\"bbc-hhl7in e17g058b0\">La alcaldesca, Clara Brugada, dijo que acelerar\u00e1 la puesta en pr\u00e1ctica de le regulaci\u00f3n de plataforma de corta estancia e inici\u00f3 asambleas con las comunidades afectadas.<\/p>\n<\/div>\n<div dir=\"ltr\" class=\"bbc-19j92fr ebmt73l0\" readability=\"10\">\n<p dir=\"ltr\" class=\"bbc-hhl7in e17g058b0\">Y la presidenta Sheinbaum se refiri\u00f3 a su plan, propuesto en campa\u00f1a, para construir un mill\u00f3n de viviendas sociales.<\/p>\n<\/div>\n<div dir=\"ltr\" class=\"bbc-19j92fr ebmt73l0\" readability=\"13\">\n<p dir=\"ltr\" class=\"bbc-hhl7in e17g058b0\">&#8220;Uno de los objetivos \u2014acota Jaramillo\u2014 tiene que ser que, para garantizar el derecho, un porcentaje de la vivienda salga del mercado y que haya inquilinos con contrato de por vida, por ejemplo, para que no se pueda vender&#8221;.<\/p>\n<\/div>\n<figure class=\"bbc-1qn0xuy\" readability=\"1.5\">\n<div class=\"bbc-17ytifv\" readability=\"8\"><img src=\"http:\/\/cordobadirecto.com\/wp-content\/uploads\/2025\/07\/vuelve-a-tu-pinche-pais-gringo-que-papel-juegan-los-extranjeros-en-el-encarecimiento-de-la-vivienda-en-ciudad-de-mexico-136.webp\" srcset=\"http:\/\/cordobadirecto.com\/wp-content\/uploads\/2025\/07\/vuelve-a-tu-pinche-pais-gringo-que-papel-juegan-los-extranjeros-en-el-encarecimiento-de-la-vivienda-en-ciudad-de-mexico-158.webp 240w, http:\/\/cordobadirecto.com\/wp-content\/uploads\/2025\/07\/vuelve-a-tu-pinche-pais-gringo-que-papel-juegan-los-extranjeros-en-el-encarecimiento-de-la-vivienda-en-ciudad-de-mexico-159.webp 320w, http:\/\/cordobadirecto.com\/wp-content\/uploads\/2025\/07\/vuelve-a-tu-pinche-pais-gringo-que-papel-juegan-los-extranjeros-en-el-encarecimiento-de-la-vivienda-en-ciudad-de-mexico-160.webp 480w, http:\/\/cordobadirecto.com\/wp-content\/uploads\/2025\/07\/vuelve-a-tu-pinche-pais-gringo-que-papel-juegan-los-extranjeros-en-el-encarecimiento-de-la-vivienda-en-ciudad-de-mexico-161.webp 624w, http:\/\/cordobadirecto.com\/wp-content\/uploads\/2025\/07\/vuelve-a-tu-pinche-pais-gringo-que-papel-juegan-los-extranjeros-en-el-encarecimiento-de-la-vivienda-en-ciudad-de-mexico-162.webp 800w\" sizes=\"(min-width: 1008px) 760px, 100vw\" alt=\"Trump en protesta en M\u00e9xico\" loading=\"lazy\" width=\"976\" height=\"549\" class=\"bbc-139onq\"><\/p>\n<p class=\"bbc-by8ykd\" role=\"text\"><span class=\"bbc-m04vo2\">Fuente de la imagen, <\/span><span lang=\"en-GB\">Getty Images<\/span><\/p>\n<\/div><figcaption class=\"bbc-15f1ujd\" dir=\"ltr\"><span role=\"text\"><span class=\"bbc-m04vo2\">Pie de foto, <\/span><span data-testid=\"caption-paragraph\">Trump se hizo presente en las protestas. <\/span><\/span><\/figcaption><\/figure>\n<p><h2 id=\"El-factor-Trump\" tabindex=\"-1\" class=\"bbc-1lgzob2 eglt09e0\">El factor Trump<\/h2>\n<\/p>\n<div dir=\"ltr\" class=\"bbc-19j92fr ebmt73l0\" readability=\"9\">\n<p dir=\"ltr\" class=\"bbc-hhl7in e17g058b0\">Otra de las cosas que destacaron en los carteles de la marcha fue la presencia de Donald Trump y Elon Musk como protagonistas de esa andanada colonialista que los manifestantes perciben en la gentrificaci\u00f3n.<\/p>\n<\/div>\n<div dir=\"ltr\" class=\"bbc-19j92fr ebmt73l0\" readability=\"12\">\n<p dir=\"ltr\" class=\"bbc-hhl7in e17g058b0\">&#8220;Se juntaron dos cosas que, juntas, son dinamita \u2014dice R\u00edos\u2014: la demanda leg\u00edtima por la regulaci\u00f3n de la renta temporal y el clima en la relaci\u00f3n bilateral, que ha profundizado el sentir de rechazo hacia los americanos&#8221;.<\/p>\n<\/div>\n<div dir=\"ltr\" class=\"bbc-19j92fr ebmt73l0\" readability=\"11\">\n<p dir=\"ltr\" class=\"bbc-hhl7in e17g058b0\">Jaramillo coincide: &#8220;El trasfondo hist\u00f3rico es muy fuerte. Lo que los mexicanos hemos perdido y lo que seguimos perdiendo es descomunal. Muchos tenemos familiares en EE.UU. escondidos, que no pueden ir a trabajar, por las redadas de Trump. La rabia se entiende&#8221;.<\/p>\n<\/div>\n<div dir=\"ltr\" class=\"bbc-19j92fr ebmt73l0\" readability=\"10\">\n<p dir=\"ltr\" class=\"bbc-hhl7in e17g058b0\">El debate sobre gentrificaci\u00f3n, o la protesta en Roma y Condesa, termin\u00f3 siendo una foto del pasado y el presente de M\u00e9xico.<\/p>\n<\/div>\n<figure class=\"bbc-1qn0xuy\">\n<div class=\"bbc-17ytifv\"><img src=\"http:\/\/cordobadirecto.com\/wp-content\/uploads\/2025\/07\/vuelve-a-tu-pinche-pais-gringo-que-papel-juegan-los-extranjeros-en-el-encarecimiento-de-la-vivienda-en-ciudad-de-mexico-137.webp\" srcset=\"http:\/\/cordobadirecto.com\/wp-content\/uploads\/2025\/07\/vuelve-a-tu-pinche-pais-gringo-que-papel-juegan-los-extranjeros-en-el-encarecimiento-de-la-vivienda-en-ciudad-de-mexico-163.webp 240w, http:\/\/cordobadirecto.com\/wp-content\/uploads\/2025\/07\/vuelve-a-tu-pinche-pais-gringo-que-papel-juegan-los-extranjeros-en-el-encarecimiento-de-la-vivienda-en-ciudad-de-mexico-164.webp 320w, http:\/\/cordobadirecto.com\/wp-content\/uploads\/2025\/07\/vuelve-a-tu-pinche-pais-gringo-que-papel-juegan-los-extranjeros-en-el-encarecimiento-de-la-vivienda-en-ciudad-de-mexico-165.webp 480w, http:\/\/cordobadirecto.com\/wp-content\/uploads\/2025\/07\/vuelve-a-tu-pinche-pais-gringo-que-papel-juegan-los-extranjeros-en-el-encarecimiento-de-la-vivienda-en-ciudad-de-mexico-166.webp 624w, http:\/\/cordobadirecto.com\/wp-content\/uploads\/2025\/07\/vuelve-a-tu-pinche-pais-gringo-que-papel-juegan-los-extranjeros-en-el-encarecimiento-de-la-vivienda-en-ciudad-de-mexico-167.webp 800w\" sizes=\"(min-width: 1008px) 760px, 100vw\" alt=\"L\u00ednea\" loading=\"lazy\" width=\"800\" height=\"100\" class=\"bbc-139onq\"><\/div>\n<\/figure>\n<div dir=\"ltr\" class=\"bbc-19j92fr ebmt73l0\" readability=\"6.9206349206349\">\n<p dir=\"ltr\" class=\"bbc-hhl7in e17g058b0\"><a href=\"https:\/\/www.bbc.com\/mundo\/send\/u184973209\" class=\"focusIndicatorReducedWidth bbc-n8oauk e1p3sufg0\"><i class=\"bbc-h1y5j7 eih42320\">Suscr\u00edbete aqu\u00ed<\/i><\/a><i class=\"bbc-h1y5j7 eih42320\"> a nuestro nuevo newsletter para recibir cada viernes una selecci\u00f3n de nuestro mejor contenido de la semana.<\/i><\/p>\n<\/div>\n<div dir=\"ltr\" class=\"bbc-19j92fr ebmt73l0\" readability=\"8\">\n<p dir=\"ltr\" class=\"bbc-hhl7in e17g058b0\"><i class=\"bbc-h1y5j7 eih42320\">Y recuerda que puedes recibir notificaciones en nuestra app. Descarga la \u00faltima versi\u00f3n y act\u00edvalas.<\/i><\/p>\n<\/div>\n","protected":false},"excerpt":{"rendered":"<p>Fuente de la imagen, Getty Images Pie de foto, Protesta en Ciudad de M\u00e9xico contra la gentrificaci\u00f3n. Informaci\u00f3n del art\u00edculo Autor, Daniel Pardo Daniel Pardo T\u00edtulo del autor, Corresponsal de BBC Mundo en M\u00e9xico 10 julio 2025 &#8220;Dile no a la gentrificaci\u00f3n colonial&#8221;, dec\u00eda uno. &#8220;Vuelve a tu pinche pa\u00eds, gringo&#8221;, ped\u00eda otro. Y uno [&hellip;]<\/p>\n","protected":false},"author":1,"featured_media":0,"comment_status":"closed","ping_status":"closed","sticky":false,"template":"","format":"standard","meta":[],"categories":[24],"tags":[],"_links":{"self":[{"href":"http:\/\/cordobadirecto.com\/index.php\/wp-json\/wp\/v2\/posts\/170502"}],"collection":[{"href":"http:\/\/cordobadirecto.com\/index.php\/wp-json\/wp\/v2\/posts"}],"about":[{"href":"http:\/\/cordobadirecto.com\/index.php\/wp-json\/wp\/v2\/types\/post"}],"author":[{"embeddable":true,"href":"http:\/\/cordobadirecto.com\/index.php\/wp-json\/wp\/v2\/users\/1"}],"replies":[{"embeddable":true,"href":"http:\/\/cordobadirecto.com\/index.php\/wp-json\/wp\/v2\/comments?post=170502"}],"version-history":[{"count":0,"href":"http:\/\/cordobadirecto.com\/index.php\/wp-json\/wp\/v2\/posts\/170502\/revisions"}],"wp:attachment":[{"href":"http:\/\/cordobadirecto.com\/index.php\/wp-json\/wp\/v2\/media?parent=170502"}],"wp:term":[{"taxonomy":"category","embeddable":true,"href":"http:\/\/cordobadirecto.com\/index.php\/wp-json\/wp\/v2\/categories?post=170502"},{"taxonomy":"post_tag","embeddable":true,"href":"http:\/\/cordobadirecto.com\/index.php\/wp-json\/wp\/v2\/tags?post=170502"}],"curies":[{"name":"wp","href":"https:\/\/api.w.org\/{rel}","templated":true}]}}