{"id":170505,"date":"2025-07-15T22:45:27","date_gmt":"2025-07-15T22:45:27","guid":{"rendered":"https:\/\/www.ole.com.ar\/autos\/jenson-button-declaraciones-dupla-max-verstappen-george-russell-mercedes-benz-formula-1-f1_0_ERkF0AiO2x.html"},"modified":"2025-07-15T22:45:27","modified_gmt":"2025-07-15T22:45:27","slug":"el-campeon-de-la-formula-1-que-quiere-ver-a-verstappen-junto-a-russell-en-mercedes","status":"publish","type":"post","link":"http:\/\/cordobadirecto.com\/index.php\/2025\/07\/15\/el-campeon-de-la-formula-1-que-quiere-ver-a-verstappen-junto-a-russell-en-mercedes\/","title":{"rendered":"El campe\u00f3n de la F\u00f3rmula 1 que quiere ver a Verstappen junto a Russell en Mercedes"},"content":{"rendered":"<p><time class=\"createDate\" datetime=\"2025-07-15T19:45:27-03:00\">15\/07\/2025 19:45hs.<\/time><\/p>\n<div id=\"storyBody\">\n<div class=\"custom-text \" readability=\"41.298831385643\">\n<p>Despu\u00e9s del Gran Premio de Gran Breta\u00f1a, la <strong><a href=\"https:\/\/www.ole.com.ar\/tema\/formula-1.html\" title=\"F\u00f3rmula 1\" alt=\"F\u00f3rmula 1\" class=\"slug\">F\u00f3rmula 1<\/a><\/strong> se est\u00e1 tomando unas vacaciones de tres semanas antes del pr\u00f3ximo evento, que se disputar\u00e1 en B\u00e9lgica, el 27 de julio. Quienes no descansan, y hacen m\u00e1s ruido cuando los motores se apagan, <strong>son los rumores<\/strong>. Se comenta que <strong>Max Verstappen podr\u00eda desembarcar en Mercedes Benz, <\/strong>una posibilidad que entusiasma a<strong> Jenson Button<\/strong>. El campe\u00f3n del mundo en 2009 junto a Brawn GP <strong>expres\u00f3 su deseo de ver en acci\u00f3n a la dupla formada por el neerland\u00e9s y George Russell<\/strong>, dos pilotos que ya protagonizaron varios roces esta temporada y la anterior.<\/p>\n<\/div>\n<div class=\"custom-text \" readability=\"39\">\n<p>Durante una aparici\u00f3n en The Chris Moyles Show, le preguntaron al brit\u00e1nico sobre qu\u00e9 tan posible ser\u00eda un intercambio directo entre ambos pilotos, a lo que respondi\u00f3 que <strong>es posible<\/strong>. Otro que fue tajante en su contestaci\u00f3n fue el ex director de Red Bull, <strong>Christian Horner<\/strong>, quien tach\u00f3 de <strong>&#8220;mucho ruido&#8221; <\/strong>a las especulaciones que unen al tetracampe\u00f3n de la M\u00e1xima con el equipo alem\u00e1n. Claro que <strong>se despidi\u00f3 de la escuder\u00eda austr\u00edaca<\/strong> tras la carrera en Silverstone. \u00bfTendr\u00e1 algo que ver con el futuro de Mad Max? S\u00f3lo el tiempo lo dir\u00e1&#8230;<\/p>\n<\/div>\n<div class=\"sc-e7b891c4-0 ifHnQL image-embed\"><img alt=\"Button se explay\u00f3 sobre los rumores del desembarco de Verstappen a Mercedes.\" loading=\"lazy\" width=\"720\" height=\"100\" decoding=\"async\" data-nimg=\"1\" src=\"http:\/\/cordobadirecto.com\/wp-content\/uploads\/2025\/07\/el-campeon-de-la-formula-1-que-quiere-ver-a-verstappen-junto-a-russell-en-mercedes.jpg\"><span class=\"epigraphe\">Button se explay\u00f3 sobre los rumores del desembarco de Verstappen a Mercedes.<\/span><\/div>\n<p><h2>La palabra Jenson Button sobre la posible llegada de Verstappen a Mercedes<\/h2>\n<\/p>\n<div class=\"custom-text \" readability=\"42\">\n<p>&#8220;Es una situaci\u00f3n complicada para Verstappen, porque est\u00e1 muy bien parado en Red Bull. Le dio much\u00edsimo al equipo en estos a\u00f1os, por eso mismo, <strong>el monoplaza de esta temporada fue concebido para \u00e9l<\/strong>. Nadie puede igualarlo con esa m\u00e1quina. <strong>Si llega a Mercedes, ah\u00ed cambia la cuesti\u00f3n<\/strong>, porque los alemanes no van a dise\u00f1ar un coche espec\u00edficamente para un piloto que reci\u00e9n llega.<strong> No s\u00e9 si van a funcionar bien juntos<\/strong>, aunque el mejor del mundo deber\u00eda poder manejar cualquier auto&#8221;, dijo Button.<\/p>\n<\/div>\n<div class=\"custom-text \" readability=\"43\">\n<p>Despu\u00e9s, se refiri\u00f3 a la situaci\u00f3n de Russell: &#8220;Es dif\u00edcil para \u00e9l, porque es uno de los mejores. Creo que fue competitivo. Cuando ves lo que hizo en el \u00faltimo tiempo contra Lewis Hamilton, su compa\u00f1ero anterior, te das cuenta que<strong> tiene lo necesario para ser campe\u00f3n del mundo<\/strong>. As\u00ed que, reemplazarlo por el neerland\u00e9s, me parece un movimiento extra\u00f1o. Sabemos que tambi\u00e9n est\u00e1 el joven Kimi Antonelli, que tiene 18 a\u00f1os y puede ser una estrella en el futuro,<strong> pero eso no lo sabemos&#8230;<\/strong>&#8220;.<\/p>\n<\/div>\n<div class=\"sc-e7b891c4-0 ifHnQL image-embed\"><img alt=\"El brit\u00e1nico dej\u00f3 en claro su posici\u00f3n. (Foto: Mark Thompson\/Getty Images\/AFP)\" loading=\"lazy\" width=\"720\" height=\"100\" decoding=\"async\" data-nimg=\"1\" src=\"http:\/\/cordobadirecto.com\/wp-content\/uploads\/2025\/07\/el-campeon-de-la-formula-1-que-quiere-ver-a-verstappen-junto-a-russell-en-mercedes-1.jpg\"><span class=\"epigraphe\">El brit\u00e1nico dej\u00f3 en claro su posici\u00f3n. (Foto: Mark Thompson\/Getty Images\/AFP)<\/span><\/div>\n<div class=\"custom-text \" readability=\"39\">\n<p>&#8220;En esta nueva era del deporte, necesit\u00e1s dos corredores muy competitivos. El a\u00f1o que viene habr\u00e1n muchos cambios en el auto en general. <strong>Para m\u00ed, la de Verstappen y George es la mejor dupla posible. Me encantar\u00eda verla<\/strong>&#8220;, sentenci\u00f3. Desde el vamos, un campe\u00f3n del mundo le levant\u00f3 el pulgar a esta posibilidad&#8230;<\/p>\n<\/div>\n<p><h2>Los recientes roces entre Verstappen y Russell<\/h2>\n<\/p>\n<div class=\"custom-text \" readability=\"38\">\n<p>Durante el <strong>Gran Premio de Espa\u00f1a<\/strong> (hace dos fechas), un inoportuno safety car complic\u00f3 la estrategia de Verstappen: ya hab\u00eda parado y deb\u00eda defender su cuarto lugar con neum\u00e1ticos duros. Como dicta la l\u00f3gica, fue superado por los autos con compuesto suave que ten\u00eda detr\u00e1s. <strong>Frustrado por la situaci\u00f3n, choc\u00f3 intencionalmente a Russell <\/strong>cuando el brit\u00e1nico intentaba pasarlo.<\/p>\n<\/div>\n<div class=\"custom-text \" readability=\"40\">\n<p>Dicho incidente le vali\u00f3 una sanci\u00f3n de 10 segundos, que lo tumb\u00f3 del quinto puesto al d\u00e9cimo en la clasificaci\u00f3n final del evento, <strong>adem\u00e1s de tres puntos en la superlicencia<\/strong>, que se agregaron a los ocho previamente obtenidos, <strong>sumando 11 en total\ufeff<\/strong>. Esto puso a Max entre la espada y la pared para la pr\u00f3xima jornada, ya que <strong>una unidad m\u00e1s significar\u00eda una carrera de suspensi\u00f3n<\/strong>.<\/p>\n<\/div>\n<div class=\"sc-734b4696-1 kFfZtB\">\n<div class=\"sc-d00d9e74-0 hnHYbk\" type=\"embed\">\n<div class=\"sc-d00d9e74-1 iKVbz videoText\" id=\"contentTitleembed2BxV7f4k\" type=\"embed\"><svg fill=\"#ffffff\"><symbol id=\"play\" viewBox=\"0 0 512 512\"><path d=\"M512 256C512 397.4 397.4 512 256 512C114.6 512 0 397.4 0 256C0 114.6 114.6 0 256 0C397.4 0 512 114.6 512 256zM176 168V344C176 352.7 180.7 360.7 188.3 364.9C195.8 369.2 205.1 369 212.5 364.5L356.5 276.5C363.6 272.1 368 264.4 368 256C368 247.6 363.6 239.9 356.5 235.5L212.5 147.5C205.1 142.1 195.8 142.8 188.3 147.1C180.7 151.3 176 159.3 176 168V168z\" \/><\/symbol><use xlink:href=\"#play\" \/><\/svg><\/p>\n<div class=\"right\">\n<p>Verstappen<!-- --> &#8211; <span>&nbsp;<\/span><\/p>\n<h2 class=\"title-vid\">Max Verstappen encerr\u00f3 a Russell<\/h2>\n<\/div>\n<\/div>\n<p><span class=\"back\" id=\"spanBackembed2BxV7f4k\"><\/span><\/div>\n<div class=\"JWvideoNota_title\">\n<p>Video: @racing_prix<\/p>\n<\/div>\n<\/div>\n<div class=\"custom-text \" readability=\"41\">\n<p>Para que eso no sucediera, Verstappen deb\u00eda ser extremadamente cauto en Canad\u00e1 (la jornada anterior a Silverstone). Ir\u00f3nicamente, otro auto de seguridad pondr\u00eda a prueba su temple. Russell, quien lideraba la carrera y ten\u00eda como inmediato perseguidor al volante de Red Bull,<strong> comenz\u00f3 a pisar el acelerador de forma err\u00e1tica<\/strong>. Inmediatamente, <strong>el neerland\u00e9s entendi\u00f3 que el brit\u00e1nico lo estaba haciendo adrede y se quej\u00f3 por la radio<\/strong>. Pese a la protesta, la cuesti\u00f3n no pas\u00f3 a mayores y ambos vieron la bandera a cuadros en las mismas posiciones.<\/p>\n<\/div>\n<div class=\"custom-text \" readability=\"38\">\n<p>Como para dejar en claro esta enemistad, durante las celebraciones del podio en Quebec, <strong>Max quiso empapar al ganador con el cl\u00e1sico champagne. Pero este le dio la espalda en todo momento<\/strong> y festej\u00f3 \u00fanicamente con Antonelli. Si los rumores se solidifican y Verstappen se arrima a Mercedes, <strong>la rivalidad m\u00e1s caliente de la F\u00f3rmula 1 podr\u00eda sumar un nuevo cap\u00edtulo. <\/strong><\/p>\n<\/div>\n<div class=\"sc-e7b891c4-0 ifHnQL image-embed\"><img alt=\"Russell le dio la espalda a Verstappen en el podio. (David Kirouac-Imagn Images)\" loading=\"lazy\" width=\"720\" height=\"100\" decoding=\"async\" data-nimg=\"1\" src=\"http:\/\/cordobadirecto.com\/wp-content\/uploads\/2025\/07\/el-campeon-de-la-formula-1-que-quiere-ver-a-verstappen-junto-a-russell-en-mercedes-2.jpg\"><span class=\"epigraphe\">Russell le dio la espalda a Verstappen en el podio. (David Kirouac-Imagn Images)<\/span><\/div>\n<div class=\"sc-a7166897-0 eoLsBE\" readability=\"6\">\n<section readability=\"2\"><picture><img alt=\"Cu\u00e1ndo vuelve a correr Franco Colapinto y c\u00f3mo sigue la F1\" loading=\"lazy\" width=\"290\" height=\"290\" decoding=\"async\" data-nimg=\"1\" src=\"http:\/\/cordobadirecto.com\/wp-content\/uploads\/2025\/07\/el-campeon-de-la-formula-1-que-quiere-ver-a-verstappen-junto-a-russell-en-mercedes-3.jpg\"><\/picture>\n<p><span>Mir\u00e1 tambi\u00e9n<\/span><\/p>\n<hr>\n<h3>Cu\u00e1ndo vuelve a correr Franco Colapinto y c\u00f3mo sigue la F1<\/h3>\n<\/p>\n<\/section>\n<\/div>\n<div class=\"sc-a7166897-0 eoLsBE\" readability=\"7.5\">\n<section readability=\"5\"><picture><img alt=\"Reemplaz\u00f3 a Franco Colapinto, est\u00e1 peor que su compa\u00f1ero y se sincer\u00f3: &quot;Todo lo que pod\u00eda salir mal, sali\u00f3 mal&quot;\" loading=\"lazy\" width=\"290\" height=\"290\" decoding=\"async\" data-nimg=\"1\" src=\"http:\/\/cordobadirecto.com\/wp-content\/uploads\/2025\/07\/el-campeon-de-la-formula-1-que-quiere-ver-a-verstappen-junto-a-russell-en-mercedes-4.jpg\"><\/picture>\n<p><span>Mir\u00e1 tambi\u00e9n<\/span><\/p>\n<hr>\n<h3>Reemplaz\u00f3 a Franco Colapinto, est\u00e1 peor que su compa\u00f1ero y se sincer\u00f3: &#8220;Todo lo que pod\u00eda salir mal, sali\u00f3 mal&#8221;<\/h3>\n<\/p>\n<\/section>\n<\/div>\n<div class=\"sc-a7166897-0 eoLsBE\" readability=\"6\">\n<section readability=\"2\"><picture><img alt=\"Video: Brad Pitt aceler\u00f3 a fondo un F\u00f3rmula 1\" loading=\"lazy\" width=\"290\" height=\"290\" decoding=\"async\" data-nimg=\"1\" src=\"http:\/\/cordobadirecto.com\/wp-content\/uploads\/2025\/07\/el-campeon-de-la-formula-1-que-quiere-ver-a-verstappen-junto-a-russell-en-mercedes-5.jpg\"><\/picture>\n<p><span>Mir\u00e1 tambi\u00e9n<\/span><\/p>\n<hr>\n<h3>Video: Brad Pitt aceler\u00f3 a fondo un F\u00f3rmula 1<\/h3>\n<\/p>\n<\/section>\n<\/div>\n<\/div>\n","protected":false},"excerpt":{"rendered":"<p>15\/07\/2025 19:45hs. Despu\u00e9s del Gran Premio de Gran Breta\u00f1a, la F\u00f3rmula 1 se est\u00e1 tomando unas vacaciones de tres semanas antes del pr\u00f3ximo evento, que se disputar\u00e1 en B\u00e9lgica, el 27 de julio. Quienes no descansan, y hacen m\u00e1s ruido cuando los motores se apagan, son los rumores. Se comenta que Max Verstappen podr\u00eda desembarcar [&hellip;]<\/p>\n","protected":false},"author":1,"featured_media":170506,"comment_status":"closed","ping_status":"closed","sticky":false,"template":"","format":"standard","meta":[],"categories":[21],"tags":[],"_links":{"self":[{"href":"http:\/\/cordobadirecto.com\/index.php\/wp-json\/wp\/v2\/posts\/170505"}],"collection":[{"href":"http:\/\/cordobadirecto.com\/index.php\/wp-json\/wp\/v2\/posts"}],"about":[{"href":"http:\/\/cordobadirecto.com\/index.php\/wp-json\/wp\/v2\/types\/post"}],"author":[{"embeddable":true,"href":"http:\/\/cordobadirecto.com\/index.php\/wp-json\/wp\/v2\/users\/1"}],"replies":[{"embeddable":true,"href":"http:\/\/cordobadirecto.com\/index.php\/wp-json\/wp\/v2\/comments?post=170505"}],"version-history":[{"count":0,"href":"http:\/\/cordobadirecto.com\/index.php\/wp-json\/wp\/v2\/posts\/170505\/revisions"}],"wp:featuredmedia":[{"embeddable":true,"href":"http:\/\/cordobadirecto.com\/index.php\/wp-json\/wp\/v2\/media\/170506"}],"wp:attachment":[{"href":"http:\/\/cordobadirecto.com\/index.php\/wp-json\/wp\/v2\/media?parent=170505"}],"wp:term":[{"taxonomy":"category","embeddable":true,"href":"http:\/\/cordobadirecto.com\/index.php\/wp-json\/wp\/v2\/categories?post=170505"},{"taxonomy":"post_tag","embeddable":true,"href":"http:\/\/cordobadirecto.com\/index.php\/wp-json\/wp\/v2\/tags?post=170505"}],"curies":[{"name":"wp","href":"https:\/\/api.w.org\/{rel}","templated":true}]}}