{"id":170507,"date":"2025-07-16T01:10:49","date_gmt":"2025-07-16T01:10:49","guid":{"rendered":"https:\/\/www.ole.com.ar\/futbol-ascenso\/ascenso-primera-nacional-estudiantes-mateo-acosta_0_uSXNAwfzeu.html"},"modified":"2025-07-16T01:10:49","modified_gmt":"2025-07-16T01:10:49","slug":"mateo-acosta-con-ole-estudiantes-esta-para-pelear-el-reducido","status":"publish","type":"post","link":"http:\/\/cordobadirecto.com\/index.php\/2025\/07\/16\/mateo-acosta-con-ole-estudiantes-esta-para-pelear-el-reducido\/","title":{"rendered":"Mateo Acosta, con Ol\u00e9: &#8221;Estudiantes est\u00e1 para pelear el Reducido&#8221;"},"content":{"rendered":"<p><span class=\"createDate\">14\/07\/2025 20:52hs.<\/span><time class=\"modificatedDate\" datetime=\"2025-07-14T21:11:50-03:00\"> Actualizado al 14\/07\/2025 21:11hs.<\/time><\/p>\n<div id=\"storyBody\">\n<div class=\"custom-text \" readability=\"35.10985915493\">\n<p><a href=\"https:\/\/www.ole.com.ar\/tema\/estudiantes-de-caseros.html\" title=\"Estudiantes de Caseros\" alt=\"Estudiantes de Caseros\" class=\"slug\">Estudiantes<\/a> no logra mantenerse estable en la <a href=\"https:\/\/www.ole.com.ar\/tema\/primera-nacional.html\" title=\"Primera Nacional\" alt=\"Primera Nacional\" class=\"slug\">Primera Nacional<\/a>. Claro, <strong>el Pincha supo meterse en el Reducido de la Zona B pero ese desequilibrio lo hizo salir del octogonal<\/strong> en las \u00faltimas fechas. Pero en el medio de este presente, <strong>resalta la figura de Mateo Acosta<\/strong>, delantero que lentamente supo transformarse en uno de los pilares del equipo de Caseros.<\/p>\n<\/div>\n<div class=\"custom-text \" readability=\"37\">\n<p>S\u00ed, es que <strong>el atacante lleva 30 partidos y diez goles convertidos<\/strong> desde su llegada en 2024. Ahora, con Juan Manuel Sara a la cabeza, el jugador de 32 a\u00f1os cumple un rol important\u00edsimo en un equipo que busca volver a ser protagonista en el campeonato. <\/p>\n<\/div>\n<div class=\"custom-text \" readability=\"36\">\n<p>En un mano a mano exclusivo con <strong>Ol\u00e9<\/strong>, el Pistolero <strong>habl\u00f3 sobre su presente personal, la actualidad de Estudiantes y qu\u00e9 objetivo tiene el equipo<\/strong> para lo que queda de la presente edici\u00f3n del Nacional.<\/p>\n<\/div>\n<div class=\"sc-e7b891c4-0 ifHnQL image-embed\"><img alt=\"''Vamos a dar batalla hasta lo \u00faltimo'', dijo Mateo Acosta en dial\u00f3go con Ol\u00e9.\" loading=\"lazy\" width=\"720\" height=\"100\" decoding=\"async\" data-nimg=\"1\" src=\"http:\/\/cordobadirecto.com\/wp-content\/uploads\/2025\/07\/mateo-acosta-con-ole-estudiantes-esta-para-pelear-el-reducido.jpg\"><span class=\"epigraphe\">&#8221;Vamos a dar batalla hasta lo \u00faltimo&#8221;, dijo Mateo Acosta en dial\u00f3go con Ol\u00e9.<\/span><\/div>\n<p><h2><strong>La entrevista de Mateo Acosta, mano a mano con Ol\u00e9<\/strong><\/h2>\n<\/p>\n<div class=\"custom-text \" readability=\"32\">\n<p><strong>-\u00bfC\u00f3mo viv\u00eds este presente personal siendo uno de los pilares de Estudiantes?<\/strong><\/p>\n<\/div>\n<div class=\"custom-text \" readability=\"35\">\n<p>-La verdad que estoy muy bien desde lo an\u00edmico y lo futbol\u00edstico. Atravece varias lesiones en mi carrera pero hoy me siento bien. Adem\u00e1s, siento el cari\u00f1o de la gente y es una gran motivaci\u00f3n para poder seguir.<\/p>\n<\/div>\n<div class=\"custom-text \" readability=\"32\">\n<p><strong>-\u00bfQu\u00e9 opin\u00e1s del momento que est\u00e1 viviendo el Pincha en la Primera Nacional?<\/strong><\/p>\n<\/div>\n<div class=\"custom-text \" readability=\"34\">\n<p>-Estamos en un momento de cambios y tenemos que adaptarnos. Se fue el t\u00e9cnico, lleg\u00f3 Juan (Sara) y ahora esperamos conseguir buenos resultados y reacomodarnos en el torneo.<\/p>\n<\/div>\n<div class=\"sc-e7b891c4-0 ifHnQL image-embed\"><img alt=\"Mateo Acosta, en dial\u00f3go con Ol\u00e9.\" loading=\"lazy\" width=\"720\" height=\"100\" decoding=\"async\" data-nimg=\"1\" src=\"http:\/\/cordobadirecto.com\/wp-content\/uploads\/2025\/07\/mateo-acosta-con-ole-estudiantes-esta-para-pelear-el-reducido-1.jpg\"><span class=\"epigraphe\">Mateo Acosta, en dial\u00f3go con Ol\u00e9.<\/span><\/div>\n<div class=\"custom-text \" readability=\"34\">\n<p><strong>-Hablabas del torneo, ya pasando mitad de a\u00f1o, \u00bfpara qu\u00e9 est\u00e1 Estudiantes?<\/strong><\/p>\n<\/div>\n<div class=\"custom-text \" readability=\"34\">\n<p><strong>&#8211;<\/strong>Estudiantes est\u00e1 para pelear en el Reducido<strong>,<\/strong> tenemos buen equipo y ahora todos los partidos vamos a jugarlos para cumplir ese objetivo.<\/p>\n<\/div>\n<div class=\"custom-text \" readability=\"32\">\n<p><strong>-\u00bfQu\u00e9 es lo que se viene? \u00bfC\u00f3mo van a afrontar todos los partidos que quedan?<\/strong><\/p>\n<\/div>\n<div class=\"custom-text \" readability=\"29.932584269663\">\n<p>-Ahora nos toca jugar con <a href=\"https:\/\/www.ole.com.ar\/tema\/agropecuario.html\" title=\"Agropecuario\" alt=\"Agropecuario\" class=\"slug\">Agropecuario<\/a>, <a href=\"https:\/\/www.ole.com.ar\/tema\/san-telmo.html\" title=\"San Telmo\" alt=\"San Telmo\" class=\"slug\">San Telmo<\/a>, <a href=\"https:\/\/www.ole.com.ar\/tema\/chacarita.html\" title=\"Chacarita\" alt=\"Chacarita\" class=\"slug\">Chacarita<\/a>. Como te digo, son partidos d\u00edficiles y vamos a salir a jugarlos como finales. Vamos a dar batalla hasta lo \u00faltimo.<\/p>\n<\/div>\n<div class=\"sc-a7166897-0 eoLsBE\" readability=\"6\">\n<section readability=\"2\"><picture><img alt=\"Banfield y Defensa y Justicia igualaron sin goles por la primera fecha del Clausura\" loading=\"lazy\" width=\"290\" height=\"290\" decoding=\"async\" data-nimg=\"1\" src=\"http:\/\/cordobadirecto.com\/wp-content\/uploads\/2025\/07\/mateo-acosta-con-ole-estudiantes-esta-para-pelear-el-reducido-2.jpg\"><\/picture>\n<p><span>Mir\u00e1 tambi\u00e9n<\/span><\/p>\n<hr>\n<h3>Banfield y Defensa y Justicia igualaron sin goles por la primera fecha del Clausura<\/h3>\n<\/p>\n<\/section>\n<\/div>\n<div class=\"sc-a7166897-0 eoLsBE\" readability=\"6\">\n<section readability=\"2\"><picture><img alt=\"Vojvoda fue despedido de Fortaleza: el rival de V\u00e9lez sin DT\" loading=\"lazy\" width=\"290\" height=\"290\" decoding=\"async\" data-nimg=\"1\" src=\"http:\/\/cordobadirecto.com\/wp-content\/uploads\/2025\/07\/mateo-acosta-con-ole-estudiantes-esta-para-pelear-el-reducido-3.jpg\"><\/picture>\n<p><span>Mir\u00e1 tambi\u00e9n<\/span><\/p>\n<hr>\n<h3>Vojvoda fue despedido de Fortaleza: el rival de V\u00e9lez sin DT<\/h3>\n<\/p>\n<\/section>\n<\/div>\n<div class=\"sc-a7166897-0 eoLsBE\" readability=\"6\">\n<section readability=\"2\"><picture><img alt=\"Bomba en San Lorenzo: piden la destituci\u00f3n de Moretti y su expulsi\u00f3n como socio\" loading=\"lazy\" width=\"290\" height=\"290\" decoding=\"async\" data-nimg=\"1\" src=\"http:\/\/cordobadirecto.com\/wp-content\/uploads\/2025\/07\/mateo-acosta-con-ole-estudiantes-esta-para-pelear-el-reducido-4.jpg\"><\/picture>\n<p><span>Mir\u00e1 tambi\u00e9n<\/span><\/p>\n<hr>\n<h3>Bomba en San Lorenzo: piden la destituci\u00f3n de Moretti y su expulsi\u00f3n como socio<\/h3>\n<\/p>\n<\/section>\n<\/div>\n<\/div>\n","protected":false},"excerpt":{"rendered":"<p>14\/07\/2025 20:52hs. Actualizado al 14\/07\/2025 21:11hs. Estudiantes no logra mantenerse estable en la Primera Nacional. Claro, el Pincha supo meterse en el Reducido de la Zona B pero ese desequilibrio lo hizo salir del octogonal en las \u00faltimas fechas. Pero en el medio de este presente, resalta la figura de Mateo Acosta, delantero que lentamente [&hellip;]<\/p>\n","protected":false},"author":1,"featured_media":170508,"comment_status":"closed","ping_status":"closed","sticky":false,"template":"","format":"standard","meta":[],"categories":[21],"tags":[],"_links":{"self":[{"href":"http:\/\/cordobadirecto.com\/index.php\/wp-json\/wp\/v2\/posts\/170507"}],"collection":[{"href":"http:\/\/cordobadirecto.com\/index.php\/wp-json\/wp\/v2\/posts"}],"about":[{"href":"http:\/\/cordobadirecto.com\/index.php\/wp-json\/wp\/v2\/types\/post"}],"author":[{"embeddable":true,"href":"http:\/\/cordobadirecto.com\/index.php\/wp-json\/wp\/v2\/users\/1"}],"replies":[{"embeddable":true,"href":"http:\/\/cordobadirecto.com\/index.php\/wp-json\/wp\/v2\/comments?post=170507"}],"version-history":[{"count":0,"href":"http:\/\/cordobadirecto.com\/index.php\/wp-json\/wp\/v2\/posts\/170507\/revisions"}],"wp:featuredmedia":[{"embeddable":true,"href":"http:\/\/cordobadirecto.com\/index.php\/wp-json\/wp\/v2\/media\/170508"}],"wp:attachment":[{"href":"http:\/\/cordobadirecto.com\/index.php\/wp-json\/wp\/v2\/media?parent=170507"}],"wp:term":[{"taxonomy":"category","embeddable":true,"href":"http:\/\/cordobadirecto.com\/index.php\/wp-json\/wp\/v2\/categories?post=170507"},{"taxonomy":"post_tag","embeddable":true,"href":"http:\/\/cordobadirecto.com\/index.php\/wp-json\/wp\/v2\/tags?post=170507"}],"curies":[{"name":"wp","href":"https:\/\/api.w.org\/{rel}","templated":true}]}}