{"id":17054,"date":"2021-09-04T22:13:28","date_gmt":"2021-09-04T22:13:28","guid":{"rendered":"http:\/\/cordobadirecto.com\/index.php\/2021\/09\/04\/presencia-carlospacense-en-la-visita-de-guzman-a-cordoba-para-apoyar-la-lista-del-frente\/"},"modified":"2021-09-04T22:13:28","modified_gmt":"2021-09-04T22:13:28","slug":"presencia-carlospacense-en-la-visita-de-guzman-a-cordoba-para-apoyar-la-lista-del-frente","status":"publish","type":"post","link":"http:\/\/cordobadirecto.com\/index.php\/2021\/09\/04\/presencia-carlospacense-en-la-visita-de-guzman-a-cordoba-para-apoyar-la-lista-del-frente\/","title":{"rendered":"Presencia carlospacense en la visita de Guzm\u00e1n a <b>C\u00f3rdoba<\/b> para apoyar la lista del Frente &#8230;"},"content":{"rendered":"<p>El ministro de <b>Econom\u00eda<\/b> de la naci\u00f3n, Mart\u00edn Guzm\u00e1n, estuvo el pasado mi\u00e9rcoles en <b>C\u00f3rdoba<\/b>. El funcionario lleg\u00f3 a la provincia y particip\u00f3 de una cena con&nbsp;&#8230; <\/p>\n","protected":false},"excerpt":{"rendered":"<p>El ministro de Econom\u00eda de la naci\u00f3n, Mart\u00edn Guzm\u00e1n, estuvo el pasado mi\u00e9rcoles en C\u00f3rdoba. El funcionario lleg\u00f3 a la provincia y particip\u00f3 de una cena con&nbsp;&#8230;<\/p>\n","protected":false},"author":1,"featured_media":0,"comment_status":"closed","ping_status":"closed","sticky":false,"template":"","format":"standard","meta":[],"categories":[40],"tags":[],"_links":{"self":[{"href":"http:\/\/cordobadirecto.com\/index.php\/wp-json\/wp\/v2\/posts\/17054"}],"collection":[{"href":"http:\/\/cordobadirecto.com\/index.php\/wp-json\/wp\/v2\/posts"}],"about":[{"href":"http:\/\/cordobadirecto.com\/index.php\/wp-json\/wp\/v2\/types\/post"}],"author":[{"embeddable":true,"href":"http:\/\/cordobadirecto.com\/index.php\/wp-json\/wp\/v2\/users\/1"}],"replies":[{"embeddable":true,"href":"http:\/\/cordobadirecto.com\/index.php\/wp-json\/wp\/v2\/comments?post=17054"}],"version-history":[{"count":0,"href":"http:\/\/cordobadirecto.com\/index.php\/wp-json\/wp\/v2\/posts\/17054\/revisions"}],"wp:attachment":[{"href":"http:\/\/cordobadirecto.com\/index.php\/wp-json\/wp\/v2\/media?parent=17054"}],"wp:term":[{"taxonomy":"category","embeddable":true,"href":"http:\/\/cordobadirecto.com\/index.php\/wp-json\/wp\/v2\/categories?post=17054"},{"taxonomy":"post_tag","embeddable":true,"href":"http:\/\/cordobadirecto.com\/index.php\/wp-json\/wp\/v2\/tags?post=17054"}],"curies":[{"name":"wp","href":"https:\/\/api.w.org\/{rel}","templated":true}]}}