{"id":170581,"date":"2025-07-16T16:21:14","date_gmt":"2025-07-16T16:21:14","guid":{"rendered":"https:\/\/www.ole.com.ar\/autos\/pierre-gasly-hablo-rumores-bottas-alpine-franco-colapinto_0_rWIf0DslHF.html"},"modified":"2025-07-16T16:21:14","modified_gmt":"2025-07-16T16:21:14","slug":"pierre-gasly-hablo-sobre-los-rumores-de-bottas-a-alpine-mucho-ruido","status":"publish","type":"post","link":"http:\/\/cordobadirecto.com\/index.php\/2025\/07\/16\/pierre-gasly-hablo-sobre-los-rumores-de-bottas-a-alpine-mucho-ruido\/","title":{"rendered":"Pierre Gasly habl\u00f3 sobre los rumores de Bottas a Alpine: &#8220;Mucho ruido&#8221;"},"content":{"rendered":"<p><time class=\"createDate\" datetime=\"2025-07-16T13:21:14-03:00\">16\/07\/2025 13:21hs.<\/time><\/p>\n<div id=\"storyBody\">\n<div class=\"custom-text \" readability=\"36.368098159509\">\n<p>La <strong><a href=\"https:\/\/www.ole.com.ar\/tema\/formula-1.html\" title=\"F\u00f3rmula 1\" alt=\"F\u00f3rmula 1\" class=\"slug\">F\u00f3rmula 1<\/a><\/strong> descansa pero solo sus autos, guardados hasta la pr\u00f3xima fecha, doble jornada en B\u00e9lgica dentro de dos fines de semana, con la carrera habitual m\u00e1s la Sprint. Que los coches est\u00e9n parados no significa que la M\u00e1xima duerma. De vez en cuando se despierta con rumores y declaraciones, como las de <strong><a href=\"https:\/\/www.ole.com.ar\/tema\/pierre-gasly.html\" title=\"Pierre Gasly\" alt=\"Pierre Gasly\" class=\"slug\">Pierre Gasly<\/a><\/strong>.<\/p>\n<\/div>\n<div class=\"custom-text \" readability=\"36.019543973941\">\n<p>La web oficial de la F1 public\u00f3 declaraciones de Pierre Gasly, compa\u00f1ero de <strong><a href=\"https:\/\/www.ole.com.ar\/tema\/franco-colapinto.html\" title=\"Franco Colapinto\" alt=\"Franco Colapinto\" class=\"slug\">Franco Colapinto<\/a><\/strong>, sobre los rumores del supuesto cambio de <strong>Valtteri Bottas<\/strong> por el argentino. El franc\u00e9s los como de &#8220;mucho ruido&#8221;, y asegur\u00f3 que el equipo necesita &#8220;simplemente concentrarse en el trabajo que tiene por delante&#8221;.<\/p>\n<\/div>\n<div class=\"custom-text \" readability=\"39\">\n<p>El tema sale a la luz porque recientemente -afirma la F1- se revel\u00f3 que <strong>Alpine <\/strong>pregunt\u00f3 &#8211;<strong>en boca de Flavio Briatore, quien manda<\/strong>&#8211; sobre <strong>la disponibilidad del piloto de reserva de Mercedes, en caso de que decidan realizar m\u00e1s cambios<\/strong> este a\u00f1o o en el futuro, tras el que involucr\u00f3 a Colapinto por Jack Doohan en Imola, por la 7\u00aa fecha.<\/p>\n<\/div>\n<div class=\"sc-e7b891c4-0 ifHnQL image-embed\"><img alt=\"Franco Colapinto y Pierre Gasly junto a Brad Pitt en la avant premiere de la pel\u00edcula de la F\u00f3rmula 1.\" loading=\"lazy\" width=\"720\" height=\"100\" decoding=\"async\" data-nimg=\"1\" src=\"http:\/\/cordobadirecto.com\/wp-content\/uploads\/2025\/07\/pierre-gasly-hablo-sobre-los-rumores-de-bottas-a-alpine-mucho-ruido.jpg\"><span class=\"epigraphe\">Franco Colapinto y Pierre Gasly junto a Brad Pitt en la avant premiere de la pel\u00edcula de la F\u00f3rmula 1.<\/span><\/div>\n<div class=\"custom-text \" readability=\"38\">\n<p>Dado que el equipo atraviesa una campa\u00f1a dif\u00edcil hasta el momento, <strong>\u00faltimo en Constructores con apenas 19 puntos<\/strong>, a 10 de Haas, el 9\u00b0, se le pregunt\u00f3 a Gasly sobre las especulaciones y si podr\u00eda ser \u00fatil para Alpine tener otro piloto experimentado a bordo que act\u00fae como punto de referencia.<\/p>\n<\/div>\n<div class=\"custom-text \" readability=\"39\">\n<p>&#8220;No creo que sea as\u00ed&#8221;, respondi\u00f3 el joven de 29 a\u00f1os. &#8220;<strong>Creo que es mucho ruido<\/strong>. Creo que el coche&#8230; estoy demostrando cada fin de semana lo que podemos hacer con \u00e9l, haciendo un excelente trabajo los s\u00e1bados y poni\u00e9ndolo en situaciones en las que, sobre el papel, todos coincidimos en que no deber\u00edamos estar&#8221;.<\/p>\n<\/div>\n<div class=\"sc-e7b891c4-0 ifHnQL image-embed\"><img alt=\"El Alpine al que Gasly no ve muy bien.\" loading=\"lazy\" width=\"720\" height=\"100\" decoding=\"async\" data-nimg=\"1\" src=\"http:\/\/cordobadirecto.com\/wp-content\/uploads\/2025\/07\/pierre-gasly-hablo-sobre-los-rumores-de-bottas-a-alpine-mucho-ruido-1.jpg\"><span class=\"epigraphe\">El Alpine al que Gasly no ve muy bien.<\/span><\/div>\n<div class=\"custom-text \" readability=\"40\">\n<p>Respecto del campeonato, dijo: &#8220;Es complicado, la mitad de tabla es muy estrecha y estamos en la parte de atr\u00e1s.<strong> Siempre habr\u00e1 ruido<\/strong>, sobre todo teniendo en cuenta lo que pas\u00f3 a principios de a\u00f1o, pero creo que, al final, deber\u00edamos centrarnos en el trabajo que tenemos por delante&#8221;.<\/p>\n<\/div>\n<div class=\"custom-text \">\n<blockquote><p>No tenemos mejoras, el coche no est\u00e1 en su mejor momento.<\/p><\/blockquote>\n<\/div>\n<div class=\"custom-text \" readability=\"37\">\n<p>En cuanto al auto, afirm\u00f3: &#8220;Va a ser una temporada larga. No tenemos mejoras, el coche no est\u00e1 en su mejor momento, <strong>pero todos debemos concentrarnos en lo que tenemos que hacer<\/strong> e intentar hacerlo lo mejor posible&#8221;.<\/p>\n<\/div>\n<div class=\"sc-e7b891c4-0 ifHnQL image-embed\"><img alt=\"Pierre Gasly, entrando al paddock de Austria.\" loading=\"lazy\" width=\"720\" height=\"100\" decoding=\"async\" data-nimg=\"1\" src=\"http:\/\/cordobadirecto.com\/wp-content\/uploads\/2025\/07\/pierre-gasly-hablo-sobre-los-rumores-de-bottas-a-alpine-mucho-ruido-2.jpg\"><span class=\"epigraphe\">Pierre Gasly, entrando al paddock de Austria.<\/span><\/div>\n<div class=\"custom-text \" readability=\"39\">\n<p>Justamente, si cree que el problema es el A525 y no los pilotos, Gasly contest\u00f3: &#8220;Es f\u00e1cil hacerlo parecer m\u00e1s dram\u00e1tico de lo que es. Creo que es una competencia muy dif\u00edcil. Si miras un par de a\u00f1os atr\u00e1s, estar a ocho o nueve d\u00e9cimas del coche m\u00e1s r\u00e1pido te colocaba sexto o s\u00e9ptimo en la parrilla. <strong>Este a\u00f1o, ser ocho o nueve d\u00e9cimas m\u00e1s lento que el coche m\u00e1s r\u00e1pido te sit\u00faa en la \u00faltima fila<\/strong>. Creo que todos han hecho un excelente trabajo; conocemos las fortalezas y debilidades de nuestro paquete. No tenemos el coche m\u00e1s potente ni el motor m\u00e1s potente; la combinaci\u00f3n de ambas caracter\u00edsticas no nos deja en una buena posici\u00f3n&#8221;.<\/p>\n<\/div>\n<div class=\"custom-text \" readability=\"38\">\n<p>Mirando el vaso medio lleno, agreg\u00f3: &#8220;Veo que el equipo est\u00e1 haciendo muchas cosas buenas en cuanto a intentar sacar el m\u00e1ximo provecho. <strong>Sabemos que la atenci\u00f3n se centra en 2026<\/strong> y que esto conlleva algunas concesiones este a\u00f1o, que son dif\u00edciles de aceptar, pero espero que veamos los frutos el pr\u00f3ximo a\u00f1o&#8221;.<\/p>\n<\/div>\n<div class=\"sc-a7166897-0 eoLsBE\" readability=\"7.5\">\n<section readability=\"5\"><picture><img alt=\"Reemplaz\u00f3 a Franco Colapinto, est\u00e1 peor que su compa\u00f1ero y se sincer\u00f3: &quot;Todo lo que pod\u00eda salir mal, sali\u00f3 mal&quot;\" loading=\"lazy\" width=\"290\" height=\"290\" decoding=\"async\" data-nimg=\"1\" src=\"http:\/\/cordobadirecto.com\/wp-content\/uploads\/2025\/07\/pierre-gasly-hablo-sobre-los-rumores-de-bottas-a-alpine-mucho-ruido-3.jpg\"><\/picture>\n<p><span>Mir\u00e1 tambi\u00e9n<\/span><\/p>\n<hr>\n<h3>Reemplaz\u00f3 a Franco Colapinto, est\u00e1 peor que su compa\u00f1ero y se sincer\u00f3: &#8220;Todo lo que pod\u00eda salir mal, sali\u00f3 mal&#8221;<\/h3>\n<\/p>\n<\/section>\n<\/div>\n<div class=\"sc-a7166897-0 eoLsBE\" readability=\"6\">\n<section readability=\"2\"><picture><img alt=\"Video: Brad Pitt aceler\u00f3 a fondo un F\u00f3rmula 1\" loading=\"lazy\" width=\"290\" height=\"290\" decoding=\"async\" data-nimg=\"1\" src=\"http:\/\/cordobadirecto.com\/wp-content\/uploads\/2025\/07\/pierre-gasly-hablo-sobre-los-rumores-de-bottas-a-alpine-mucho-ruido-4.jpg\"><\/picture>\n<p><span>Mir\u00e1 tambi\u00e9n<\/span><\/p>\n<hr>\n<h3>Video: Brad Pitt aceler\u00f3 a fondo un F\u00f3rmula 1<\/h3>\n<\/p>\n<\/section>\n<\/div>\n<div class=\"sc-a7166897-0 eoLsBE\" readability=\"6\">\n<section readability=\"2\"><picture><img alt=\"Video: as\u00ed es el detr\u00e1s de escena de Franco Colapinto en un Gran Premio de la F1\" loading=\"lazy\" width=\"290\" height=\"290\" decoding=\"async\" data-nimg=\"1\" src=\"http:\/\/cordobadirecto.com\/wp-content\/uploads\/2025\/07\/pierre-gasly-hablo-sobre-los-rumores-de-bottas-a-alpine-mucho-ruido-5.jpg\"><\/picture>\n<p><span>Mir\u00e1 tambi\u00e9n<\/span><\/p>\n<hr>\n<h3>Video: as\u00ed es el detr\u00e1s de escena de Franco Colapinto en un Gran Premio de la F1<\/h3>\n<\/p>\n<\/section>\n<\/div>\n<\/div>\n","protected":false},"excerpt":{"rendered":"<p>16\/07\/2025 13:21hs. La F\u00f3rmula 1 descansa pero solo sus autos, guardados hasta la pr\u00f3xima fecha, doble jornada en B\u00e9lgica dentro de dos fines de semana, con la carrera habitual m\u00e1s la Sprint. Que los coches est\u00e9n parados no significa que la M\u00e1xima duerma. De vez en cuando se despierta con rumores y declaraciones, como las [&hellip;]<\/p>\n","protected":false},"author":1,"featured_media":170582,"comment_status":"closed","ping_status":"closed","sticky":false,"template":"","format":"standard","meta":[],"categories":[21],"tags":[],"_links":{"self":[{"href":"http:\/\/cordobadirecto.com\/index.php\/wp-json\/wp\/v2\/posts\/170581"}],"collection":[{"href":"http:\/\/cordobadirecto.com\/index.php\/wp-json\/wp\/v2\/posts"}],"about":[{"href":"http:\/\/cordobadirecto.com\/index.php\/wp-json\/wp\/v2\/types\/post"}],"author":[{"embeddable":true,"href":"http:\/\/cordobadirecto.com\/index.php\/wp-json\/wp\/v2\/users\/1"}],"replies":[{"embeddable":true,"href":"http:\/\/cordobadirecto.com\/index.php\/wp-json\/wp\/v2\/comments?post=170581"}],"version-history":[{"count":0,"href":"http:\/\/cordobadirecto.com\/index.php\/wp-json\/wp\/v2\/posts\/170581\/revisions"}],"wp:featuredmedia":[{"embeddable":true,"href":"http:\/\/cordobadirecto.com\/index.php\/wp-json\/wp\/v2\/media\/170582"}],"wp:attachment":[{"href":"http:\/\/cordobadirecto.com\/index.php\/wp-json\/wp\/v2\/media?parent=170581"}],"wp:term":[{"taxonomy":"category","embeddable":true,"href":"http:\/\/cordobadirecto.com\/index.php\/wp-json\/wp\/v2\/categories?post=170581"},{"taxonomy":"post_tag","embeddable":true,"href":"http:\/\/cordobadirecto.com\/index.php\/wp-json\/wp\/v2\/tags?post=170581"}],"curies":[{"name":"wp","href":"https:\/\/api.w.org\/{rel}","templated":true}]}}