{"id":170585,"date":"2025-07-17T01:11:50","date_gmt":"2025-07-17T01:11:50","guid":{"rendered":"https:\/\/www.ole.com.ar\/futbol-ascenso\/ascenso-primera-nacionaltalleres-escalada-pupi-zanetti_0_06QppfJNyp.html"},"modified":"2025-07-17T01:11:50","modified_gmt":"2025-07-17T01:11:50","slug":"la-sorpresiva-visita-del-pupi-zanetti-en-el-entrenamiento-de-un-equipo-del-ascenso","status":"publish","type":"post","link":"http:\/\/cordobadirecto.com\/index.php\/2025\/07\/17\/la-sorpresiva-visita-del-pupi-zanetti-en-el-entrenamiento-de-un-equipo-del-ascenso\/","title":{"rendered":"La sorpresiva visita del Pupi Zanetti en el entrenamiento de un equipo del Ascenso"},"content":{"rendered":"<p><time class=\"createDate\" datetime=\"2025-07-16T19:25:00-03:00\">16\/07\/2025 19:25hs.<\/time><\/p>\n<div id=\"storyBody\">\n<div class=\"custom-text \" readability=\"33.428571428571\">\n<p>En medio de un presente complicado, <a href=\"https:\/\/www.ole.com.ar\/tema\/talleres-re.html\" title=\"Talleres (RE)\" alt=\"Talleres (RE)\" class=\"slug\">Talleres de Remedios de Escalada<\/a> tuvo una alegr\u00eda. Claro, es que marcha \u00faltimo y en puestos de descenso en la Zona B de la <a href=\"https:\/\/www.ole.com.ar\/tema\/primera-nacional.html\" title=\"Primera Nacional\" alt=\"Primera Nacional\" class=\"slug\">Primera Nacional<\/a> con apenas ocho unidades conseguidas en 22 fechas (gan\u00f3 un partido en el a\u00f1o y no lo hace desde la cuarta fecha por 2-0 contra Agropecuario), <strong>pero hoy al menos dej\u00f3 de lado sus flojos n\u00fameros para saludar a un grande.<\/strong><\/p>\n<\/div>\n<div class=\"custom-text \" readability=\"36.492917847025\">\n<p>En Timote y Castro se dio un hecho particular que calm\u00f3 un poco las aguas y renov\u00f3 las esperanzas de cara a lo que se viene:<strong> la visita de <a href=\"https:\/\/www.ole.com.ar\/tema\/javier-zanetti.html\" title=\"Javier Zanetti\" alt=\"Javier Zanetti\" class=\"slug\">Javier Zanetti <\/a>al plantel profesional en la pr\u00e1ctica. <\/strong>El Pupi, \u00eddolo y uno de los m\u00e1ximos exponentes del Albirrojo, club que lo vio nacer futbol\u00edsiticamente, habl\u00f3 con los players dirigidos por Jorge Vivaldo.<\/p>\n<\/div>\n<div class=\"custom-text \" readability=\"34.959558823529\">\n<p>Seg\u00fan se supo, <strong>el ex <a href=\"https:\/\/www.ole.com.ar\/tema\/inter-de-milan.html\" title=\"Inter de Milan\" alt=\"Inter de Milan\" class=\"slug\">Inter de Mil\u00e1n<\/a> les manifest\u00f3 su apoyo para afrontar la parte final del campeonato<\/strong>, donde el objetivo principal ser\u00e1 levantar cabeza y sumar una buena cantidad de puntos para evitar el regreso a la PB. Y s\u00ed, en Escalada hubo una visita Pupi cuc\u00fa.<\/p>\n<\/div>\n<div class=\"sc-e7b891c4-0 ifHnQL image-embed\"><img alt=\"Zanetti pas\u00f3 a visitar el predio del Tallar\u00edn.\" loading=\"lazy\" width=\"720\" height=\"100\" decoding=\"async\" data-nimg=\"1\" src=\"http:\/\/cordobadirecto.com\/wp-content\/uploads\/2025\/07\/la-sorpresiva-visita-del-pupi-zanetti-en-el-entrenamiento-de-un-equipo-del-ascenso.jpg\"><span class=\"epigraphe\">Zanetti pas\u00f3 a visitar el predio del Tallar\u00edn.<\/span><\/div>\n<p><h2><strong>El paso de Zanetti en el Tallar\u00edn<\/strong><\/h2>\n<\/p>\n<div class=\"custom-text \" readability=\"36\">\n<p>Su camino empez\u00f3 en las inferiores del club, donde destac\u00f3 por su gran nivel. <strong>Su debut fue el 22 de agosto de 1992<\/strong> en un partido contra Instituto en el antiguo campeonato del Nacional &#8221;B&#8221;. En total, durante la temporada 1992\/93 <strong>jug\u00f3 33 partidos y anot\u00f3 un \u00fanico tanto. <\/strong><\/p>\n<\/div>\n<div class=\"sc-e7b891c4-0 ifHnQL image-embed\"><img alt=\"Javier Zanetti, con la camiseta de Talleres (RE).\" loading=\"lazy\" width=\"720\" height=\"100\" decoding=\"async\" data-nimg=\"1\" src=\"http:\/\/cordobadirecto.com\/wp-content\/uploads\/2025\/07\/la-sorpresiva-visita-del-pupi-zanetti-en-el-entrenamiento-de-un-equipo-del-ascenso-1.jpg\"><span class=\"epigraphe\">Javier Zanetti, con la camiseta de Talleres (RE).<\/span><\/div>\n<p><h2><strong>El complicado presente de Talleres<\/strong><\/h2>\n<\/p>\n<div class=\"custom-text \" readability=\"38\">\n<p>El Tallar\u00edn no la est\u00e1 pasando bien en el Nacional. Claro, <strong>es el equipo que menos victorias logr\u00f3 en lo que va del 2025<\/strong>, sumando apenas ocho puntos en 22 encuentros. Los n\u00fameros indican que el Rojo de Escalada <strong>gan\u00f3 tan solo un partido en el a\u00f1o<\/strong>: fue en la cuarta fecha del campeonato, por 2-0 contra Agropecuario de Carlos Casares en condici\u00f3n de local. <\/p>\n<\/div>\n<div class=\"custom-text \" readability=\"34\">\n<p>De ah\u00ed en m\u00e1s, cosech\u00f3 cinco empates y 13 derrotas (ya hab\u00eda perdido en las tres jornadas iniciales). <strong>\u00bfPodr\u00e1 repuntar en lo que queda del campeonato?<\/strong><\/p>\n<\/div>\n<div class=\"sc-e7b891c4-0 ifHnQL image-embed\"><img alt=\"Talleres de Escalada y su mal momento. (Prensa Talleres RE).\" loading=\"lazy\" width=\"720\" height=\"100\" decoding=\"async\" data-nimg=\"1\" src=\"http:\/\/cordobadirecto.com\/wp-content\/uploads\/2025\/07\/la-sorpresiva-visita-del-pupi-zanetti-en-el-entrenamiento-de-un-equipo-del-ascenso-2.jpg\"><span class=\"epigraphe\">Talleres de Escalada y su mal momento. (Prensa Talleres RE).<\/span><\/div>\n<div class=\"sc-a7166897-0 eoLsBE\" readability=\"6\">\n<section readability=\"2\"><picture><img alt=\"Independiente: Valenzuela es refuerzo y \u00bfse cae lo de Zabala?\" loading=\"lazy\" width=\"290\" height=\"290\" decoding=\"async\" data-nimg=\"1\" src=\"http:\/\/cordobadirecto.com\/wp-content\/uploads\/2025\/07\/la-sorpresiva-visita-del-pupi-zanetti-en-el-entrenamiento-de-un-equipo-del-ascenso-3.jpg\"><\/picture>\n<p><span>Mir\u00e1 tambi\u00e9n<\/span><\/p>\n<hr>\n<h3>Independiente: Valenzuela es refuerzo y \u00bfse cae lo de Zabala?<\/h3>\n<\/p>\n<\/section>\n<\/div>\n<div class=\"sc-a7166897-0 eoLsBE\" readability=\"6\">\n<section readability=\"2\"><picture><img alt=\"Marcelo Zuleta se fue de Ecuador: \u00bfen qu\u00e9 equipo asumi\u00f3?\" loading=\"lazy\" width=\"290\" height=\"290\" decoding=\"async\" data-nimg=\"1\" src=\"http:\/\/cordobadirecto.com\/wp-content\/uploads\/2025\/07\/la-sorpresiva-visita-del-pupi-zanetti-en-el-entrenamiento-de-un-equipo-del-ascenso-4.jpg\"><\/picture>\n<p><span>Mir\u00e1 tambi\u00e9n<\/span><\/p>\n<hr>\n<h3>Marcelo Zuleta se fue de Ecuador: \u00bfen qu\u00e9 equipo asumi\u00f3?<\/h3>\n<\/p>\n<\/section>\n<\/div>\n<\/div>\n","protected":false},"excerpt":{"rendered":"<p>16\/07\/2025 19:25hs. En medio de un presente complicado, Talleres de Remedios de Escalada tuvo una alegr\u00eda. Claro, es que marcha \u00faltimo y en puestos de descenso en la Zona B de la Primera Nacional con apenas ocho unidades conseguidas en 22 fechas (gan\u00f3 un partido en el a\u00f1o y no lo hace desde la cuarta [&hellip;]<\/p>\n","protected":false},"author":1,"featured_media":170586,"comment_status":"closed","ping_status":"closed","sticky":false,"template":"","format":"standard","meta":[],"categories":[21],"tags":[],"_links":{"self":[{"href":"http:\/\/cordobadirecto.com\/index.php\/wp-json\/wp\/v2\/posts\/170585"}],"collection":[{"href":"http:\/\/cordobadirecto.com\/index.php\/wp-json\/wp\/v2\/posts"}],"about":[{"href":"http:\/\/cordobadirecto.com\/index.php\/wp-json\/wp\/v2\/types\/post"}],"author":[{"embeddable":true,"href":"http:\/\/cordobadirecto.com\/index.php\/wp-json\/wp\/v2\/users\/1"}],"replies":[{"embeddable":true,"href":"http:\/\/cordobadirecto.com\/index.php\/wp-json\/wp\/v2\/comments?post=170585"}],"version-history":[{"count":0,"href":"http:\/\/cordobadirecto.com\/index.php\/wp-json\/wp\/v2\/posts\/170585\/revisions"}],"wp:featuredmedia":[{"embeddable":true,"href":"http:\/\/cordobadirecto.com\/index.php\/wp-json\/wp\/v2\/media\/170586"}],"wp:attachment":[{"href":"http:\/\/cordobadirecto.com\/index.php\/wp-json\/wp\/v2\/media?parent=170585"}],"wp:term":[{"taxonomy":"category","embeddable":true,"href":"http:\/\/cordobadirecto.com\/index.php\/wp-json\/wp\/v2\/categories?post=170585"},{"taxonomy":"post_tag","embeddable":true,"href":"http:\/\/cordobadirecto.com\/index.php\/wp-json\/wp\/v2\/tags?post=170585"}],"curies":[{"name":"wp","href":"https:\/\/api.w.org\/{rel}","templated":true}]}}