{"id":170594,"date":"2025-07-17T13:00:40","date_gmt":"2025-07-17T13:00:40","guid":{"rendered":"https:\/\/puntoapunto.com.ar\/?p=375006"},"modified":"2025-07-17T13:00:40","modified_gmt":"2025-07-17T13:00:40","slug":"grupo-popular-acelera-su-plan-global-abre-en-nueva-york-y-proyecta-cerrar-2025-con-135-locales","status":"publish","type":"post","link":"http:\/\/cordobadirecto.com\/index.php\/2025\/07\/17\/grupo-popular-acelera-su-plan-global-abre-en-nueva-york-y-proyecta-cerrar-2025-con-135-locales\/","title":{"rendered":"Grupo Popular acelera su plan global: abre en Nueva York y proyecta cerrar 2025 con 135 locales"},"content":{"rendered":"<p>&nbsp;<!-- \u00a1O bien no hay banners, estan desactivados o no estan programados para esta ubicaci\u00f3n! -->\n<\/p>\n<p>&nbsp;\n<\/p>\n<p>La pizza, uno de los alimentos m\u00e1s populares y consumidos en el mundo, es la piedra angular sobre la que el Grupo Popular construy\u00f3 un ambicioso modelo de negocios. Fundada en C\u00f3rdoba, la empresa que lideran Diego Frydman y Esteban Simes comenz\u00f3 con la marca <strong>Pizzer\u00eda Popular<\/strong>, a la que luego sum\u00f3 <strong>Lomiter\u00eda Popular<\/strong> y <strong>Milanesas Popular<\/strong>, para conformar un holding gastron\u00f3mico que hoy gestiona <strong>120 locales activos<\/strong> entre sus tres formatos.\n<\/p>\n<p>\u201cEl 2025 viene muy din\u00e1mico. Ya abrimos 15 locales y esperamos sumar otros 15 m\u00e1s antes de fin de a\u00f1o\u201d, adelanta Frydman en di\u00e1logo con <strong>Punto a Punto<\/strong>. La compa\u00f1\u00eda no solo crece en el pa\u00eds, donde tiene presencia de norte a sur, sino que avanza con una estrategia de internacionalizaci\u00f3n que pisa fuerte en <strong>Estados Unidos, Espa\u00f1a, Brasil, Uruguay, Chile y Paraguay<\/strong>.\n<\/p>\n<p>El hito m\u00e1s relevante de este a\u00f1o ser\u00e1 la apertura de su <strong>primer local en Nueva York<\/strong>, que se concretar\u00e1 en septiembre en cercan\u00edas del SoHo. \u201cEs un gran sue\u00f1o para nosotros. Un cordob\u00e9s compr\u00f3 el fondo de comercio de un restaurante argentino y lo reconvirti\u00f3 en una pizzer\u00eda. Ser\u00e1 nuestra primera incursi\u00f3n en una de las mecas globales de la gastronom\u00eda\u201d, relata Frydman.<!-- \u00a1O bien no hay banners, estan desactivados o no estan programados para esta ubicaci\u00f3n! -->\n<\/p>\n<p>Pero Estados Unidos no es el \u00fanico foco. En <strong>Espa\u00f1a<\/strong>, Grupo Popular ya opera locales de sus dos marcas principales en ciudades como <strong>Barcelona, Palma de Mallorca, Valencia, M\u00e1laga, Madrid y Alicante<\/strong>, con una proyecci\u00f3n que ronda los <strong>10 a 12 puntos de venta<\/strong>. En <strong>Brasil<\/strong>, suman locales en <strong>R\u00edo de Janeiro, Cambori\u00fa y Florian\u00f3polis<\/strong>; mientras que en <strong>Uruguay<\/strong> ya cuentan con tres bocas operativas. En <strong>Chile<\/strong>, en tanto, se asociaron con un jugador local para desarrollar un espacio gastron\u00f3mico de 400 m\u00b2, lo que representa una de sus apuestas m\u00e1s ambiciosas fuera del pa\u00eds.<\/p>\n<p><img decoding=\"async\" class=\"aligncenter wp-image-374942 size-full\" src=\"http:\/\/cordobadirecto.com\/wp-content\/uploads\/2025\/07\/grupo-popular-acelera-su-plan-global-abre-en-nueva-york-y-proyecta-cerrar-2025-con-135-locales.jpg\" alt width=\"1400\" height=\"800\" srcset=\"http:\/\/cordobadirecto.com\/wp-content\/uploads\/2025\/07\/grupo-popular-acelera-su-plan-global-abre-en-nueva-york-y-proyecta-cerrar-2025-con-135-locales.jpg 1400w, http:\/\/cordobadirecto.com\/wp-content\/uploads\/2025\/07\/grupo-popular-acelera-su-plan-global-abre-en-nueva-york-y-proyecta-cerrar-2025-con-135-locales-2.jpg 300w, http:\/\/cordobadirecto.com\/wp-content\/uploads\/2025\/07\/grupo-popular-acelera-su-plan-global-abre-en-nueva-york-y-proyecta-cerrar-2025-con-135-locales-3.jpg 1024w, http:\/\/cordobadirecto.com\/wp-content\/uploads\/2025\/07\/grupo-popular-acelera-su-plan-global-abre-en-nueva-york-y-proyecta-cerrar-2025-con-135-locales-4.jpg 768w, http:\/\/cordobadirecto.com\/wp-content\/uploads\/2025\/07\/grupo-popular-acelera-su-plan-global-abre-en-nueva-york-y-proyecta-cerrar-2025-con-135-locales-5.jpg 750w, http:\/\/cordobadirecto.com\/wp-content\/uploads\/2025\/07\/grupo-popular-acelera-su-plan-global-abre-en-nueva-york-y-proyecta-cerrar-2025-con-135-locales-6.jpg 1140w\" sizes=\"(max-width: 1400px) 100vw, 1400px\" loading=\"lazy\"> <img loading=\"lazy\" decoding=\"async\" class=\"aligncenter wp-image-374941 size-large\" src=\"http:\/\/cordobadirecto.com\/wp-content\/uploads\/2025\/07\/grupo-popular-acelera-su-plan-global-abre-en-nueva-york-y-proyecta-cerrar-2025-con-135-locales-1.jpg\" alt width=\"1024\" height=\"585\" srcset=\"http:\/\/cordobadirecto.com\/wp-content\/uploads\/2025\/07\/grupo-popular-acelera-su-plan-global-abre-en-nueva-york-y-proyecta-cerrar-2025-con-135-locales-1.jpg 1024w, http:\/\/cordobadirecto.com\/wp-content\/uploads\/2025\/07\/grupo-popular-acelera-su-plan-global-abre-en-nueva-york-y-proyecta-cerrar-2025-con-135-locales-7.jpg 300w, http:\/\/cordobadirecto.com\/wp-content\/uploads\/2025\/07\/grupo-popular-acelera-su-plan-global-abre-en-nueva-york-y-proyecta-cerrar-2025-con-135-locales-8.jpg 768w, http:\/\/cordobadirecto.com\/wp-content\/uploads\/2025\/07\/grupo-popular-acelera-su-plan-global-abre-en-nueva-york-y-proyecta-cerrar-2025-con-135-locales-9.jpg 750w, http:\/\/cordobadirecto.com\/wp-content\/uploads\/2025\/07\/grupo-popular-acelera-su-plan-global-abre-en-nueva-york-y-proyecta-cerrar-2025-con-135-locales-10.jpg 1140w, http:\/\/cordobadirecto.com\/wp-content\/uploads\/2025\/07\/grupo-popular-acelera-su-plan-global-abre-en-nueva-york-y-proyecta-cerrar-2025-con-135-locales-11.jpg 1400w\" sizes=\"auto, (max-width: 1024px) 100vw, 1024px\">\n<\/p>\n<p><strong>Un modelo replicable y una inversi\u00f3n atractiva<br \/><\/strong>El secreto detr\u00e1s de la expansi\u00f3n de Grupo Popular radica en la <strong>estandarizaci\u00f3n del formato, una est\u00e9tica coherente entre locales y una propuesta culinaria simple pero poderosa<\/strong>: pizzas al horno de barro, lomitos y milanesas, con fuerte presencia de ingredientes nacionales y una impronta local adaptada a cada mercado. \u201cLa pizza sigue siendo el alimento m\u00e1s consumido del mundo, por encima de la hamburguesa. Hoy hay un auge de la napolitana y de la muzzarella abundante. Nosotros adaptamos ese concepto a cada pa\u00eds, pero con sello propio\u201d, detalla Frydman.\n<\/p>\n<p>Para los interesados en sumarse como franquiciados, el modelo es atractivo. En Argentina, la inversi\u00f3n promedio para abrir un local de Pizzer\u00eda Popular ronda los <strong>US$150.000<\/strong>. A partir de all\u00ed, la empresa propone un esquema que incluye soporte integral, acompa\u00f1amiento en la gesti\u00f3n y replicaci\u00f3n del know-how gastron\u00f3mico y comercial.\n<\/p>\n<p>A nivel local, el crecimiento tambi\u00e9n contin\u00faa. En lo que va del a\u00f1o, se abrieron nuevos locales en <strong>Rosario, Buenos Aires y pr\u00f3ximamente en Ushuaia y Jujuy<\/strong>. El pa\u00eds se divide en zonas de master franquiciados, lo que permite escalar r\u00e1pidamente la propuesta sin perder control de marca.\n<\/p>\n<p><strong>El consumo y la oportunidad<br \/><\/strong>En un contexto econ\u00f3mico desafiante, con ca\u00edda del poder adquisitivo y retracci\u00f3n del consumo masivo, Frydman plantea una visi\u00f3n optimista. \u201cHay una crisis de consumo muy grande, pero eso tambi\u00e9n genera una limpieza del mercado y la posibilidad de tomar buenos locales a costos bajos. Vamos a seguir expandi\u00e9ndonos en el pa\u00eds, especialmente en Buenos Aires, y a fortalecer nuestra presencia en Brasil y Estados Unidos en 2026\u201d, anticipa.\n<\/p>\n<p>Seg\u00fan datos de la consultora Kantar, el consumo de pizza en Argentina se mantiene entre los m\u00e1s altos del mundo: se calcula que <strong>cada argentino consume en promedio 5 a 6 kilos de pizza al a\u00f1o<\/strong>, lo que representa una cifra similar a la de pa\u00edses como Italia o Estados Unidos. Adem\u00e1s, un estudio de Statista destaca que el mercado global de pizzas factur\u00f3 m\u00e1s de <strong>US$150.000 millones en 2023<\/strong>, con proyecciones de crecimiento sostenido en los pr\u00f3ximos a\u00f1os.\n<\/p>\n<p>Con esta base de consumo s\u00f3lida y una marca que logr\u00f3 combinar identidad local con ambici\u00f3n global, Grupo Popular se proyecta como uno de los jugadores m\u00e1s din\u00e1micos del rubro gastron\u00f3mico argentino. El objetivo de cerrar el 2025 con <strong>135 locales operativos<\/strong> parece estar al alcance de la mano.\n<\/p>\n<p>&nbsp;\n<\/p>\n<p>&nbsp;\n<\/p>\n<p>&nbsp;\n<\/p>\n<div class=\"g g-38\">\n<div class=\"g-dyn a-12 c-1\"><a class=\"gofollow\" data-track=\"MTIsMzgsMSw2MA==\" href=\"https:\/\/www.farmaciashpfarma.com.ar\/blog\/institucional\/beneficios-corporativos-en-campana-antigripal.html\" target=\"_blank\" rel=\"noopener\"><img src=\"http:\/\/cordobadirecto.com\/wp-content\/uploads\/2025\/07\/grupo-popular-acelera-su-plan-global-abre-en-nueva-york-y-proyecta-cerrar-2025-con-135-locales.gif\" loading=\"lazy\"><\/a><\/div>\n<\/div>\n","protected":false},"excerpt":{"rendered":"<p>&nbsp; &nbsp; La pizza, uno de los alimentos m\u00e1s populares y consumidos en el mundo, es la piedra angular sobre la que el Grupo Popular construy\u00f3 un ambicioso modelo de negocios. Fundada en C\u00f3rdoba, la empresa que lideran Diego Frydman y Esteban Simes comenz\u00f3 con la marca Pizzer\u00eda Popular, a la que luego sum\u00f3 Lomiter\u00eda [&hellip;]<\/p>\n","protected":false},"author":1,"featured_media":170595,"comment_status":"closed","ping_status":"closed","sticky":false,"template":"","format":"standard","meta":[],"categories":[25],"tags":[],"_links":{"self":[{"href":"http:\/\/cordobadirecto.com\/index.php\/wp-json\/wp\/v2\/posts\/170594"}],"collection":[{"href":"http:\/\/cordobadirecto.com\/index.php\/wp-json\/wp\/v2\/posts"}],"about":[{"href":"http:\/\/cordobadirecto.com\/index.php\/wp-json\/wp\/v2\/types\/post"}],"author":[{"embeddable":true,"href":"http:\/\/cordobadirecto.com\/index.php\/wp-json\/wp\/v2\/users\/1"}],"replies":[{"embeddable":true,"href":"http:\/\/cordobadirecto.com\/index.php\/wp-json\/wp\/v2\/comments?post=170594"}],"version-history":[{"count":0,"href":"http:\/\/cordobadirecto.com\/index.php\/wp-json\/wp\/v2\/posts\/170594\/revisions"}],"wp:featuredmedia":[{"embeddable":true,"href":"http:\/\/cordobadirecto.com\/index.php\/wp-json\/wp\/v2\/media\/170595"}],"wp:attachment":[{"href":"http:\/\/cordobadirecto.com\/index.php\/wp-json\/wp\/v2\/media?parent=170594"}],"wp:term":[{"taxonomy":"category","embeddable":true,"href":"http:\/\/cordobadirecto.com\/index.php\/wp-json\/wp\/v2\/categories?post=170594"},{"taxonomy":"post_tag","embeddable":true,"href":"http:\/\/cordobadirecto.com\/index.php\/wp-json\/wp\/v2\/tags?post=170594"}],"curies":[{"name":"wp","href":"https:\/\/api.w.org\/{rel}","templated":true}]}}