{"id":170596,"date":"2025-07-17T20:00:01","date_gmt":"2025-07-17T20:00:01","guid":{"rendered":"http:\/\/cordobadirecto.com\/index.php\/2025\/07\/17\/cordoba-tendra-un-fin-de-semana-a-pleno-con-alta-ocupacion-y-un-evento-deportivo-clave\/"},"modified":"2025-07-17T20:00:01","modified_gmt":"2025-07-17T20:00:01","slug":"cordoba-tendra-un-fin-de-semana-a-pleno-con-alta-ocupacion-y-un-evento-deportivo-clave","status":"publish","type":"post","link":"http:\/\/cordobadirecto.com\/index.php\/2025\/07\/17\/cordoba-tendra-un-fin-de-semana-a-pleno-con-alta-ocupacion-y-un-evento-deportivo-clave\/","title":{"rendered":"<b>C\u00f3rdoba<\/b> tendr\u00e1 un fin de semana a pleno con alta ocupaci\u00f3n y un evento deportivo clave"},"content":{"rendered":"<p>&#8230; econ\u00f3mico y tur\u00edstico, siendo un <b>nuevo<\/b> ejemplo del potencial de la provincia como sede de eventos masivos. AGENCIA <b>C\u00d3RDOBA<\/b> TURISMO S.E.M.. Av&nbsp;&#8230; <\/p>\n","protected":false},"excerpt":{"rendered":"<p>&#8230; econ\u00f3mico y tur\u00edstico, siendo un nuevo ejemplo del potencial de la provincia como sede de eventos masivos. AGENCIA C\u00d3RDOBA TURISMO S.E.M.. Av&nbsp;&#8230;<\/p>\n","protected":false},"author":1,"featured_media":0,"comment_status":"closed","ping_status":"closed","sticky":false,"template":"","format":"standard","meta":[],"categories":[40],"tags":[],"_links":{"self":[{"href":"http:\/\/cordobadirecto.com\/index.php\/wp-json\/wp\/v2\/posts\/170596"}],"collection":[{"href":"http:\/\/cordobadirecto.com\/index.php\/wp-json\/wp\/v2\/posts"}],"about":[{"href":"http:\/\/cordobadirecto.com\/index.php\/wp-json\/wp\/v2\/types\/post"}],"author":[{"embeddable":true,"href":"http:\/\/cordobadirecto.com\/index.php\/wp-json\/wp\/v2\/users\/1"}],"replies":[{"embeddable":true,"href":"http:\/\/cordobadirecto.com\/index.php\/wp-json\/wp\/v2\/comments?post=170596"}],"version-history":[{"count":0,"href":"http:\/\/cordobadirecto.com\/index.php\/wp-json\/wp\/v2\/posts\/170596\/revisions"}],"wp:attachment":[{"href":"http:\/\/cordobadirecto.com\/index.php\/wp-json\/wp\/v2\/media?parent=170596"}],"wp:term":[{"taxonomy":"category","embeddable":true,"href":"http:\/\/cordobadirecto.com\/index.php\/wp-json\/wp\/v2\/categories?post=170596"},{"taxonomy":"post_tag","embeddable":true,"href":"http:\/\/cordobadirecto.com\/index.php\/wp-json\/wp\/v2\/tags?post=170596"}],"curies":[{"name":"wp","href":"https:\/\/api.w.org\/{rel}","templated":true}]}}