{"id":170651,"date":"2025-07-18T01:13:16","date_gmt":"2025-07-18T01:13:16","guid":{"rendered":"https:\/\/www.ole.com.ar\/futbol-ascenso\/vuelta-hinchadas-visitantes-estadios-futbol-argentino-ascenso_0_KUwouZnZ67.html"},"modified":"2025-07-18T01:13:16","modified_gmt":"2025-07-18T01:13:16","slug":"vuelta-de-los-visitantes-como-es-la-situacion-en-el-ascenso","status":"publish","type":"post","link":"http:\/\/cordobadirecto.com\/index.php\/2025\/07\/18\/vuelta-de-los-visitantes-como-es-la-situacion-en-el-ascenso\/","title":{"rendered":"Vuelta de los visitantes: \u00bfc\u00f3mo es la situaci\u00f3n en el Ascenso?"},"content":{"rendered":"<p><time class=\"createDate\" datetime=\"2025-07-17T20:07:04-03:00\">17\/07\/2025 20:07hs.<\/time><\/p>\n<div id=\"storyBody\">\n<div class=\"custom-text \" readability=\"36.403361344538\">\n<p>Una jornada hist\u00f3rica para el f\u00fatbol argentino se vivi\u00f3 este jueves al hacerse oficial<strong> el regreso de los visitantes despu\u00e9s de 12 a\u00f1os<\/strong>. Claro, es que as\u00ed lo anunci\u00f3 la <a href=\"https:\/\/www.ole.com.ar\/tema\/afa.html\" title=\"afa\" alt=\"afa\" class=\"slug\">AFA<\/a> en una conferencia de prensa en el Predio Lionel Andr\u00e9s Messi en un hecho que, seg\u00fan palabras del propio <a href=\"https:\/\/www.ole.com.ar\/tema\/claudio-chiqui-tapia.html\" title=\"Claudio Chiqui Tapia\" alt=\"Claudio Chiqui Tapia\" class=\"slug\">Chiqui Tapia<\/a>,<strong> &#8221;marca un antes y un despu\u00e9s en el f\u00fatbol argentino&#8221;. <\/strong><\/p>\n<\/div>\n<div class=\"sc-e7b891c4-0 ifHnQL image-embed\"><img alt=\"Lan\u00fas vs. Rosario Central, la prueba piloto.\" loading=\"lazy\" width=\"720\" height=\"100\" decoding=\"async\" data-nimg=\"1\" src=\"http:\/\/cordobadirecto.com\/wp-content\/uploads\/2025\/07\/vuelta-de-los-visitantes-como-es-la-situacion-en-el-ascenso.jpg\"><span class=\"epigraphe\">Lan\u00fas vs. Rosario Central, la prueba piloto.<\/span><\/div>\n<div class=\"custom-text \" readability=\"35.482051282051\">\n<p>La prueba piloto <strong>ser\u00e1 en el duelo entre Lan\u00fas y Rosario Central<\/strong> por la <a href=\"https:\/\/www.ole.com.ar\/tema\/liga-profesional.html\" title=\"Liga Profesional\" alt=\"Liga Profesional\" class=\"slug\">Liga Profesional<\/a> y seguir\u00e1 de manera escalonada hasta que haya publico de las dos parcialidades en todos los partidos. Pero, mientras se daba esta esperada noticia para el Clausura, en el f\u00fatbol de Ascenso se encendieron las alarmas ante la (lejana) posibilidad de que tambi\u00e9n se d\u00e9 en las categor\u00edas m\u00e1s bajas. <\/p>\n<\/div>\n<div class=\"custom-text \" readability=\"42\">\n<p>Por el momento, la medida tomada en com\u00fan acuerdo con AFA y el Ministerio de Seguridad de la Provincia de Buenos Aires, es exclusivamente en la Primera Divisi\u00f3n. <strong>&#8220;Esto es para la Liga Profesional, por ahora&#8221;<\/strong>, expres\u00f3 Claudio Tapia en conferencia de prensa, <strong>dejando la puerta abierta si la situaci\u00f3n prospera<\/strong>. Hace m\u00e1s de una d\u00e9cada que no hay visitantes en el f\u00fatbol de Ascenso, pero ante este avance en la Primera, <strong>\u00bfregresar\u00e1n?<\/strong><\/p>\n<\/div>\n<p><h2><strong>El anuncio de Tapia en conferencia de prensa<\/strong><\/h2>\n<\/p>\n<div class=\"custom-text \" readability=\"37\">\n<p>&#8220;Es un d\u00eda important\u00edsimo para el f\u00fatbol argentino. <strong>Marcar\u00e1 un antes y un despu\u00e9s<\/strong>. Si bien se viene trabajando desde hace tiempo, es un d\u00eda hist\u00f3rico porque es el principio para la vuelta del p\u00fablico visitante. <strong>Es el comienzo para que los clubes que est\u00e9n en condiciones y quieran recibir visitantes lo puedan hacer<\/strong>&#8220;, indic\u00f3 el Chiqui ante los medios.<\/p>\n<\/div>\n<div class=\"custom-text \" readability=\"37\">\n<p>&#8221;Es el comienzo de mucho trabajo que hay hacia adelante para poder consolidar esta idea. Es un compromiso de todos, que tambi\u00e9n va a llevar jornadas de capacitaci\u00f3n para ir hacia el camino que la mayor\u00eda quiere, <strong>que es tener los dos p\u00fablicos en el estadio<\/strong>&#8220;, declar\u00f3 luego.<\/p>\n<\/div>\n<div class=\"sc-e7b891c4-0 ifHnQL image-embed\"><img alt=\"Regresan los visitantes al f\u00fatbol argentino.\" loading=\"lazy\" width=\"720\" height=\"100\" decoding=\"async\" data-nimg=\"1\" src=\"http:\/\/cordobadirecto.com\/wp-content\/uploads\/2025\/07\/vuelta-de-los-visitantes-como-es-la-situacion-en-el-ascenso-1.jpg\"><span class=\"epigraphe\">Regresan los visitantes al f\u00fatbol argentino.<\/span><\/div>\n<div class=\"custom-text \" readability=\"39\">\n<p>&#8220;<strong>Esto es para la Liga Profesional, por ahora<\/strong>. El fin de semana se llevar\u00e1 a cabo la primera prueba. Ya se hicieron muchos partidos, como Boca &#8211; Racing en cancha de Lan\u00fas. Es un d\u00eda al cual esper\u00e1bamos llegar, anunciarlo.<strong> Es el comienzo de la vuelta del p\u00fablico visitante en el f\u00fatbol argentino<\/strong>&#8220;, complet\u00f3.<\/p>\n<\/div>\n<p><h2><strong>La prohibici\u00f3n de los visitantes en el Ascenso<\/strong><\/h2>\n<\/p>\n<div class=\"custom-text \" readability=\"37\">\n<p>Hay que remontarse a la Promoci\u00f3n de la B Nacional 2006\/2007, cuando en el partido entre Nueva Chicago y Tigre <strong>una emboscada de gente del Torito termin\u00f3 con la vida de Marcelo Cejas, <\/strong>hincha del Matador, a pocos metros del estadio.<strong> <\/strong><\/p>\n<\/div>\n<div class=\"custom-text \" readability=\"36\">\n<p><strong>Si bien hubo algunas excepciones <\/strong>como en la temporada 2011\/12, cuando River jug\u00f3 en el Nacional y se permiti\u00f3 el p\u00fablico visitante en determinados partidos, no hubo un regreso oficial de ambas parcialidades. <\/p>\n<\/div>\n<div class=\"sc-a7166897-0 eoLsBE\" readability=\"6\">\n<section readability=\"2\"><picture><img alt=\"Dos refuerzos m\u00e1s para Gallardo: River cerr\u00f3 a Portillo y Galarza Fonda \" loading=\"lazy\" width=\"290\" height=\"290\" decoding=\"async\" data-nimg=\"1\" src=\"http:\/\/cordobadirecto.com\/wp-content\/uploads\/2025\/07\/vuelta-de-los-visitantes-como-es-la-situacion-en-el-ascenso-2.jpg\"><\/picture>\n<p><span>Mir\u00e1 tambi\u00e9n<\/span><\/p>\n<hr>\n<h3>Dos refuerzos m\u00e1s para Gallardo: River cerr\u00f3 a Portillo y Galarza Fonda <\/h3>\n<\/p>\n<\/section>\n<\/div>\n<div class=\"sc-a7166897-0 eoLsBE\" readability=\"7\">\n<section readability=\"4\"><picture><img alt=\"Alonso Mart\u00ednez, el delantero que hace olvidar a David Villa y Taty Castellanos en New York City FC\" loading=\"lazy\" width=\"290\" height=\"290\" decoding=\"async\" data-nimg=\"1\" src=\"http:\/\/cordobadirecto.com\/wp-content\/uploads\/2025\/07\/vuelta-de-los-visitantes-como-es-la-situacion-en-el-ascenso-3.jpg\"><\/picture>\n<p><span>Mir\u00e1 tambi\u00e9n<\/span><\/p>\n<hr>\n<h3>Alonso Mart\u00ednez, el delantero que hace olvidar a David Villa y Taty Castellanos en New York City FC<\/h3>\n<\/p>\n<\/section>\n<\/div>\n<\/div>\n","protected":false},"excerpt":{"rendered":"<p>17\/07\/2025 20:07hs. Una jornada hist\u00f3rica para el f\u00fatbol argentino se vivi\u00f3 este jueves al hacerse oficial el regreso de los visitantes despu\u00e9s de 12 a\u00f1os. Claro, es que as\u00ed lo anunci\u00f3 la AFA en una conferencia de prensa en el Predio Lionel Andr\u00e9s Messi en un hecho que, seg\u00fan palabras del propio Chiqui Tapia, &#8221;marca [&hellip;]<\/p>\n","protected":false},"author":1,"featured_media":170652,"comment_status":"closed","ping_status":"closed","sticky":false,"template":"","format":"standard","meta":[],"categories":[21],"tags":[],"_links":{"self":[{"href":"http:\/\/cordobadirecto.com\/index.php\/wp-json\/wp\/v2\/posts\/170651"}],"collection":[{"href":"http:\/\/cordobadirecto.com\/index.php\/wp-json\/wp\/v2\/posts"}],"about":[{"href":"http:\/\/cordobadirecto.com\/index.php\/wp-json\/wp\/v2\/types\/post"}],"author":[{"embeddable":true,"href":"http:\/\/cordobadirecto.com\/index.php\/wp-json\/wp\/v2\/users\/1"}],"replies":[{"embeddable":true,"href":"http:\/\/cordobadirecto.com\/index.php\/wp-json\/wp\/v2\/comments?post=170651"}],"version-history":[{"count":0,"href":"http:\/\/cordobadirecto.com\/index.php\/wp-json\/wp\/v2\/posts\/170651\/revisions"}],"wp:featuredmedia":[{"embeddable":true,"href":"http:\/\/cordobadirecto.com\/index.php\/wp-json\/wp\/v2\/media\/170652"}],"wp:attachment":[{"href":"http:\/\/cordobadirecto.com\/index.php\/wp-json\/wp\/v2\/media?parent=170651"}],"wp:term":[{"taxonomy":"category","embeddable":true,"href":"http:\/\/cordobadirecto.com\/index.php\/wp-json\/wp\/v2\/categories?post=170651"},{"taxonomy":"post_tag","embeddable":true,"href":"http:\/\/cordobadirecto.com\/index.php\/wp-json\/wp\/v2\/tags?post=170651"}],"curies":[{"name":"wp","href":"https:\/\/api.w.org\/{rel}","templated":true}]}}