{"id":170726,"date":"2025-07-18T22:43:09","date_gmt":"2025-07-18T22:43:09","guid":{"rendered":"https:\/\/www.ole.com.ar\/autos\/mal-recuerdo-pechito-jose-maria-lopez-flavio-briatore-franco-colapinto_0_xxgl50NVid.html"},"modified":"2025-07-18T22:43:09","modified_gmt":"2025-07-18T22:43:09","slug":"el-mal-recuerdo-de-pechito-lopez-con-flavio-briatore-no-lo-quise-ver-mas","status":"publish","type":"post","link":"http:\/\/cordobadirecto.com\/index.php\/2025\/07\/18\/el-mal-recuerdo-de-pechito-lopez-con-flavio-briatore-no-lo-quise-ver-mas\/","title":{"rendered":"El mal recuerdo de Pechito L\u00f3pez con Flavio Briatore: &#8220;No lo quise ver m\u00e1s&#8221;"},"content":{"rendered":"<p><time class=\"createDate\" datetime=\"2025-07-18T19:43:09-03:00\">18\/07\/2025 19:43hs.<\/time><\/p>\n<div id=\"storyBody\">\n<div class=\"custom-text \" readability=\"38.782837127846\">\n<p><strong><a href=\"https:\/\/www.ole.com.ar\/tema\/franco-colapinto.html\" title=\"Franco Colapinto\" alt=\"Franco Colapinto\" class=\"slug\">Franco Colapinto<\/a><\/strong> y <strong><a href=\"https:\/\/www.ole.com.ar\/tema\/jose-maria-lopez.html\" title=\"Jos\u00e9 Mar\u00eda L\u00f3pez\" alt=\"Jos\u00e9 Mar\u00eda L\u00f3pez\" class=\"slug\">Jos\u00e9 Mar\u00eda L\u00f3pez<\/a><\/strong> tienen muchas cosas en com\u00fan. Adem\u00e1s de lo que los une, ya que son vecinos en M\u00f3naco, pasaron cumplea\u00f1os juntos y son dos de los m\u00e1ximos referentes del automovilismo argentino, tuvieron la particularidad de haber compartido equipo y jefe: <strong>Renault<\/strong>, que por estos d\u00edas es conocido como <a href=\"https:\/\/www.ole.com.ar\/tema\/alpine.html\" title=\"Alpine\" alt=\"Alpine\" class=\"slug\">Alpine<\/a> (submarca del Rombo), y <strong><a href=\"https:\/\/www.ole.com.ar\/tema\/flavio-briatore.html\" title=\"Flavio Briatore\" alt=\"Flavio Briatore\" class=\"slug\">Flavio Briatore<\/a><\/strong>. La diferencia, claro est\u00e1, es que Pechito no pas\u00f3 de reserva y el pibe se gan\u00f3 la titularidad. De aquella experiencia, <strong>el cordob\u00e9s se qued\u00f3 con un mal recuerdo acerca del asesor italiano&#8230;<\/strong><\/p>\n<\/div>\n<div class=\"custom-text \" readability=\"41.030023094688\">\n<p>Tras haber ganado las 6 Horas de San Pablo del WEC, en la categor\u00eda LMGT3, L\u00f3pez rememor\u00f3 su llegada frustrada a la <a href=\"https:\/\/www.ole.com.ar\/tema\/formula-1.html\" title=\"F\u00f3rmula 1\" alt=\"F\u00f3rmula 1\" class=\"slug\">F\u00f3rmula 1<\/a>. <strong>&#8220;A Briatore no lo quise ver m\u00e1s&#8221;<\/strong>, le dijo con contundencia a Carburando. Luego, fundament\u00f3: &#8220;Era mi manager en su momento, junto con la mano derecha de Bruno Michel (NdeR: director ejecutivo de la F2 y F3), <strong>y lo pusieron a Piquet porque no s\u00e9 si ven\u00eda con Telef\u00f3nica, Brasil o no s\u00e9 qu\u00e9 ven\u00eda<\/strong>&#8220;. <\/p>\n<\/div>\n<div class=\"sc-e7b891c4-0 ifHnQL image-embed\"><img alt=\"Pechito L\u00f3pez haciendo pruebas para Renault. (AFP)\" loading=\"lazy\" width=\"720\" height=\"100\" decoding=\"async\" data-nimg=\"1\" src=\"http:\/\/cordobadirecto.com\/wp-content\/uploads\/2025\/07\/el-mal-recuerdo-de-pechito-lopez-con-flavio-briatore-no-lo-quise-ver-mas.jpg\"><span class=\"epigraphe\">Pechito L\u00f3pez haciendo pruebas para Renault. (AFP)<\/span><\/div>\n<div class=\"custom-text \" readability=\"40\">\n<p>En esa l\u00ednea, trazando una comparativa con el brasile\u00f1o que compiti\u00f3 en la F1 entre 2008 y 2009, Pechito sigui\u00f3: &#8220;En las pruebas, <strong>siempre estaba adelante y andando bien.<\/strong> Nunca hubo una explicaci\u00f3n ni nada, los equipos de GP2 (NdeR: ex F\u00f3rmula 2) en los que me pusieron siempre fueron malos&#8230; <strong>No termin\u00e9 con una buena relaci\u00f3n, no tengo la mejor de las opiniones de Flavio<\/strong>&#8220;.<\/p>\n<\/div>\n<div class=\"custom-text \" readability=\"42\">\n<p>Aunque lo elogi\u00f3, marcando que <strong>&#8220;es alguien muy capaz e hizo funcionar a Renault&#8221;<\/strong>, el cordob\u00e9s repudi\u00f3 que siga estando en la M\u00e1xima tras haber sido responsable del Crashgate. En s\u00edntesis, <strong>Briatore hizo que Piquet Jr. chocara a prop\u00f3sito para favorecer a Fernando Alonso<\/strong>, quien termin\u00f3 ganando el GP de Singapur del 2008; luego fue denunciado, expulsado de la categor\u00eda de por vida y, a la larga, indultado.<\/p>\n<\/div>\n<div class=\"custom-text \" readability=\"35\">\n<p>&#8220;Despu\u00e9s de lo que hizo&#8230; Uno no entiende que lo hayan vuelto a dejar entrar y<strong> est\u00e9 caminando por el paddock as\u00ed nom\u00e1s<\/strong>. Tiene un antecedente que todos saben. <strong>No es mi estilo de persona<\/strong>&#8220;, concluy\u00f3 Pechito.<\/p>\n<\/div>\n<p><h2>La palabra de Pechito L\u00f3pez al recordar a Flavio Briatore<\/h2>\n<\/p>\n<div class=\"sc-3c5a76cc-1 idjLTd\">\n<div class=\"sc-d00d9e74-0 hnHYbk vertical\" type=\"embed\">\n<div class=\"sc-d00d9e74-1 iKVbz videoText\" id=\"contentTitleembedbN6iv21i\" type=\"embed\"><svg fill=\"#ffffff\"><symbol id=\"play\" viewBox=\"0 0 512 512\"><path d=\"M512 256C512 397.4 397.4 512 256 512C114.6 512 0 397.4 0 256C0 114.6 114.6 0 256 0C397.4 0 512 114.6 512 256zM176 168V344C176 352.7 180.7 360.7 188.3 364.9C195.8 369.2 205.1 369 212.5 364.5L356.5 276.5C363.6 272.1 368 264.4 368 256C368 247.6 363.6 239.9 356.5 235.5L212.5 147.5C205.1 142.1 195.8 142.8 188.3 147.1C180.7 151.3 176 159.3 176 168V168z\" \/><\/symbol><use xlink:href=\"#play\" \/><\/svg><\/p>\n<div class=\"right\">\n<p>Flavio Briatore<!-- --> &#8211; <span>&nbsp;<\/span><\/p>\n<h2 class=\"title-vid\">El recuerdo de Pechito L\u00f3pez acerca de su relaci\u00f3n con Flavio Briatore<\/h2>\n<\/div>\n<\/div>\n<p><span class=\"back\" id=\"spanBackembedbN6iv21i\"><\/span><\/div>\n<div class=\"JWvideoNota_title\">\n<p>Cr\u00e9dito: @Carburando<\/p>\n<\/div>\n<\/div>\n<p><h2>La relaci\u00f3n entre Pechito L\u00f3pez y Franco Colapinto<\/h2>\n<\/p>\n<div class=\"custom-text \" readability=\"45\">\n<p>Acerca de <strong>su relaci\u00f3n con Colapinto<\/strong>, quien se mud\u00f3 a M\u00f3naco tras haber firmado con Alpine, el piloto de 42 a\u00f1os cont\u00f3: &#8220;Somos vecinos, pero \u00e9l no est\u00e1 nunca. <strong>Salimos a pedalear, le hago un poco de compa\u00f1\u00eda para que no est\u00e9 solo.<\/strong> Yo lo estaba al inicio de mi carrera, as\u00ed que trato de ayudarlo en ese sentido. Le gusta andar en bici, as\u00ed que salimos. La ultima vez cay\u00f3 con un pantal\u00f3n de bici agujereado, tuve que darle uno nuevo, ja. Es un personaje.<strong> Uno lo ve de afuera, pero es un chico, tiene 20 a\u00f1os<\/strong>&#8220;.<\/p>\n<\/div>\n<div class=\"sc-e7b891c4-0 ifHnQL image-embed\"><img alt=\"Hace un a\u00f1o, Pechito L\u00f3pez fue invitado a los 200 Kil\u00f3metros de Buenos Aires. (Fernando de la Orden)\" loading=\"lazy\" width=\"720\" height=\"100\" decoding=\"async\" data-nimg=\"1\" src=\"http:\/\/cordobadirecto.com\/wp-content\/uploads\/2025\/07\/el-mal-recuerdo-de-pechito-lopez-con-flavio-briatore-no-lo-quise-ver-mas-1.jpg\"><span class=\"epigraphe\">Hace un a\u00f1o, Pechito L\u00f3pez fue invitado a los 200 Kil\u00f3metros de Buenos Aires. (Fernando de la Orden)<\/span><\/div>\n<div class=\"sc-a7166897-0 eoLsBE\" readability=\"6\">\n<section readability=\"2\"><picture><img alt=\"Pierre Gasly habl\u00f3 sobre los rumores de Bottas a Alpine: &quot;Mucho ruido&quot;\" loading=\"lazy\" width=\"290\" height=\"290\" decoding=\"async\" data-nimg=\"1\" src=\"http:\/\/cordobadirecto.com\/wp-content\/uploads\/2025\/07\/el-mal-recuerdo-de-pechito-lopez-con-flavio-briatore-no-lo-quise-ver-mas-2.jpg\"><\/picture>\n<p><span>Mir\u00e1 tambi\u00e9n<\/span><\/p>\n<hr>\n<h3>Pierre Gasly habl\u00f3 sobre los rumores de Bottas a Alpine: &#8220;Mucho ruido&#8221;<\/h3>\n<\/p>\n<\/section>\n<\/div>\n<div class=\"sc-a7166897-0 eoLsBE\" readability=\"6\">\n<section readability=\"2\"><picture><img alt=\"C\u00f3mo les fue a Valent\u00edn Perrone y Marco Morelli en las pr\u00e1cticas del Moto3 en Brno\" loading=\"lazy\" width=\"290\" height=\"290\" decoding=\"async\" data-nimg=\"1\" src=\"http:\/\/cordobadirecto.com\/wp-content\/uploads\/2025\/07\/el-mal-recuerdo-de-pechito-lopez-con-flavio-briatore-no-lo-quise-ver-mas-3.jpg\"><\/picture>\n<p><span>Mir\u00e1 tambi\u00e9n<\/span><\/p>\n<hr>\n<h3>C\u00f3mo les fue a Valent\u00edn Perrone y Marco Morelli en las pr\u00e1cticas del Moto3 en Brno<\/h3>\n<\/p>\n<\/section>\n<\/div>\n<div class=\"sc-a7166897-0 eoLsBE\" readability=\"6.5\">\n<section readability=\"3\"><picture><img alt=\"El G\u00e1lvez ofrecer\u00e1 dos carreras gratis: Turismo Pista con 300 pilotos y Turismo Carretera 2000\" loading=\"lazy\" width=\"290\" height=\"290\" decoding=\"async\" data-nimg=\"1\" src=\"http:\/\/cordobadirecto.com\/wp-content\/uploads\/2025\/07\/el-mal-recuerdo-de-pechito-lopez-con-flavio-briatore-no-lo-quise-ver-mas-4.jpg\"><\/picture>\n<p><span>Mir\u00e1 tambi\u00e9n<\/span><\/p>\n<hr>\n<h3>El G\u00e1lvez ofrecer\u00e1 dos carreras gratis: Turismo Pista con 300 pilotos y Turismo Carretera 2000<\/h3>\n<\/p>\n<\/section>\n<\/div>\n<div class=\"sc-a7166897-0 eoLsBE\" readability=\"7.5\">\n<section readability=\"5\"><picture><img alt=\"Reemplaz\u00f3 a Franco Colapinto, est\u00e1 peor que su compa\u00f1ero y se sincer\u00f3: &quot;Todo lo que pod\u00eda salir mal, sali\u00f3 mal&quot;\" loading=\"lazy\" width=\"290\" height=\"290\" decoding=\"async\" data-nimg=\"1\" src=\"http:\/\/cordobadirecto.com\/wp-content\/uploads\/2025\/07\/el-mal-recuerdo-de-pechito-lopez-con-flavio-briatore-no-lo-quise-ver-mas-5.jpg\"><\/picture>\n<p><span>Mir\u00e1 tambi\u00e9n<\/span><\/p>\n<hr>\n<h3>Reemplaz\u00f3 a Franco Colapinto, est\u00e1 peor que su compa\u00f1ero y se sincer\u00f3: &#8220;Todo lo que pod\u00eda salir mal, sali\u00f3 mal&#8221;<\/h3>\n<\/p>\n<\/section>\n<\/div>\n<div class=\"sc-a7166897-0 eoLsBE\" readability=\"6\">\n<section readability=\"2\"><picture><img alt=\"Video: Brad Pitt aceler\u00f3 a fondo un F\u00f3rmula 1\" loading=\"lazy\" width=\"290\" height=\"290\" decoding=\"async\" data-nimg=\"1\" src=\"http:\/\/cordobadirecto.com\/wp-content\/uploads\/2025\/07\/el-mal-recuerdo-de-pechito-lopez-con-flavio-briatore-no-lo-quise-ver-mas-6.jpg\"><\/picture>\n<p><span>Mir\u00e1 tambi\u00e9n<\/span><\/p>\n<hr>\n<h3>Video: Brad Pitt aceler\u00f3 a fondo un F\u00f3rmula 1<\/h3>\n<\/p>\n<\/section>\n<\/div>\n<\/div>\n","protected":false},"excerpt":{"rendered":"<p>18\/07\/2025 19:43hs. Franco Colapinto y Jos\u00e9 Mar\u00eda L\u00f3pez tienen muchas cosas en com\u00fan. Adem\u00e1s de lo que los une, ya que son vecinos en M\u00f3naco, pasaron cumplea\u00f1os juntos y son dos de los m\u00e1ximos referentes del automovilismo argentino, tuvieron la particularidad de haber compartido equipo y jefe: Renault, que por estos d\u00edas es conocido como [&hellip;]<\/p>\n","protected":false},"author":1,"featured_media":170727,"comment_status":"closed","ping_status":"closed","sticky":false,"template":"","format":"standard","meta":[],"categories":[21],"tags":[],"_links":{"self":[{"href":"http:\/\/cordobadirecto.com\/index.php\/wp-json\/wp\/v2\/posts\/170726"}],"collection":[{"href":"http:\/\/cordobadirecto.com\/index.php\/wp-json\/wp\/v2\/posts"}],"about":[{"href":"http:\/\/cordobadirecto.com\/index.php\/wp-json\/wp\/v2\/types\/post"}],"author":[{"embeddable":true,"href":"http:\/\/cordobadirecto.com\/index.php\/wp-json\/wp\/v2\/users\/1"}],"replies":[{"embeddable":true,"href":"http:\/\/cordobadirecto.com\/index.php\/wp-json\/wp\/v2\/comments?post=170726"}],"version-history":[{"count":0,"href":"http:\/\/cordobadirecto.com\/index.php\/wp-json\/wp\/v2\/posts\/170726\/revisions"}],"wp:featuredmedia":[{"embeddable":true,"href":"http:\/\/cordobadirecto.com\/index.php\/wp-json\/wp\/v2\/media\/170727"}],"wp:attachment":[{"href":"http:\/\/cordobadirecto.com\/index.php\/wp-json\/wp\/v2\/media?parent=170726"}],"wp:term":[{"taxonomy":"category","embeddable":true,"href":"http:\/\/cordobadirecto.com\/index.php\/wp-json\/wp\/v2\/categories?post=170726"},{"taxonomy":"post_tag","embeddable":true,"href":"http:\/\/cordobadirecto.com\/index.php\/wp-json\/wp\/v2\/tags?post=170726"}],"curies":[{"name":"wp","href":"https:\/\/api.w.org\/{rel}","templated":true}]}}