{"id":170728,"date":"2025-07-18T20:43:59","date_gmt":"2025-07-18T20:43:59","guid":{"rendered":"https:\/\/www.ole.com.ar\/autos\/galvez-carrera-gratis-turismo-carretera-2000-pista-300-pilotos_0_CeZaS5VQRd.html"},"modified":"2025-07-18T20:43:59","modified_gmt":"2025-07-18T20:43:59","slug":"el-galvez-ofrecera-dos-carreras-gratis-turismo-pista-con-300-pilotos-y-turismo-carretera-2000","status":"publish","type":"post","link":"http:\/\/cordobadirecto.com\/index.php\/2025\/07\/18\/el-galvez-ofrecera-dos-carreras-gratis-turismo-pista-con-300-pilotos-y-turismo-carretera-2000\/","title":{"rendered":"El G\u00e1lvez ofrecer\u00e1 dos carreras gratis: Turismo Pista con 300 pilotos y Turismo Carretera 2000"},"content":{"rendered":"<p><time class=\"createDate\" datetime=\"2025-07-18T17:43:59-03:00\">18\/07\/2025 17:43hs.<\/time><\/p>\n<div id=\"storyBody\">\n<div class=\"custom-text \" readability=\"36.736596736597\">\n<p>El <strong><a href=\"https:\/\/www.ole.com.ar\/tema\/tc-pista.html\" title=\"TC Pista\" alt=\"TC Pista\" class=\"slug\">Turismo Pista<\/a><\/strong>, con <strong>La Carrera de los 300 Pilotos<\/strong>, y el <strong><a href=\"https:\/\/www.ole.com.ar\/tema\/turismo-carretera-2000.html\" title=\"Turismo Carretera 2000\" alt=\"Turismo Carretera 2000\" class=\"slug\">Turismo Carretera 2000<\/a><\/strong> compartir\u00e1n escenario en una fecha imperdible para los fierreros. El <strong>Aut\u00f3dromo Oscar y Juan G\u00e1lvez<\/strong> de la Ciudad de Buenos Aires ser\u00e1 el anfitri\u00f3n de ambos eventos que contar\u00e1n con entrada gratuita para cada persona que asista. El <strong>s\u00e1bado 19 de julio<\/strong> ser\u00e1 la clasificaci\u00f3n de ambos cert\u00e1menes, y el <strong>domingo 20<\/strong>, como siempre, la competencia.<\/p>\n<\/div>\n<div class=\"custom-text \" readability=\"39\">\n<p>Para el Turismo Pista, esta ser\u00e1 una de sus competencias m\u00e1s emblem\u00e1ticas del calendario. Correspondiente a la sexta fecha del campeonato 2025, <strong>ser\u00e1 la tercera edici\u00f3n y la segunda en realizarse en el trazado porte\u00f1o de manera consecutiva<\/strong>. Adem\u00e1s, en esta ocasi\u00f3n habr\u00e1 un nuevo condimento deportivo: <strong>la carrera se trasladar\u00e1 al circuito n\u00famero 12<\/strong>, uno de los m\u00e1s veloces y exigentes de la sede.<\/p>\n<\/div>\n<div class=\"sc-e7b891c4-0 ifHnQL image-embed\"><img alt=\"El Turismo Pista promete chapa-chapa del mejor. (Foto: Turismo Pista)\" loading=\"lazy\" width=\"720\" height=\"100\" decoding=\"async\" data-nimg=\"1\" src=\"http:\/\/cordobadirecto.com\/wp-content\/uploads\/2025\/07\/el-galvez-ofrecera-dos-carreras-gratis-turismo-pista-con-300-pilotos-y-turismo-carretera-2000.jpg\"><span class=\"epigraphe\">El Turismo Pista promete chapa-chapa del mejor. (Foto: Turismo Pista)<\/span><\/div>\n<div class=\"custom-text \" readability=\"39\">\n<p>Este formato de competencia por <strong>binomios<\/strong> se consolida como uno de los atractivos principales del Turismo Pista y promete, una vez m\u00e1s, grandes duelos y un marco imponente de p\u00fablico. Por otra parte, el Turismo Carretera 2000 <strong>llevar\u00e1 adelante su primera carrera especial con cambio de pilotos<\/strong>. De esta manera, el G\u00e1lvez recibir\u00e1 a <strong>m\u00e1s de 300 corredores y m\u00e1s de 150 autos<\/strong> en el acontecimiento m\u00e1s grande del a\u00f1o.<\/p>\n<\/div>\n<p><h2>La palabra del Secretario de Deportes, Fabi\u00e1n Turnes, acerca del evento<\/h2>\n<\/p>\n<div class=\"custom-text \" readability=\"39\">\n<p>&#8220;Nuestro aut\u00f3dromo es la capital nacional del automovilismo. Y cada vez que se corre en el G\u00e1lvez es una fiesta popular.<strong> Nuestra meta es tener muy pronto a las mejores categor\u00edas a nivel mundial en un escenario que ser\u00e1 orgullo de Am\u00e9rica<\/strong>. Pero tambi\u00e9n nuestras divisiones locales y nacionales, que representan el coraz\u00f3n de los fierreros, siempre tendr\u00e1n su lugar y no tenemos dudas que este fin de semana se vivir\u00e1 otra jornada inolvidable&#8221;, sostuvo el secretario de Deportes, <strong>Fabi\u00e1n \u201cChino\u201d Turnes<\/strong>.<\/p>\n<\/div>\n<div class=\"sc-e7b891c4-0 ifHnQL image-embed\"><img alt=\"El Turismo Carretera 2000 acelerar\u00e1 en el G\u00e1lvez. (Ambrogio Racing)\" loading=\"lazy\" width=\"720\" height=\"100\" decoding=\"async\" data-nimg=\"1\" src=\"http:\/\/cordobadirecto.com\/wp-content\/uploads\/2025\/07\/el-galvez-ofrecera-dos-carreras-gratis-turismo-pista-con-300-pilotos-y-turismo-carretera-2000-1.jpg\"><span class=\"epigraphe\">El Turismo Carretera 2000 acelerar\u00e1 en el G\u00e1lvez. (Ambrogio Racing)<\/span><\/div>\n<div class=\"sc-a7166897-0 eoLsBE\" readability=\"6\">\n<section readability=\"2\"><picture><img alt=\"A qu\u00e9 hora corre el TC2000 en 9 de Julio y d\u00f3nde ver por TV\" loading=\"lazy\" width=\"290\" height=\"290\" decoding=\"async\" data-nimg=\"1\" src=\"http:\/\/cordobadirecto.com\/wp-content\/uploads\/2025\/07\/el-galvez-ofrecera-dos-carreras-gratis-turismo-pista-con-300-pilotos-y-turismo-carretera-2000-2.jpg\"><\/picture>\n<p><span>Mir\u00e1 tambi\u00e9n<\/span><\/p>\n<hr>\n<h3>A qu\u00e9 hora corre el TC2000 en 9 de Julio y d\u00f3nde ver por TV<\/h3>\n<\/p>\n<\/section>\n<\/div>\n<div class=\"sc-a7166897-0 eoLsBE\" readability=\"6\">\n<section readability=\"2\"><picture><img alt=\"Pierre Gasly habl\u00f3 sobre los rumores de Bottas a Alpine: &quot;Mucho ruido&quot;\" loading=\"lazy\" width=\"290\" height=\"290\" decoding=\"async\" data-nimg=\"1\" src=\"http:\/\/cordobadirecto.com\/wp-content\/uploads\/2025\/07\/el-galvez-ofrecera-dos-carreras-gratis-turismo-pista-con-300-pilotos-y-turismo-carretera-2000-3.jpg\"><\/picture>\n<p><span>Mir\u00e1 tambi\u00e9n<\/span><\/p>\n<hr>\n<h3>Pierre Gasly habl\u00f3 sobre los rumores de Bottas a Alpine: &#8220;Mucho ruido&#8221;<\/h3>\n<\/p>\n<\/section>\n<\/div>\n<div class=\"sc-a7166897-0 eoLsBE\" readability=\"6\">\n<section readability=\"2\"><picture><img alt=\"C\u00f3mo les fue a Valent\u00edn Perrone y Marco Morelli en las pr\u00e1cticas del Moto3 en Brno\" loading=\"lazy\" width=\"290\" height=\"290\" decoding=\"async\" data-nimg=\"1\" src=\"http:\/\/cordobadirecto.com\/wp-content\/uploads\/2025\/07\/el-galvez-ofrecera-dos-carreras-gratis-turismo-pista-con-300-pilotos-y-turismo-carretera-2000-4.jpg\"><\/picture>\n<p><span>Mir\u00e1 tambi\u00e9n<\/span><\/p>\n<hr>\n<h3>C\u00f3mo les fue a Valent\u00edn Perrone y Marco Morelli en las pr\u00e1cticas del Moto3 en Brno<\/h3>\n<\/p>\n<\/section>\n<\/div>\n<\/div>\n","protected":false},"excerpt":{"rendered":"<p>18\/07\/2025 17:43hs. El Turismo Pista, con La Carrera de los 300 Pilotos, y el Turismo Carretera 2000 compartir\u00e1n escenario en una fecha imperdible para los fierreros. El Aut\u00f3dromo Oscar y Juan G\u00e1lvez de la Ciudad de Buenos Aires ser\u00e1 el anfitri\u00f3n de ambos eventos que contar\u00e1n con entrada gratuita para cada persona que asista. El [&hellip;]<\/p>\n","protected":false},"author":1,"featured_media":170729,"comment_status":"closed","ping_status":"closed","sticky":false,"template":"","format":"standard","meta":[],"categories":[21],"tags":[],"_links":{"self":[{"href":"http:\/\/cordobadirecto.com\/index.php\/wp-json\/wp\/v2\/posts\/170728"}],"collection":[{"href":"http:\/\/cordobadirecto.com\/index.php\/wp-json\/wp\/v2\/posts"}],"about":[{"href":"http:\/\/cordobadirecto.com\/index.php\/wp-json\/wp\/v2\/types\/post"}],"author":[{"embeddable":true,"href":"http:\/\/cordobadirecto.com\/index.php\/wp-json\/wp\/v2\/users\/1"}],"replies":[{"embeddable":true,"href":"http:\/\/cordobadirecto.com\/index.php\/wp-json\/wp\/v2\/comments?post=170728"}],"version-history":[{"count":0,"href":"http:\/\/cordobadirecto.com\/index.php\/wp-json\/wp\/v2\/posts\/170728\/revisions"}],"wp:featuredmedia":[{"embeddable":true,"href":"http:\/\/cordobadirecto.com\/index.php\/wp-json\/wp\/v2\/media\/170729"}],"wp:attachment":[{"href":"http:\/\/cordobadirecto.com\/index.php\/wp-json\/wp\/v2\/media?parent=170728"}],"wp:term":[{"taxonomy":"category","embeddable":true,"href":"http:\/\/cordobadirecto.com\/index.php\/wp-json\/wp\/v2\/categories?post=170728"},{"taxonomy":"post_tag","embeddable":true,"href":"http:\/\/cordobadirecto.com\/index.php\/wp-json\/wp\/v2\/tags?post=170728"}],"curies":[{"name":"wp","href":"https:\/\/api.w.org\/{rel}","templated":true}]}}