{"id":170730,"date":"2025-07-19T01:23:52","date_gmt":"2025-07-19T01:23:52","guid":{"rendered":"https:\/\/www.ole.com.ar\/futbol-ascenso\/ascenso-primera-nacional-colon-afa-sancion-incidentes_0_JfX713YaY5.html"},"modified":"2025-07-19T01:23:52","modified_gmt":"2025-07-19T01:23:52","slug":"la-afa-revelo-la-sancion-final-a-colon-por-los-incidentes-ante-mitre-sde","status":"publish","type":"post","link":"http:\/\/cordobadirecto.com\/index.php\/2025\/07\/19\/la-afa-revelo-la-sancion-final-a-colon-por-los-incidentes-ante-mitre-sde\/","title":{"rendered":"La AFA revel\u00f3 la sanci\u00f3n final a Col\u00f3n por los incidentes ante Mitre (SdE)"},"content":{"rendered":"<p><time class=\"createDate\" datetime=\"2025-07-18T20:42:24-03:00\">18\/07\/2025 20:42hs.<\/time><\/p>\n<div id=\"storyBody\">\n<div class=\"custom-text \" readability=\"33.951776649746\">\n<p>Toda acci\u00f3n tiene sus consecuencias. Y m\u00e1s a\u00fan cuando se ve implicada violencia, destrozos en las tribunas, una lluvia de proyectiles arrojados al campo de juego y hasta represi\u00f3n policial a los hinchas. <strong>Todo esto, en <a href=\"https:\/\/www.ole.com.ar\/tema\/colon.html\" title=\"Col\u00f3n\" alt=\"Col\u00f3n\" class=\"slug\">Col\u00f3n<\/a> lo saben<\/strong>. Claro, es que los incidentes ocurridos contra Mitre (SdE) en la <a href=\"https:\/\/www.ole.com.ar\/tema\/primera-nacional.html\" title=\"Primera Nacional\" alt=\"Primera Nacional\" class=\"slug\">Primera Nacional<\/a> tomaron relevancia y <strong>el <a href=\"https:\/\/www.ole.com.ar\/tema\/tribunal-de-disciplina-afa.html\" title=\"Tribunal de Disciplina AFA\" alt=\"Tribunal de Disciplina AFA\" class=\"slug\">Tribunal de Disciplina de AFA<\/a> ya dio su veredicto. <\/strong><\/p>\n<\/div>\n<p><h2><strong>El fallo emitido por el Tribunal de Disciplina<\/strong><\/h2>\n<\/p>\n<div class=\"custom-text \" readability=\"38\">\n<p>Finalmente lleg\u00f3 el dictamen desde Viamonte: <strong>una multa por el valor de 300 entradas como consecuencia de violar el art\u00edculo 7 del C\u00f3digo Disciplinario<\/strong>. Si bien no se informa con claridad, ser\u00eda por un solo partido. As\u00ed, en t\u00e9rminos generales, <strong>el valor <\/strong>total de la sanci\u00f3n<strong> ascender\u00eda a los seis millones de pesos.<\/strong><\/p>\n<\/div>\n<div class=\"sc-e7b891c4-0 ifHnQL image-embed\"><img alt=\"La sanci\u00f3n final de AFA para Col\u00f3n.\" loading=\"lazy\" width=\"720\" height=\"100\" decoding=\"async\" data-nimg=\"1\" src=\"http:\/\/cordobadirecto.com\/wp-content\/uploads\/2025\/07\/la-afa-revelo-la-sancion-final-a-colon-por-los-incidentes-ante-mitre-sde.jpg\"><span class=\"epigraphe\">La sanci\u00f3n final de AFA para Col\u00f3n.<\/span><\/div>\n<div class=\"custom-text \" readability=\"36\">\n<p>Un hecho sorpresivo para muchos, por c\u00f3mo se dieron las cosas. Aunque <strong>la mayor sanci\u00f3n lleg\u00f3 por parte de la Seguridad de Eventos Masivos de la provincia de Santa Fe<\/strong>, que castig\u00f3 a la instituci\u00f3n con la clausura de tribunas por el accionar desmedido de los barras.<\/p>\n<\/div>\n<p><h2><strong>El Cementerio de los Elefantes, con p\u00fablico pero sin bombos<\/strong><\/h2>\n<\/p>\n<div class=\"custom-text \" readability=\"39.685863874346\">\n<p><strong>Fernando Peverengo<\/strong>, director de Seguridad de Eventos Masivos de Santa Fe, ya se hab\u00eda expresado sobre la situaci\u00f3n antes de la resoluci\u00f3n por parte de <a href=\"https:\/\/www.ole.com.ar\/tema\/afa.html\" title=\"afa\" alt=\"afa\" class=\"slug\">AFA<\/a>. &#8220;<strong>No vamos a tolerar m\u00e1s violencia&#8221;<\/strong>, coment\u00f3 el director provincial. &#8220;Vamos a seguir esperando la decisi\u00f3n de AFA y no es nuestra intenci\u00f3n jugar sin p\u00fablico, pero no vamos a tolerar que pase lo del otro d\u00eda&#8221;, agreg\u00f3.<\/p>\n<\/div>\n<div class=\"custom-text \" readability=\"36\">\n<p>El Sabalero hab\u00eda sufrido <strong>la clausura total de la tribuna norte<\/strong> <strong>(alta y baja) <\/strong>por dos partido<strong>s y la prohibici\u00f3n de bombos y banderas en el sector norte bajo<\/strong> -donde se ubica la barra brava- por siete d\u00edas. Esto se aplic\u00f3 desde el domingo pasado, en lo que fue la victoria por 1-0 ante Almirante Brown en la fecha 22.<\/p>\n<\/div>\n<div class=\"sc-e7b891c4-0 ifHnQL image-embed\"><img alt=\"As\u00ed qued\u00f3 la cancha de Col\u00f3n luego de los graves incidentes.\" loading=\"lazy\" width=\"720\" height=\"100\" decoding=\"async\" data-nimg=\"1\" src=\"http:\/\/cordobadirecto.com\/wp-content\/uploads\/2025\/07\/la-afa-revelo-la-sancion-final-a-colon-por-los-incidentes-ante-mitre-sde-1.jpg\"><span class=\"epigraphe\">As\u00ed qued\u00f3 la cancha de Col\u00f3n luego de los graves incidentes.<\/span><\/div>\n<div class=\"sc-a7166897-0 eoLsBE\" readability=\"6\">\n<section readability=\"2\"><picture><img alt=\"Recta final del cierre del mercado de pases: refuerzos y bajas de \u00faltimo momento\" loading=\"lazy\" width=\"290\" height=\"290\" decoding=\"async\" data-nimg=\"1\" src=\"http:\/\/cordobadirecto.com\/wp-content\/uploads\/2025\/07\/la-afa-revelo-la-sancion-final-a-colon-por-los-incidentes-ante-mitre-sde-2.jpg\"><\/picture>\n<p><span>Mir\u00e1 tambi\u00e9n<\/span><\/p>\n<hr>\n<h3>Recta final del cierre del mercado de pases: refuerzos y bajas de \u00faltimo momento<\/h3>\n<\/p>\n<\/section>\n<\/div>\n<div class=\"sc-a7166897-0 eoLsBE\" readability=\"6\">\n<section readability=\"2\"><picture><img alt=\"La lucha por evitar los descensos en Primera Divisi\u00f3n\" loading=\"lazy\" width=\"290\" height=\"290\" decoding=\"async\" data-nimg=\"1\" src=\"http:\/\/cordobadirecto.com\/wp-content\/uploads\/2025\/07\/la-afa-revelo-la-sancion-final-a-colon-por-los-incidentes-ante-mitre-sde-3.jpg\"><\/picture>\n<p><span>Mir\u00e1 tambi\u00e9n<\/span><\/p>\n<hr>\n<h3>La lucha por evitar los descensos en Primera Divisi\u00f3n<\/h3>\n<\/p>\n<\/section>\n<\/div>\n<\/div>\n","protected":false},"excerpt":{"rendered":"<p>18\/07\/2025 20:42hs. Toda acci\u00f3n tiene sus consecuencias. Y m\u00e1s a\u00fan cuando se ve implicada violencia, destrozos en las tribunas, una lluvia de proyectiles arrojados al campo de juego y hasta represi\u00f3n policial a los hinchas. Todo esto, en Col\u00f3n lo saben. Claro, es que los incidentes ocurridos contra Mitre (SdE) en la Primera Nacional tomaron [&hellip;]<\/p>\n","protected":false},"author":1,"featured_media":170731,"comment_status":"closed","ping_status":"closed","sticky":false,"template":"","format":"standard","meta":[],"categories":[21],"tags":[],"_links":{"self":[{"href":"http:\/\/cordobadirecto.com\/index.php\/wp-json\/wp\/v2\/posts\/170730"}],"collection":[{"href":"http:\/\/cordobadirecto.com\/index.php\/wp-json\/wp\/v2\/posts"}],"about":[{"href":"http:\/\/cordobadirecto.com\/index.php\/wp-json\/wp\/v2\/types\/post"}],"author":[{"embeddable":true,"href":"http:\/\/cordobadirecto.com\/index.php\/wp-json\/wp\/v2\/users\/1"}],"replies":[{"embeddable":true,"href":"http:\/\/cordobadirecto.com\/index.php\/wp-json\/wp\/v2\/comments?post=170730"}],"version-history":[{"count":0,"href":"http:\/\/cordobadirecto.com\/index.php\/wp-json\/wp\/v2\/posts\/170730\/revisions"}],"wp:featuredmedia":[{"embeddable":true,"href":"http:\/\/cordobadirecto.com\/index.php\/wp-json\/wp\/v2\/media\/170731"}],"wp:attachment":[{"href":"http:\/\/cordobadirecto.com\/index.php\/wp-json\/wp\/v2\/media?parent=170730"}],"wp:term":[{"taxonomy":"category","embeddable":true,"href":"http:\/\/cordobadirecto.com\/index.php\/wp-json\/wp\/v2\/categories?post=170730"},{"taxonomy":"post_tag","embeddable":true,"href":"http:\/\/cordobadirecto.com\/index.php\/wp-json\/wp\/v2\/tags?post=170730"}],"curies":[{"name":"wp","href":"https:\/\/api.w.org\/{rel}","templated":true}]}}