{"id":170740,"date":"2025-07-17T18:22:28","date_gmt":"2025-07-17T18:22:28","guid":{"rendered":"https:\/\/cordoba.gob.ar\/?p=79445"},"modified":"2025-07-17T18:22:28","modified_gmt":"2025-07-17T18:22:28","slug":"la-muestra-colectiva-grafica-viva-sale-de-feria-a-la-explanada-del-mmau","status":"publish","type":"post","link":"http:\/\/cordobadirecto.com\/index.php\/2025\/07\/17\/la-muestra-colectiva-grafica-viva-sale-de-feria-a-la-explanada-del-mmau\/","title":{"rendered":"La muestra colectiva \u201cGr\u00e1fica Viva\u201d sale de feria a la explanada del MMAU"},"content":{"rendered":"<div><img src=\"http:\/\/cordobadirecto.com\/wp-content\/uploads\/2025\/07\/la-muestra-colectiva-grafica-viva-sale-de-feria-a-la-explanada-del-mmau.jpg\" class=\"ff-og-image-inserted\"><\/div>\n<ul>\n<li data-prosemirror-content-type=\"node\" data-prosemirror-node-name=\"paragraph\" data-prosemirror-node-block=\"true\"><strong>Ser\u00e1n los d\u00edas 18, 20 y 25 de julio de 16.00 a 19.00 horas. Con entrada libre y gratuita.<\/strong><\/li>\n<\/ul>\n<hr>\n<p data-prosemirror-content-type=\"node\" data-prosemirror-node-name=\"paragraph\" data-prosemirror-node-block=\"true\">Desde este viernes 18, de 16.00 a 19.00 horas, los y las artistas de la muestra <em data-prosemirror-content-type=\"mark\" data-prosemirror-mark-name=\"em\">\u201cGrafica Viva\u201d,<\/em> recientemente inaugurada, copar\u00e1n la explanada del Museo Metropolitano de Arte Urbano (Plaza Espa\u00f1a) con una propuesta imperdible.<\/p>\n<p data-prosemirror-content-type=\"node\" data-prosemirror-node-name=\"paragraph\" data-prosemirror-node-block=\"true\">Se vivir\u00e1n tres jornadas a cielo abierto con lo mejor del arte gr\u00e1fico contempor\u00e1neo, los d\u00edas 18, 20 y 25 de julio de 16.00 a 19.00 horas.<\/p>\n<p data-prosemirror-content-type=\"node\" data-prosemirror-node-name=\"paragraph\" data-prosemirror-node-block=\"true\">Una propuesta para acercarse al arte gr\u00e1fico, fortalecer el v\u00ednculo entre artistas y comunidad, y fomentar la circulaci\u00f3n de obras independientes.<\/p>\n<p data-prosemirror-content-type=\"node\" data-prosemirror-node-name=\"paragraph\" data-prosemirror-node-block=\"true\">Los artistas de la exposici\u00f3n colectiva traer\u00e1n prensas de grabado de peque\u00f1o formato para que el p\u00fablico pueda experimentar de cerca el proceso creativo.<\/p>\n<p data-prosemirror-content-type=\"node\" data-prosemirror-node-name=\"paragraph\" data-prosemirror-node-block=\"true\">Adem\u00e1s, organizan una feria gr\u00e1fica donde se podr\u00e1n adquirir estampas originales y participar de sorteos y charlar con los y las artistas sobre sus t\u00e9cnicas y procesos.<\/p>\n<p data-prosemirror-content-type=\"node\" data-prosemirror-node-name=\"paragraph\" data-prosemirror-node-block=\"true\"><strong data-prosemirror-content-type=\"mark\" data-prosemirror-mark-name=\"strong\">\u201cGrafica Viva\u201d<\/strong><\/p>\n<p data-prosemirror-content-type=\"node\" data-prosemirror-node-name=\"paragraph\" data-prosemirror-node-block=\"true\">La muestra colectiva es producida por estudiantes y egresados de la Escuela de Bellas Artes Figueroa Alcorta y se encuentra exhibida en el segundo subsuelo del MMAU.<\/p>\n<p data-prosemirror-content-type=\"node\" data-prosemirror-node-name=\"paragraph\" data-prosemirror-node-block=\"true\">Se trata de una propuesta que busca acercar a los estudiantes la posibilidad de exponer con un artista de trayectoria como Agust\u00edn Begueri\u00bb, as\u00ed como la posibilidad de pensar estrategias y dispositivos de la gr\u00e1fica contempor\u00e1nea dentro de un circuito institucional de las artes visuales.<\/p>\n<p data-prosemirror-content-type=\"node\" data-prosemirror-node-name=\"paragraph\" data-prosemirror-node-block=\"true\">La exposici\u00f3n durar\u00e1 solo por el mes de julio, con entrada libre y gratuita.<\/p>\n","protected":false},"excerpt":{"rendered":"<p>Ser\u00e1n los d\u00edas 18, 20 y 25 de julio de 16.00 a 19.00 horas. Con entrada libre y gratuita. Desde este viernes 18, de 16.00 a 19.00 horas, los y las artistas de la muestra \u201cGrafica Viva\u201d, recientemente inaugurada, copar\u00e1n la explanada del Museo Metropolitano de Arte Urbano (Plaza Espa\u00f1a) con una propuesta imperdible. Se [&hellip;]<\/p>\n","protected":false},"author":1,"featured_media":170741,"comment_status":"closed","ping_status":"closed","sticky":false,"template":"","format":"standard","meta":[],"categories":[44],"tags":[],"_links":{"self":[{"href":"http:\/\/cordobadirecto.com\/index.php\/wp-json\/wp\/v2\/posts\/170740"}],"collection":[{"href":"http:\/\/cordobadirecto.com\/index.php\/wp-json\/wp\/v2\/posts"}],"about":[{"href":"http:\/\/cordobadirecto.com\/index.php\/wp-json\/wp\/v2\/types\/post"}],"author":[{"embeddable":true,"href":"http:\/\/cordobadirecto.com\/index.php\/wp-json\/wp\/v2\/users\/1"}],"replies":[{"embeddable":true,"href":"http:\/\/cordobadirecto.com\/index.php\/wp-json\/wp\/v2\/comments?post=170740"}],"version-history":[{"count":0,"href":"http:\/\/cordobadirecto.com\/index.php\/wp-json\/wp\/v2\/posts\/170740\/revisions"}],"wp:featuredmedia":[{"embeddable":true,"href":"http:\/\/cordobadirecto.com\/index.php\/wp-json\/wp\/v2\/media\/170741"}],"wp:attachment":[{"href":"http:\/\/cordobadirecto.com\/index.php\/wp-json\/wp\/v2\/media?parent=170740"}],"wp:term":[{"taxonomy":"category","embeddable":true,"href":"http:\/\/cordobadirecto.com\/index.php\/wp-json\/wp\/v2\/categories?post=170740"},{"taxonomy":"post_tag","embeddable":true,"href":"http:\/\/cordobadirecto.com\/index.php\/wp-json\/wp\/v2\/tags?post=170740"}],"curies":[{"name":"wp","href":"https:\/\/api.w.org\/{rel}","templated":true}]}}