{"id":170745,"date":"2025-07-19T20:24:27","date_gmt":"2025-07-19T20:24:27","guid":{"rendered":"http:\/\/cordobadirecto.com\/index.php\/2025\/07\/19\/desilusion-y-pobreza-se-rompe-la-paciencia-social-con-el-ajuste-de-milei-en-orsai\/"},"modified":"2025-07-19T20:24:27","modified_gmt":"2025-07-19T20:24:27","slug":"desilusion-y-pobreza-se-rompe-la-paciencia-social-con-el-ajuste-de-milei-en-orsai","status":"publish","type":"post","link":"http:\/\/cordobadirecto.com\/index.php\/2025\/07\/19\/desilusion-y-pobreza-se-rompe-la-paciencia-social-con-el-ajuste-de-milei-en-orsai\/","title":{"rendered":"Desilusi\u00f3n y pobreza: se rompe la paciencia social con el ajuste de Milei &#8211; En Orsai"},"content":{"rendered":"<p>Una <b>nueva<\/b> encuesta nacional revela que m\u00e1s del 50% de los argentinos &#8230; <b>econ\u00f3mica<\/b> personal empeor\u00f3 dr\u00e1sticamente en el \u00faltimo a\u00f1o. Seg\u00fan el&nbsp;&#8230; <\/p>\n","protected":false},"excerpt":{"rendered":"<p>Una nueva encuesta nacional revela que m\u00e1s del 50% de los argentinos &#8230; econ\u00f3mica personal empeor\u00f3 dr\u00e1sticamente en el \u00faltimo a\u00f1o. Seg\u00fan el&nbsp;&#8230;<\/p>\n","protected":false},"author":1,"featured_media":0,"comment_status":"closed","ping_status":"closed","sticky":false,"template":"","format":"standard","meta":[],"categories":[40],"tags":[],"_links":{"self":[{"href":"http:\/\/cordobadirecto.com\/index.php\/wp-json\/wp\/v2\/posts\/170745"}],"collection":[{"href":"http:\/\/cordobadirecto.com\/index.php\/wp-json\/wp\/v2\/posts"}],"about":[{"href":"http:\/\/cordobadirecto.com\/index.php\/wp-json\/wp\/v2\/types\/post"}],"author":[{"embeddable":true,"href":"http:\/\/cordobadirecto.com\/index.php\/wp-json\/wp\/v2\/users\/1"}],"replies":[{"embeddable":true,"href":"http:\/\/cordobadirecto.com\/index.php\/wp-json\/wp\/v2\/comments?post=170745"}],"version-history":[{"count":0,"href":"http:\/\/cordobadirecto.com\/index.php\/wp-json\/wp\/v2\/posts\/170745\/revisions"}],"wp:attachment":[{"href":"http:\/\/cordobadirecto.com\/index.php\/wp-json\/wp\/v2\/media?parent=170745"}],"wp:term":[{"taxonomy":"category","embeddable":true,"href":"http:\/\/cordobadirecto.com\/index.php\/wp-json\/wp\/v2\/categories?post=170745"},{"taxonomy":"post_tag","embeddable":true,"href":"http:\/\/cordobadirecto.com\/index.php\/wp-json\/wp\/v2\/tags?post=170745"}],"curies":[{"name":"wp","href":"https:\/\/api.w.org\/{rel}","templated":true}]}}