{"id":170797,"date":"2025-07-19T17:22:11","date_gmt":"2025-07-19T17:22:11","guid":{"rendered":"https:\/\/www.ole.com.ar\/autos\/valentin-perrone-morelli-brillaron-qualy-gp-brno-largan-horario-ver-carrera-moto-3_0_j0OaRe0XMi.html"},"modified":"2025-07-19T17:22:11","modified_gmt":"2025-07-19T17:22:11","slug":"perrone-y-morelli-brillaron-en-la-qualy-del-gp-de-brno-como-largan-horario-y-donde-ver-la-carrera-de-moto3","status":"publish","type":"post","link":"http:\/\/cordobadirecto.com\/index.php\/2025\/07\/19\/perrone-y-morelli-brillaron-en-la-qualy-del-gp-de-brno-como-largan-horario-y-donde-ver-la-carrera-de-moto3\/","title":{"rendered":"Perrone y Morelli brillaron en la qualy del GP de Brno: c\u00f3mo largan, horario y d\u00f3nde ver la carrera de Moto3"},"content":{"rendered":"<p><time class=\"createDate\" datetime=\"2025-07-19T14:22:11-03:00\">19\/07\/2025 14:22hs.<\/time><\/p>\n<div id=\"storyBody\">\n<div class=\"custom-text \" readability=\"37\">\n<p>Los argentinos Valent\u00edn Perrone y Marco Morelli, en su debut en la categor\u00eda, tuvieron un gran s\u00e1bado en la clasificaci\u00f3n del GP de Moto3 en Brno, Rep\u00fablica Checa. <strong>\u00bfC\u00f3mo les fue a ambos en la siempre desafiante qualy?<\/strong><\/p>\n<\/div>\n<p><h2><strong>C\u00f3mo fue la gran clasificaci\u00f3n de Perrone y Morelli en Moto3, en Brno<\/strong><\/h2>\n<\/p>\n<div class=\"custom-text \" readability=\"36\">\n<p><strong>Bandera argentina por duplicado en el top ten de la clasificaci\u00f3n del GP de Brno,<\/strong> 12\u00aa fecha del Mundial de Moto3.<strong> Perrone largar\u00e1 sexto y Morelli lo har\u00e1 desde el noveno lugar este domingo,<\/strong> tras una gran sesi\u00f3n de s\u00e1bado en la que ambos se metieron en la pelea de arriba.<\/p>\n<\/div>\n<div class=\"sc-e7b891c4-0 ifHnQL image-embed\"><img alt=\"Valent\u00edn Perrone durante la 12\u00aa clasificaci\u00f3n de la temporada de Moto3 en Brno.\" loading=\"lazy\" width=\"720\" height=\"100\" decoding=\"async\" data-nimg=\"1\" src=\"http:\/\/cordobadirecto.com\/wp-content\/uploads\/2025\/07\/perrone-y-morelli-brillaron-en-la-qualy-del-gp-de-brno-como-largan-horario-y-donde-ver-la-carrera-de-moto3.jpg\"><span class=\"epigraphe\">Valent\u00edn Perrone durante la 12\u00aa clasificaci\u00f3n de la temporada de Moto3 en Brno.<\/span><\/div>\n<div class=\"custom-text \" readability=\"44\">\n<p><strong>El Coyote tuvo un gran viernes que le permiti\u00f3 avanzar directo a la Q2, y en esa instancia, este s\u00e1bado, comenz\u00f3 con todo:<\/strong> clav\u00f3 2m05s270 en su primera vuelta r\u00e1pida y se coloc\u00f3 segundo. Sin embargo, en su \u00faltima salida no logr\u00f3 mejorar ese registro y, tras el avance de varios rivales, finaliz\u00f3 s\u00e9ptimo. Perrone qued\u00f3 a 251 mil\u00e9simas del italiano Guido Pini, quien consigui\u00f3 su primera pole position en la categor\u00eda. <strong>El ritmo del piloto del Tech3 es s\u00f3lido y, largando desde la tercera fila, buscar\u00e1 meterse en el pelot\u00f3n de punta para pelear por los puestos de adelante este domingo.<\/strong><\/p>\n<\/div>\n<div class=\"custom-text \" readability=\"43\">\n<p><strong>Si lo del #73 fue bueno con la KTM del Tech3, lo de Morelli directamente fue brillante. <\/strong>El argentino debut\u00f3 este fin de semana en el Mundial, proveniente de la Red Bull Rookies Cup y de la European Talent Cup del Junior GP, como reemplazante del lesionado Ruch\u00e9 Moodley en el equipo Denssi Racing &#8211; Bo\u00e9. A bordo de la KTM del equipo, el piloto nacido en Barcelona e hijo de padre argentino (una historia similar a la de Perrone), <strong>tuvo un viernes s\u00f3lido, aunque no le alcanz\u00f3 para meterse directo en la Q2:<\/strong> debi\u00f3 pasar este s\u00e1bado por el filtro de la Q1.<strong> Y lo hizo con lo justo, clasificando cuarto, el \u00faltimo boleto que entregaba esa primera instancia.<\/strong><\/p>\n<\/div>\n<div class=\"sc-e7b891c4-0 ifHnQL image-embed\"><img alt=\"Marco Morelli sigue brillando en su debut en Moto3 y largar\u00e1 noveno en la carrera de este domingo.\" loading=\"lazy\" width=\"720\" height=\"100\" decoding=\"async\" data-nimg=\"1\" src=\"http:\/\/cordobadirecto.com\/wp-content\/uploads\/2025\/07\/perrone-y-morelli-brillaron-en-la-qualy-del-gp-de-brno-como-largan-horario-y-donde-ver-la-carrera-de-moto3-1.jpg\"><span class=\"epigraphe\">Marco Morelli sigue brillando en su debut en Moto3 y largar\u00e1 noveno en la carrera de este domingo.<\/span><\/div>\n<div class=\"custom-text \" readability=\"37\">\n<p><strong>Ya en la Q2, Marco cerr\u00f3 su \u00faltimo giro sobre el final de la sesi\u00f3n y logr\u00f3 colocarse en el noveno puesto. <\/strong>De esta manera, los argentinos compartir\u00e1n la tercera fila de partida en la competencia de Brno, <strong>que se disputar\u00e1 a 16 vueltas.<\/strong><\/p>\n<\/div>\n<p><h2><strong>Cu\u00e1ndo corren Perrone y Morelli y d\u00f3nde ver la carrera de Moto3 en Brno<\/strong><\/h2>\n<\/p>\n<div class=\"custom-text \" readability=\"36\">\n<p><strong>Luego de un gran s\u00e1bado para Perrone y Morelli, l<\/strong>a acci\u00f3n para ellos y el resto de la parrilla contin\u00faa <strong>este domingo, a partir de las 6.<\/strong> La carrera se transmitir\u00e1 en vivo<strong> por ESPN y Disney + Premium.<\/strong><\/p>\n<\/div>\n<div class=\"sc-e7b891c4-0 ifHnQL image-embed\"><img alt=\"A toda velocidad, Marco Morelli en acci\u00f3n durante la qualy de Moto3 en Brno.\" loading=\"lazy\" width=\"720\" height=\"100\" decoding=\"async\" data-nimg=\"1\" src=\"http:\/\/cordobadirecto.com\/wp-content\/uploads\/2025\/07\/perrone-y-morelli-brillaron-en-la-qualy-del-gp-de-brno-como-largan-horario-y-donde-ver-la-carrera-de-moto3-2.jpg\"><span class=\"epigraphe\">A toda velocidad, Marco Morelli en acci\u00f3n durante la qualy de Moto3 en Brno.<\/span><\/div>\n<div class=\"sc-a7166897-0 eoLsBE\" readability=\"6.5\">\n<section readability=\"3\"><picture><img alt=\"El G\u00e1lvez ofrecer\u00e1 dos carreras gratis: Turismo Pista con 300 pilotos y Turismo Carretera 2000\" loading=\"lazy\" width=\"290\" height=\"290\" decoding=\"async\" data-nimg=\"1\" src=\"http:\/\/cordobadirecto.com\/wp-content\/uploads\/2025\/07\/perrone-y-morelli-brillaron-en-la-qualy-del-gp-de-brno-como-largan-horario-y-donde-ver-la-carrera-de-moto3-3.jpg\"><\/picture>\n<p><span>Mir\u00e1 tambi\u00e9n<\/span><\/p>\n<hr>\n<h3>El G\u00e1lvez ofrecer\u00e1 dos carreras gratis: Turismo Pista con 300 pilotos y Turismo Carretera 2000<\/h3>\n<\/p>\n<\/section>\n<\/div>\n<div class=\"sc-a7166897-0 eoLsBE\" readability=\"6\">\n<section readability=\"2\"><picture><img alt=\"C\u00f3mo les fue a Valent\u00edn Perrone y Marco Morelli en las pr\u00e1cticas del Moto3 en Brno\" loading=\"lazy\" width=\"290\" height=\"290\" decoding=\"async\" data-nimg=\"1\" src=\"http:\/\/cordobadirecto.com\/wp-content\/uploads\/2025\/07\/perrone-y-morelli-brillaron-en-la-qualy-del-gp-de-brno-como-largan-horario-y-donde-ver-la-carrera-de-moto3-4.jpg\"><\/picture>\n<p><span>Mir\u00e1 tambi\u00e9n<\/span><\/p>\n<hr>\n<h3>C\u00f3mo les fue a Valent\u00edn Perrone y Marco Morelli en las pr\u00e1cticas del Moto3 en Brno<\/h3>\n<\/p>\n<\/section>\n<\/div>\n<div class=\"sc-a7166897-0 eoLsBE\" readability=\"6\">\n<section readability=\"2\"><picture><img alt=\"Pierre Gasly habl\u00f3 sobre los rumores de Bottas a Alpine: &quot;Mucho ruido&quot;\" loading=\"lazy\" width=\"290\" height=\"290\" decoding=\"async\" data-nimg=\"1\" src=\"http:\/\/cordobadirecto.com\/wp-content\/uploads\/2025\/07\/perrone-y-morelli-brillaron-en-la-qualy-del-gp-de-brno-como-largan-horario-y-donde-ver-la-carrera-de-moto3-5.jpg\"><\/picture>\n<p><span>Mir\u00e1 tambi\u00e9n<\/span><\/p>\n<hr>\n<h3>Pierre Gasly habl\u00f3 sobre los rumores de Bottas a Alpine: &#8220;Mucho ruido&#8221;<\/h3>\n<\/p>\n<\/section>\n<\/div>\n<\/div>\n","protected":false},"excerpt":{"rendered":"<p>19\/07\/2025 14:22hs. Los argentinos Valent\u00edn Perrone y Marco Morelli, en su debut en la categor\u00eda, tuvieron un gran s\u00e1bado en la clasificaci\u00f3n del GP de Moto3 en Brno, Rep\u00fablica Checa. \u00bfC\u00f3mo les fue a ambos en la siempre desafiante qualy? C\u00f3mo fue la gran clasificaci\u00f3n de Perrone y Morelli en Moto3, en Brno Bandera argentina [&hellip;]<\/p>\n","protected":false},"author":1,"featured_media":170798,"comment_status":"closed","ping_status":"closed","sticky":false,"template":"","format":"standard","meta":[],"categories":[21],"tags":[],"_links":{"self":[{"href":"http:\/\/cordobadirecto.com\/index.php\/wp-json\/wp\/v2\/posts\/170797"}],"collection":[{"href":"http:\/\/cordobadirecto.com\/index.php\/wp-json\/wp\/v2\/posts"}],"about":[{"href":"http:\/\/cordobadirecto.com\/index.php\/wp-json\/wp\/v2\/types\/post"}],"author":[{"embeddable":true,"href":"http:\/\/cordobadirecto.com\/index.php\/wp-json\/wp\/v2\/users\/1"}],"replies":[{"embeddable":true,"href":"http:\/\/cordobadirecto.com\/index.php\/wp-json\/wp\/v2\/comments?post=170797"}],"version-history":[{"count":0,"href":"http:\/\/cordobadirecto.com\/index.php\/wp-json\/wp\/v2\/posts\/170797\/revisions"}],"wp:featuredmedia":[{"embeddable":true,"href":"http:\/\/cordobadirecto.com\/index.php\/wp-json\/wp\/v2\/media\/170798"}],"wp:attachment":[{"href":"http:\/\/cordobadirecto.com\/index.php\/wp-json\/wp\/v2\/media?parent=170797"}],"wp:term":[{"taxonomy":"category","embeddable":true,"href":"http:\/\/cordobadirecto.com\/index.php\/wp-json\/wp\/v2\/categories?post=170797"},{"taxonomy":"post_tag","embeddable":true,"href":"http:\/\/cordobadirecto.com\/index.php\/wp-json\/wp\/v2\/tags?post=170797"}],"curies":[{"name":"wp","href":"https:\/\/api.w.org\/{rel}","templated":true}]}}