{"id":170799,"date":"2025-07-18T19:04:35","date_gmt":"2025-07-18T19:04:35","guid":{"rendered":"https:\/\/www.ole.com.ar\/autos\/ver-tc-2000-9-julio-quinta-fecha-top-race_0_8BQRIL3JAd.html"},"modified":"2025-07-18T19:04:35","modified_gmt":"2025-07-18T19:04:35","slug":"a-que-hora-corre-el-tc2000-en-9-de-julio-y-donde-ver-por-tv","status":"publish","type":"post","link":"http:\/\/cordobadirecto.com\/index.php\/2025\/07\/18\/a-que-hora-corre-el-tc2000-en-9-de-julio-y-donde-ver-por-tv\/","title":{"rendered":"A qu\u00e9 hora corre el TC2000 en 9 de Julio y d\u00f3nde ver por TV"},"content":{"rendered":"<p><span class=\"createDate\">18\/07\/2025 16:04hs.<\/span><time class=\"modificatedDate\" datetime=\"2025-07-18T16:13:34-03:00\"> Actualizado al 18\/07\/2025 16:13hs.<\/time><\/p>\n<div id=\"storyBody\">\n<div class=\"custom-text \" readability=\"43\">\n<p>Luego de la disputa de la 4\u00aa fecha de la temporada en el circuito de Concordia, donde Emiliano Stang (Toyota) se qued\u00f3 con la Final,<strong> la acci\u00f3n de las SUV del TC2000 contin\u00faa este fin de semana en el Aut\u00f3dromo Ciudad de 9 de Julio<\/strong> &#8211; Guillermo &#8220;Yoyo&#8221; Maldonado, sede de la <strong>5\u00aa fecha<\/strong> del campeonato.<strong> El actual l\u00edder del certamen es Mat\u00edas Rossi (Toyota), <\/strong>con 90 puntos, seguido por Stang, que suma 79, y Franco Vivian (Chevrolet), con 64 unidades.<\/p>\n<\/div>\n<p><h2><strong>Cu\u00e1ndo y por d\u00f3nde ver la 5\u00aa fecha del TC2000<\/strong><\/h2>\n<\/p>\n<div class=\"custom-text \" readability=\"39\">\n<p><strong>Este viernes se llev\u00f3 a cabo el Shakedown, con Facundo Ardusso (Honda) como el m\u00e1s veloz.<\/strong> Pero la actividad del fin de semana contin\u00faa en el marco de la 5\u00aa fecha del TC2000, con las SUV en acci\u00f3n en el aut\u00f3dromo de 9 de Julio.<strong> Este s\u00e1bado se disputar\u00e1n dos entrenamientos libres:<\/strong> el primero a las 10.05 y el segundo a las 12.20. <strong>M\u00e1s tarde, a las 15.25, se correr\u00e1 la siempre desafiante clasificaci\u00f3n.<\/strong> <strong>Transmiten TyC Sports 2 y TyC Sports Play.<\/strong><\/p>\n<\/div>\n<div class=\"sc-e7b891c4-0 ifHnQL image-embed\"><img alt=\"Emiliano Stang, l\u00edder del campeonato del TC2000, a bordo de su Toyota.\" loading=\"lazy\" width=\"720\" height=\"100\" decoding=\"async\" data-nimg=\"1\" src=\"http:\/\/cordobadirecto.com\/wp-content\/uploads\/2025\/07\/a-que-hora-corre-el-tc2000-en-9-de-julio-y-donde-ver-por-tv.jpg\"><span class=\"epigraphe\">Emiliano Stang, l\u00edder del campeonato del TC2000, a bordo de su Toyota.<\/span><\/div>\n<div class=\"custom-text \" readability=\"37\">\n<p><strong>En la jornada del domingo, la actividad comenzar\u00e1 a las 9.10<\/strong> con la habitual prueba de tanques llenos. <strong>El plato fuerte ser\u00e1 a las 12.45, cuando se dispute la carrera Final,<\/strong> pactada a <strong>35 minutos + una vuelta.<\/strong> Toda la jornada ser\u00e1 televisada<strong> por TyC Sports y Canal Trece.<\/strong><\/p>\n<\/div>\n<div class=\"sc-e7b891c4-0 ifHnQL image-embed\"><img alt=\"Franco Vivian (Chevrolet), durante la qualy en Rosario.\" loading=\"lazy\" width=\"720\" height=\"100\" decoding=\"async\" data-nimg=\"1\" src=\"http:\/\/cordobadirecto.com\/wp-content\/uploads\/2025\/07\/a-que-hora-corre-el-tc2000-en-9-de-julio-y-donde-ver-por-tv-1.jpg\"><span class=\"epigraphe\">Franco Vivian (Chevrolet), durante la qualy en Rosario.<\/span><\/div>\n<p><h2>Tambi\u00e9n corre el Top Race en 9 de Julio este finde: cu\u00e1ndo y por d\u00f3nde verlo<\/h2>\n<\/p>\n<div class=\"custom-text \" readability=\"39\">\n<p><strong>El Top Race V6 tambi\u00e9n ser\u00e1 parte del espect\u00e1culo este fin de semana en el circuito de 9 de Julio, donde se disputar\u00e1 la 6\u00aa fecha <\/strong>del 31\u00b0 Campeonato Argentino. <strong>La actividad del s\u00e1bado incluir\u00e1<\/strong> la prueba de tanques llenos a las 8.45 <strong>y el sprint a las 17.20. El domingo <\/strong>se correr\u00e1 <strong>la Final, pactada a 25 minutos m\u00e1s una vuelta, que largar\u00e1 a las 11.25<\/strong> y ser\u00e1 transmitida en vivo <strong>por El Trece, TyC Sports y TyC Sports Play.<\/strong><\/p>\n<\/div>\n<div class=\"sc-e7b891c4-0 ifHnQL image-embed\"><img alt=\"Kevin Filippo gan\u00f3 en el Top Race en San Nicol\u00e1s. (Prensa TRV6)\" loading=\"lazy\" width=\"720\" height=\"100\" decoding=\"async\" data-nimg=\"1\" src=\"http:\/\/cordobadirecto.com\/wp-content\/uploads\/2025\/07\/a-que-hora-corre-el-tc2000-en-9-de-julio-y-donde-ver-por-tv-2.jpg\"><span class=\"epigraphe\">Kevin Filippo gan\u00f3 en el Top Race en San Nicol\u00e1s. (Prensa TRV6)<\/span><\/div>\n<div class=\"sc-a7166897-0 eoLsBE\" readability=\"6\">\n<section readability=\"2\"><picture><img alt=\"C\u00f3mo les fue a Valent\u00edn Perrone y Marco Morelli en las pr\u00e1cticas del Moto3 en Brno\" loading=\"lazy\" width=\"290\" height=\"290\" decoding=\"async\" data-nimg=\"1\" src=\"http:\/\/cordobadirecto.com\/wp-content\/uploads\/2025\/07\/a-que-hora-corre-el-tc2000-en-9-de-julio-y-donde-ver-por-tv-3.jpg\"><\/picture>\n<p><span>Mir\u00e1 tambi\u00e9n<\/span><\/p>\n<hr>\n<h3>C\u00f3mo les fue a Valent\u00edn Perrone y Marco Morelli en las pr\u00e1cticas del Moto3 en Brno<\/h3>\n<\/p>\n<\/section>\n<\/div>\n<div class=\"sc-a7166897-0 eoLsBE\" readability=\"6\">\n<section readability=\"2\"><picture><img alt=\"Pierre Gasly habl\u00f3 sobre los rumores de Bottas a Alpine: &quot;Mucho ruido&quot;\" loading=\"lazy\" width=\"290\" height=\"290\" decoding=\"async\" data-nimg=\"1\" src=\"http:\/\/cordobadirecto.com\/wp-content\/uploads\/2025\/07\/a-que-hora-corre-el-tc2000-en-9-de-julio-y-donde-ver-por-tv-4.jpg\"><\/picture>\n<p><span>Mir\u00e1 tambi\u00e9n<\/span><\/p>\n<hr>\n<h3>Pierre Gasly habl\u00f3 sobre los rumores de Bottas a Alpine: &#8220;Mucho ruido&#8221;<\/h3>\n<\/p>\n<\/section>\n<\/div>\n<div class=\"sc-a7166897-0 eoLsBE\" readability=\"6\">\n<section readability=\"2\"><picture><img alt=\"El campe\u00f3n de la F\u00f3rmula 1 que quiere ver a Verstappen junto a Russell en Mercedes\" loading=\"lazy\" width=\"290\" height=\"290\" decoding=\"async\" data-nimg=\"1\" src=\"http:\/\/cordobadirecto.com\/wp-content\/uploads\/2025\/07\/a-que-hora-corre-el-tc2000-en-9-de-julio-y-donde-ver-por-tv-5.jpg\"><\/picture>\n<p><span>Mir\u00e1 tambi\u00e9n<\/span><\/p>\n<hr>\n<h3>El campe\u00f3n de la F\u00f3rmula 1 que quiere ver a Verstappen junto a Russell en Mercedes<\/h3>\n<\/p>\n<\/section>\n<\/div>\n<\/div>\n","protected":false},"excerpt":{"rendered":"<p>18\/07\/2025 16:04hs. Actualizado al 18\/07\/2025 16:13hs. Luego de la disputa de la 4\u00aa fecha de la temporada en el circuito de Concordia, donde Emiliano Stang (Toyota) se qued\u00f3 con la Final, la acci\u00f3n de las SUV del TC2000 contin\u00faa este fin de semana en el Aut\u00f3dromo Ciudad de 9 de Julio &#8211; Guillermo &#8220;Yoyo&#8221; Maldonado, [&hellip;]<\/p>\n","protected":false},"author":1,"featured_media":170800,"comment_status":"closed","ping_status":"closed","sticky":false,"template":"","format":"standard","meta":[],"categories":[21],"tags":[],"_links":{"self":[{"href":"http:\/\/cordobadirecto.com\/index.php\/wp-json\/wp\/v2\/posts\/170799"}],"collection":[{"href":"http:\/\/cordobadirecto.com\/index.php\/wp-json\/wp\/v2\/posts"}],"about":[{"href":"http:\/\/cordobadirecto.com\/index.php\/wp-json\/wp\/v2\/types\/post"}],"author":[{"embeddable":true,"href":"http:\/\/cordobadirecto.com\/index.php\/wp-json\/wp\/v2\/users\/1"}],"replies":[{"embeddable":true,"href":"http:\/\/cordobadirecto.com\/index.php\/wp-json\/wp\/v2\/comments?post=170799"}],"version-history":[{"count":0,"href":"http:\/\/cordobadirecto.com\/index.php\/wp-json\/wp\/v2\/posts\/170799\/revisions"}],"wp:featuredmedia":[{"embeddable":true,"href":"http:\/\/cordobadirecto.com\/index.php\/wp-json\/wp\/v2\/media\/170800"}],"wp:attachment":[{"href":"http:\/\/cordobadirecto.com\/index.php\/wp-json\/wp\/v2\/media?parent=170799"}],"wp:term":[{"taxonomy":"category","embeddable":true,"href":"http:\/\/cordobadirecto.com\/index.php\/wp-json\/wp\/v2\/categories?post=170799"},{"taxonomy":"post_tag","embeddable":true,"href":"http:\/\/cordobadirecto.com\/index.php\/wp-json\/wp\/v2\/tags?post=170799"}],"curies":[{"name":"wp","href":"https:\/\/api.w.org\/{rel}","templated":true}]}}