{"id":170860,"date":"2025-07-20T20:58:47","date_gmt":"2025-07-20T20:58:47","guid":{"rendered":"https:\/\/www.ole.com.ar\/autos\/tc2000-franco-vivian-victoria-9-julio_0_H9Pfb7Jnv9.html"},"modified":"2025-07-20T20:58:47","modified_gmt":"2025-07-20T20:58:47","slug":"tc2000-franco-vivian-se-llevo-la-victoria-en-9-de-julio","status":"publish","type":"post","link":"http:\/\/cordobadirecto.com\/index.php\/2025\/07\/20\/tc2000-franco-vivian-se-llevo-la-victoria-en-9-de-julio\/","title":{"rendered":"TC2000: Franco Vivian se llev\u00f3 la victoria en 9 de Julio"},"content":{"rendered":"<p><time class=\"createDate\" datetime=\"2025-07-20T17:58:47-03:00\">20\/07\/2025 17:58hs.<\/time><\/p>\n<div id=\"storyBody\">\n<div class=\"custom-text \" readability=\"43.360774818402\">\n<p>Despu\u00e9s de cinco fechas, el <strong><a href=\"https:\/\/www.ole.com.ar\/tema\/tc2000.html\" title=\"TC2000\" alt=\"TC2000\" class=\"slug\">TC2000<\/a><\/strong> de las SUV es dominado por Toyota, que cuenta con una Cross potente y una formaci\u00f3n de pilotos muy buena: Mat\u00edas Rossi, Emiliano Stang, Gabriel Ponce de Le\u00f3n, entre otros. Sin embargo, las Chevrolet Tracker no se quedan atr\u00e1s, y hay una que se destaca por sobre el resto: <strong>la de Franco Vivian, referente del Mo\u00f1o en la categor\u00eda, quien se llev\u00f3 la victoria en 9 de Julio.<\/strong><\/p>\n<\/div>\n<div class=\"custom-text \" readability=\"40\">\n<p>Es cierto que el Misil no pas\u00f3 la bandera a cuadros por<strong> una falla en el motor japon\u00e9s<\/strong>, grand\u00edsimo dolor de cabeza pensando en la pelea por el t\u00edtulo, pero mientras estuvo en competencia fue uno de los contendientes al triunfo. \u00bfQu\u00e9 pas\u00f3 en esa instancia? A la salida de un safety car, mientras transitaban el amplio curv\u00f3n del trazado bonaerense, <strong>Vivian le arrebat\u00f3 la punta desde el exterior.<\/strong> As\u00ed, el porte\u00f1o se enfil\u00f3 a un triunfo que lo acerc\u00f3 a la cima (qued\u00f3 3\u00b0).<\/p>\n<\/div>\n<div class=\"custom-text \" readability=\"43\">\n<p>&#8220;<strong>El respeto que me tuvo Mat\u00edas, el m\u00e1s grande de la historia de la categor\u00eda..<\/strong>. Esa maniobra ser\u00e1 un gran recuerdo para m\u00ed. La hab\u00eda pensado, ensayado y le mand\u00e9 un mensaje a mi mujer: <strong>tras las primeras dos curvas, quedo primero o en el barro<\/strong>&#8220;, le coment\u00f3 el ganador a Carburando. Pensando en la copa, objetivo que reci\u00e9n se est\u00e1 formando, no titube\u00f3: &#8220;<strong>Yo dije que estaba listo para pelear el campeonato<\/strong>, espero que el equipo est\u00e9 en la misma sinton\u00eda. Estamos entre los mejores, hay que alinear todo para que pase&#8221;.<\/p>\n<\/div>\n<p><h2>Los Toyota lideran el campeonato de TC2000<\/h2>\n<\/p>\n<div class=\"custom-text \" readability=\"44.116959064327\">\n<p>Pasada la fecha en 9 de Julio, el l\u00edder es Stang, con 100 puntos, y quienes lo siguen de cerca son Rossi, con 90, y Vivian, con 85. Detr\u00e1s, en el cuarto puesto, figura un <strong><a href=\"https:\/\/www.ole.com.ar\/tema\/leonel-pernia.html\" title=\"Leonel Pern\u00eda\" alt=\"Leonel Pern\u00eda\" class=\"slug\">Leonel Pern\u00eda<\/a><\/strong> (Honda) que vivi\u00f3 una situaci\u00f3n de locos: por un toque con el l\u00edder del campeonato, <strong>termin\u00f3 barriendo a su hijo, Tiago (Honda), y los dos abandonaron.<\/strong><\/p>\n<\/div>\n<div class=\"sc-e7b891c4-0 ifHnQL image-embed\"><img alt=\"Franco Vivian pas\u00f3 a Mat\u00edas Rossi en el relanzamiento. (Prensa TC2000)\" loading=\"lazy\" width=\"720\" height=\"100\" decoding=\"async\" data-nimg=\"1\" src=\"http:\/\/cordobadirecto.com\/wp-content\/uploads\/2025\/07\/tc2000-franco-vivian-se-llevo-la-victoria-en-9-de-julio.jpg\"><span class=\"epigraphe\">Franco Vivian pas\u00f3 a Mat\u00edas Rossi en el relanzamiento. (Prensa TC2000)<\/span><\/div>\n<div class=\"sc-a7166897-0 eoLsBE\" readability=\"6\">\n<section readability=\"2\"><picture><img alt=\"Video: \u00a1cuatro autos llegaron juntos en el Turismo Pista!\" loading=\"lazy\" width=\"290\" height=\"290\" decoding=\"async\" data-nimg=\"1\" src=\"http:\/\/cordobadirecto.com\/wp-content\/uploads\/2025\/07\/tc2000-franco-vivian-se-llevo-la-victoria-en-9-de-julio-1.jpg\"><\/picture>\n<p><span>Mir\u00e1 tambi\u00e9n<\/span><\/p>\n<hr>\n<h3>Video: \u00a1cuatro autos llegaron juntos en el Turismo Pista!<\/h3>\n<\/p>\n<\/section>\n<\/div>\n<div class=\"sc-a7166897-0 eoLsBE\" readability=\"6\">\n<section readability=\"2\"><picture><img alt=\"Perrone sigue sumando y Morelli se estren\u00f3 en Moto3 con puntos en Brno\" loading=\"lazy\" width=\"290\" height=\"290\" decoding=\"async\" data-nimg=\"1\" src=\"http:\/\/cordobadirecto.com\/wp-content\/uploads\/2025\/07\/tc2000-franco-vivian-se-llevo-la-victoria-en-9-de-julio-2.jpg\"><\/picture>\n<p><span>Mir\u00e1 tambi\u00e9n<\/span><\/p>\n<hr>\n<h3>Perrone sigue sumando y Morelli se estren\u00f3 en Moto3 con puntos en Brno<\/h3>\n<\/p>\n<\/section>\n<\/div>\n<div class=\"sc-a7166897-0 eoLsBE\" readability=\"6\">\n<section readability=\"2\"><picture><img alt=\"El reto que Franco Colapinto desbloquear\u00e1 con Alpine en el Gran Premio de B\u00e9lgica \" loading=\"lazy\" width=\"290\" height=\"290\" decoding=\"async\" data-nimg=\"1\" src=\"http:\/\/cordobadirecto.com\/wp-content\/uploads\/2025\/07\/tc2000-franco-vivian-se-llevo-la-victoria-en-9-de-julio-3.jpg\"><\/picture>\n<p><span>Mir\u00e1 tambi\u00e9n<\/span><\/p>\n<hr>\n<h3>El reto que Franco Colapinto desbloquear\u00e1 con Alpine en el Gran Premio de B\u00e9lgica <\/h3>\n<\/p>\n<\/section>\n<\/div>\n<div class=\"sc-a7166897-0 eoLsBE\" readability=\"6\">\n<section readability=\"2\"><picture><img alt=\"El mal recuerdo de Pechito L\u00f3pez con Flavio Briatore: &quot;No lo quise ver m\u00e1s&quot;\" loading=\"lazy\" width=\"290\" height=\"290\" decoding=\"async\" data-nimg=\"1\" src=\"http:\/\/cordobadirecto.com\/wp-content\/uploads\/2025\/07\/tc2000-franco-vivian-se-llevo-la-victoria-en-9-de-julio-4.jpg\"><\/picture>\n<p><span>Mir\u00e1 tambi\u00e9n<\/span><\/p>\n<hr>\n<h3>El mal recuerdo de Pechito L\u00f3pez con Flavio Briatore: &#8220;No lo quise ver m\u00e1s&#8221;<\/h3>\n<\/p>\n<\/section>\n<\/div>\n<div class=\"sc-a7166897-0 eoLsBE\" readability=\"6\">\n<section readability=\"2\"><picture><img alt=\"Pierre Gasly habl\u00f3 sobre los rumores de Bottas a Alpine: &quot;Mucho ruido&quot;\" loading=\"lazy\" width=\"290\" height=\"290\" decoding=\"async\" data-nimg=\"1\" src=\"http:\/\/cordobadirecto.com\/wp-content\/uploads\/2025\/07\/tc2000-franco-vivian-se-llevo-la-victoria-en-9-de-julio-5.jpg\"><\/picture>\n<p><span>Mir\u00e1 tambi\u00e9n<\/span><\/p>\n<hr>\n<h3>Pierre Gasly habl\u00f3 sobre los rumores de Bottas a Alpine: &#8220;Mucho ruido&#8221;<\/h3>\n<\/p>\n<\/section>\n<\/div>\n<\/div>\n","protected":false},"excerpt":{"rendered":"<p>20\/07\/2025 17:58hs. Despu\u00e9s de cinco fechas, el TC2000 de las SUV es dominado por Toyota, que cuenta con una Cross potente y una formaci\u00f3n de pilotos muy buena: Mat\u00edas Rossi, Emiliano Stang, Gabriel Ponce de Le\u00f3n, entre otros. Sin embargo, las Chevrolet Tracker no se quedan atr\u00e1s, y hay una que se destaca por sobre [&hellip;]<\/p>\n","protected":false},"author":1,"featured_media":170861,"comment_status":"closed","ping_status":"closed","sticky":false,"template":"","format":"standard","meta":[],"categories":[21],"tags":[],"_links":{"self":[{"href":"http:\/\/cordobadirecto.com\/index.php\/wp-json\/wp\/v2\/posts\/170860"}],"collection":[{"href":"http:\/\/cordobadirecto.com\/index.php\/wp-json\/wp\/v2\/posts"}],"about":[{"href":"http:\/\/cordobadirecto.com\/index.php\/wp-json\/wp\/v2\/types\/post"}],"author":[{"embeddable":true,"href":"http:\/\/cordobadirecto.com\/index.php\/wp-json\/wp\/v2\/users\/1"}],"replies":[{"embeddable":true,"href":"http:\/\/cordobadirecto.com\/index.php\/wp-json\/wp\/v2\/comments?post=170860"}],"version-history":[{"count":0,"href":"http:\/\/cordobadirecto.com\/index.php\/wp-json\/wp\/v2\/posts\/170860\/revisions"}],"wp:featuredmedia":[{"embeddable":true,"href":"http:\/\/cordobadirecto.com\/index.php\/wp-json\/wp\/v2\/media\/170861"}],"wp:attachment":[{"href":"http:\/\/cordobadirecto.com\/index.php\/wp-json\/wp\/v2\/media?parent=170860"}],"wp:term":[{"taxonomy":"category","embeddable":true,"href":"http:\/\/cordobadirecto.com\/index.php\/wp-json\/wp\/v2\/categories?post=170860"},{"taxonomy":"post_tag","embeddable":true,"href":"http:\/\/cordobadirecto.com\/index.php\/wp-json\/wp\/v2\/tags?post=170860"}],"curies":[{"name":"wp","href":"https:\/\/api.w.org\/{rel}","templated":true}]}}