{"id":170864,"date":"2025-07-21T01:34:26","date_gmt":"2025-07-21T01:34:26","guid":{"rendered":"https:\/\/www.ole.com.ar\/futbol-ascenso\/ascenso_0_ud4vD6Z7Y4.html"},"modified":"2025-07-21T01:34:26","modified_gmt":"2025-07-21T01:34:26","slug":"chicago-fue-mas-pero-no-pudo-con-for-ever","status":"publish","type":"post","link":"http:\/\/cordobadirecto.com\/index.php\/2025\/07\/21\/chicago-fue-mas-pero-no-pudo-con-for-ever\/","title":{"rendered":"Chicago fue m\u00e1s pero no pudo con For Ever"},"content":{"rendered":"<p><time class=\"createDate\" datetime=\"2025-07-20T20:46:28-03:00\">20\/07\/2025 20:46hs.<\/time><\/p>\n<div id=\"storyBody\">\n<div class=\"custom-text \" readability=\"34.182692307692\">\n<p>La bronca todav\u00eda se siente en Mataderos. Porque coquete\u00f3 con el gol en varias ocasiones. Porque fue superior y lo dej\u00f3 en claro durante todo el encuentro. Porque sinti\u00f3 el envi\u00f3n an\u00edmico que consigui\u00f3 desde la llegada de Gast\u00f3n Lotito.<strong> <a href=\"https:\/\/www.ole.com.ar\/tema\/nueva-chicago.html\" title=\"Nueva Chicago\" alt=\"Nueva Chicago\" class=\"slug\">Chicago <\/a>no fue conforme por la igualdad 0-0 contra <a href=\"https:\/\/www.ole.com.ar\/tema\/chaco-for-ever.html\" title=\"Chaco For Ever\" alt=\"Chaco For Ever\" class=\"slug\">Chaco For Ever<\/a><\/strong>. Sin embargo, el equipo confirm\u00f3 su mejor\u00eda futbol\u00edstica y contin\u00faa sin caer con el nuevo entrenador.<\/p>\n<\/div>\n<div class=\"custom-text \" readability=\"36.659949622166\">\n<p>El aire novedoso que hall\u00f3 el Torito a partir del cambio que hubo con la salida de <a href=\"https:\/\/www.ole.com.ar\/tema\/walter-perazzo.html\" title=\"Walter Perazzo\" alt=\"Walter Perazzo\" class=\"slug\">Walter Perazzo<\/a> hizo que tomara el impulso necesario para tener otra postura, hacerse due\u00f1o de la pelota, animarse a jugar y <strong>empezar a olvidarse de la pelea de abajo <\/strong>(est\u00e1 a 18 puntos de CADU) <strong>para ilusionarse con pelear por el acceso al Reducido de la Zona B<\/strong> (qued\u00f3 a dos de Mitre, el \u00faltimo en clasificarse).<\/p>\n<\/div>\n<div class=\"custom-text \" readability=\"37.217647058824\">\n<p><strong><a href=\"https:\/\/www.ole.com.ar\/tema\/nueva-chicago.html\" title=\"Nueva Chicago\" alt=\"Nueva Chicago\" class=\"slug\">Chicago <\/a>lo fue a buscar, supo poner contra las cuerdas al Negro y cont\u00f3 con varias situaciones de peligro<\/strong>. La falta de punter\u00eda en los \u00faltimos metros, sumado a la dura defensa de la visita, llev\u00f3 a que no pudiera romper con el cero y debiera conformarse con un punto que le permiti\u00f3 llegar a los <strong>siete duelos sin ca\u00eddas (4 PG y 3 PE)<\/strong>.<\/p>\n<\/div>\n<div class=\"custom-text \">\n<p>Pero la gran siete.<\/p>\n<\/div>\n<div class=\"sc-a7166897-0 eoLsBE\" readability=\"6\">\n<section readability=\"2\"><picture><img alt=\"Video: se par\u00f3 el partido porque \u00a1se prendieron los aspersores!\" loading=\"lazy\" width=\"290\" height=\"290\" decoding=\"async\" data-nimg=\"1\" src=\"http:\/\/cordobadirecto.com\/wp-content\/uploads\/2025\/07\/chicago-fue-mas-pero-no-pudo-con-for-ever.jpg\"><\/picture>\n<p><span>Mir\u00e1 tambi\u00e9n<\/span><\/p>\n<hr>\n<h3>Video: se par\u00f3 el partido porque \u00a1se prendieron los aspersores!<\/h3>\n<\/p>\n<\/section>\n<\/div>\n<div class=\"sc-a7166897-0 eoLsBE\" readability=\"6\">\n<section readability=\"2\"><picture><img alt=\"Col\u00f3n se qued\u00f3 con un partidazo: ganaba 4-1 y casi se lo empatan\" loading=\"lazy\" width=\"290\" height=\"290\" decoding=\"async\" data-nimg=\"1\" src=\"http:\/\/cordobadirecto.com\/wp-content\/uploads\/2025\/07\/chicago-fue-mas-pero-no-pudo-con-for-ever-1.jpg\"><\/picture>\n<p><span>Mir\u00e1 tambi\u00e9n<\/span><\/p>\n<hr>\n<h3>Col\u00f3n se qued\u00f3 con un partidazo: ganaba 4-1 y casi se lo empatan<\/h3>\n<\/p>\n<\/section>\n<\/div>\n<div class=\"sc-a7166897-0 eoLsBE\" readability=\"6\">\n<section readability=\"2\"><picture><img alt=\"Hern\u00e1ndez habl\u00f3 sobre su futuro y los rumores de un inter\u00e9s de Boca\" loading=\"lazy\" width=\"290\" height=\"290\" decoding=\"async\" data-nimg=\"1\" src=\"http:\/\/cordobadirecto.com\/wp-content\/uploads\/2025\/07\/chicago-fue-mas-pero-no-pudo-con-for-ever-2.jpg\"><\/picture>\n<p><span>Mir\u00e1 tambi\u00e9n<\/span><\/p>\n<hr>\n<h3>Hern\u00e1ndez habl\u00f3 sobre su futuro y los rumores de un inter\u00e9s de Boca<\/h3>\n<\/p>\n<\/section>\n<\/div>\n<\/div>\n","protected":false},"excerpt":{"rendered":"<p>20\/07\/2025 20:46hs. La bronca todav\u00eda se siente en Mataderos. Porque coquete\u00f3 con el gol en varias ocasiones. Porque fue superior y lo dej\u00f3 en claro durante todo el encuentro. Porque sinti\u00f3 el envi\u00f3n an\u00edmico que consigui\u00f3 desde la llegada de Gast\u00f3n Lotito. Chicago no fue conforme por la igualdad 0-0 contra Chaco For Ever. Sin [&hellip;]<\/p>\n","protected":false},"author":1,"featured_media":170865,"comment_status":"closed","ping_status":"closed","sticky":false,"template":"","format":"standard","meta":[],"categories":[21],"tags":[],"_links":{"self":[{"href":"http:\/\/cordobadirecto.com\/index.php\/wp-json\/wp\/v2\/posts\/170864"}],"collection":[{"href":"http:\/\/cordobadirecto.com\/index.php\/wp-json\/wp\/v2\/posts"}],"about":[{"href":"http:\/\/cordobadirecto.com\/index.php\/wp-json\/wp\/v2\/types\/post"}],"author":[{"embeddable":true,"href":"http:\/\/cordobadirecto.com\/index.php\/wp-json\/wp\/v2\/users\/1"}],"replies":[{"embeddable":true,"href":"http:\/\/cordobadirecto.com\/index.php\/wp-json\/wp\/v2\/comments?post=170864"}],"version-history":[{"count":0,"href":"http:\/\/cordobadirecto.com\/index.php\/wp-json\/wp\/v2\/posts\/170864\/revisions"}],"wp:featuredmedia":[{"embeddable":true,"href":"http:\/\/cordobadirecto.com\/index.php\/wp-json\/wp\/v2\/media\/170865"}],"wp:attachment":[{"href":"http:\/\/cordobadirecto.com\/index.php\/wp-json\/wp\/v2\/media?parent=170864"}],"wp:term":[{"taxonomy":"category","embeddable":true,"href":"http:\/\/cordobadirecto.com\/index.php\/wp-json\/wp\/v2\/categories?post=170864"},{"taxonomy":"post_tag","embeddable":true,"href":"http:\/\/cordobadirecto.com\/index.php\/wp-json\/wp\/v2\/tags?post=170864"}],"curies":[{"name":"wp","href":"https:\/\/api.w.org\/{rel}","templated":true}]}}