{"id":170923,"date":"2025-07-21T22:11:04","date_gmt":"2025-07-21T22:11:04","guid":{"rendered":"https:\/\/www.ole.com.ar\/autos\/motogp-buenos-aires-marzo-2027-posible-vuelta-formula-1-f1-chances-autodromo-galvez_0_r4lZWdXNC1.html"},"modified":"2025-07-21T22:11:04","modified_gmt":"2025-07-21T22:11:04","slug":"con-la-vuelta-del-motogp-buenos-aires-suena-con-la-formula-1-que-se-sabe","status":"publish","type":"post","link":"http:\/\/cordobadirecto.com\/index.php\/2025\/07\/21\/con-la-vuelta-del-motogp-buenos-aires-suena-con-la-formula-1-que-se-sabe\/","title":{"rendered":"Con la vuelta del MotoGP, Buenos Aires sue\u00f1a con la F\u00f3rmula 1: \u00bfqu\u00e9 se sabe?"},"content":{"rendered":"<p><time class=\"createDate\" datetime=\"2025-07-21T19:11:04-03:00\">21\/07\/2025 19:11hs.<\/time><\/p>\n<div id=\"storyBody\">\n<div class=\"custom-text \" readability=\"39.682730923695\">\n<p>Este lunes, el<strong> Aut\u00f3dromo Oscar y Juan G\u00e1lvez<\/strong> abri\u00f3 sus puertas para hacer un anuncio muy esperado por el mundo tuerca: <strong>el <a href=\"https:\/\/www.ole.com.ar\/tema\/motogp.html\" title=\"MotoGP\" alt=\"MotoGP\" class=\"slug\">MotoGP<\/a>, la categor\u00eda reina entre las motos, volver\u00e1 a tener una fecha en Buenos Aires en 2027<\/strong>. Para esto, es necesaria una reconstrucci\u00f3n del predio para que cumpla con los requisitos de la FIM, aunque la iniciativa va m\u00e1s all\u00e1 y contempla que en el futuro se tenga el okay de la FIA,<strong> lo cual le abrir\u00eda<\/strong> <strong>las puertas al retorno de la <a href=\"https:\/\/www.ole.com.ar\/tema\/formula-1.html\" title=\"F\u00f3rmula 1\" alt=\"F\u00f3rmula 1\" class=\"slug\">F\u00f3rmula 1<\/a>. <\/strong>\u00bfQu\u00e9 tan posible es?<\/p>\n<\/div>\n<div class=\"custom-text \" readability=\"31.9\">\n<p>Ya es un hecho que <a href=\"https:\/\/www.ole.com.ar\/poli\/moto-gp-mundial-motociclismo-motociclismo-autodromo_0_OMFjr2XF4f.html\" target=\"_self\" title=\" los mejores motociclistas del mundo correr\u00e1n en un renovado G\u00e1lvez en marzo del 2027\" alt=\" los mejores motociclistas del mundo correr\u00e1n en un renovado G\u00e1lvez en marzo del 2027\" rel=\"noopener\">los mejores motociclistas del mundo correr\u00e1n <\/a><a href=\"https:\/\/www.ole.com.ar\/poli\/moto-gp-mundial-motociclismo-motociclismo-autodromo_0_OMFjr2XF4f.html\" target=\"_self\" title=\" los mejores motociclistas del mundo correr\u00e1n en un renovado G\u00e1lvez en marzo del 2027\" alt=\" los mejores motociclistas del mundo correr\u00e1n en un renovado G\u00e1lvez en marzo del 2027\" rel=\"noopener\">en marzo del <\/a><a href=\"https:\/\/www.ole.com.ar\/poli\/moto-gp-mundial-motociclismo-motociclismo-autodromo_0_OMFjr2XF4f.html\" target=\"_self\" title=\" los mejores motociclistas del mundo correr\u00e1n en un renovado G\u00e1lvez en marzo del 2027\" alt=\" los mejores motociclistas del mundo correr\u00e1n en un renovado G\u00e1lvez en marzo del 2027\" rel=\"noopener\">2027<\/a>, a 28 a\u00f1os de la \u00faltima carrera en 1999.<strong> El aut\u00f3dromo estar\u00e1 cerrado un a\u00f1o entero<\/strong>, de noviembre del 2025 a noviembre del 2026, per\u00edodo en el que<strong> se realizar\u00e1n las obras del redise\u00f1o del circuito para conseguir la homologaci\u00f3n FIM<\/strong> (el certificado que se necesita para albergar el evento).<\/p>\n<\/div>\n<div class=\"sc-e7b891c4-0 ifHnQL image-embed\"><img alt=\"Los plazos de la reestructuraci\u00f3n del G\u00e1lvez. (Prensa GCBA)\" loading=\"lazy\" width=\"720\" height=\"100\" decoding=\"async\" data-nimg=\"1\" src=\"http:\/\/cordobadirecto.com\/wp-content\/uploads\/2025\/07\/con-la-vuelta-del-motogp-buenos-aires-suena-con-la-formula-1-que-se-sabe.jpg\"><span class=\"epigraphe\">Los plazos de la reestructuraci\u00f3n del G\u00e1lvez. (Prensa GCBA)<\/span><\/div>\n<div class=\"custom-text \" readability=\"38\">\n<p><strong>El trazado sufrir\u00e1 muchos cambios<\/strong>: se har\u00e1n sectores desde cero y otros ser\u00e1n retocados, dando con un circuito de alrededor de <strong>5000 metros<\/strong>. La parte externa, fuera del asfalto, tambi\u00e9n ser\u00e1 modernizada: paddock y tribunas, que se estima que podr\u00edan recibir unas<strong> 150.000 personas<\/strong>.<\/p>\n<\/div>\n<div class=\"custom-text \" readability=\"41\">\n<p>No obstante, la intenci\u00f3n no es quedarse ah\u00ed, y en el evento de presentaci\u00f3n se hizo mucho hincapi\u00e9 en <strong>el posible retorno de la F\u00f3rmula 1.<\/strong> Para lograrlo, la organizaci\u00f3n dividi\u00f3 la construcci\u00f3n en dos fases: la primera, que alista al G\u00e1lvez para recibir al MotoGP y llevar\u00eda al circuito a ser catalogado como Grado 2, y la segunda, en la cual <strong>pulir\u00edan los detalles restantes para obtener el Grado 1 (el m\u00e1s alto de todos y requisito obligatorio para recibir a la F1).<\/strong><\/p>\n<\/div>\n<div class=\"sc-e7b891c4-0 ifHnQL image-embed\"><img alt=\"Una representaci\u00f3n visual del circuito desde arriba. (Prensa GCBA)\" loading=\"lazy\" width=\"720\" height=\"100\" decoding=\"async\" data-nimg=\"1\" src=\"http:\/\/cordobadirecto.com\/wp-content\/uploads\/2025\/07\/con-la-vuelta-del-motogp-buenos-aires-suena-con-la-formula-1-que-se-sabe-1.jpg\"><span class=\"epigraphe\">Una representaci\u00f3n visual del circuito desde arriba. (Prensa GCBA)<\/span><\/div>\n<p><h2>La documentaci\u00f3n est\u00e1 presentada&#8230; ahora depende de la FIA<\/h2>\n<\/p>\n<div class=\"custom-text \" readability=\"37\">\n<p>El evento de presentaci\u00f3n estuvo encabezado por <strong>Jorge Macri<\/strong>, jefe de gobierno de la Ciudad, y <strong>Fabi\u00e1n Turnes<\/strong>, secretario de deportes. Este \u00faltimo tuvo un mano a mano con <strong>Ol\u00e9<\/strong> y se refiri\u00f3 al sue\u00f1o de la M\u00e1xima.<\/p>\n<\/div>\n<div class=\"custom-text \" readability=\"40.753246753247\">\n<p>&#8220;La veo cerca, la veo lejos&#8230; No depende de nosotros. <strong>Hemos presentado un dosier de documentaci\u00f3n, y ahora depende mucho m\u00e1s de la FIA que de nosotros<\/strong>&#8220;, arranc\u00f3. Despu\u00e9s, habl\u00f3 de uno de los mayores impulsores para este proyecto, que es la presencia de <strong><a href=\"https:\/\/www.ole.com.ar\/tema\/franco-colapinto.html\" title=\"Franco Colapinto\" alt=\"Franco Colapinto\" class=\"slug\">Franco Colapinto<\/a><\/strong> en la categor\u00eda: &#8220;<strong>El fen\u00f3meno que hay alrededor suyo nos ayud\u00f3 un mont\u00f3n<\/strong>, a nosotros para tomar la decisi\u00f3n y a la FIA (para considerarla). Ojal\u00e1 que siga creciendo en su carrera y lo podamos acompa\u00f1ar. <strong>Si sucede trayendo la F\u00f3rmula 1, ser\u00eda a\u00fan mejor<\/strong>&#8220;.<\/p>\n<\/div>\n<div class=\"sc-e7b891c4-0 ifHnQL image-embed\"><img alt=\"Fabi\u00e1n Turnes, secretario de deportes de Buenos Aires. (@chinoturnes)\" loading=\"lazy\" width=\"720\" height=\"100\" decoding=\"async\" data-nimg=\"1\" src=\"http:\/\/cordobadirecto.com\/wp-content\/uploads\/2025\/07\/con-la-vuelta-del-motogp-buenos-aires-suena-con-la-formula-1-que-se-sabe-2.jpg\"><span class=\"epigraphe\">Fabi\u00e1n Turnes, secretario de deportes de Buenos Aires. (@chinoturnes)<\/span><\/div>\n<div class=\"custom-text \" readability=\"37\">\n<p>Por su parte, Macri destac\u00f3 que &#8220;estamos consolidando el liderazgo deportivo de nuestra ciudad a nivel mundial&#8221; y sostuvo que &#8220;casi 30 a\u00f1os despu\u00e9s, <strong>volveremos a estar entre los circuitos m\u00e1s importantes del mundo, como Barcelona y Silverstone<\/strong>&#8220;.<\/p>\n<\/div>\n<div class=\"custom-text \" readability=\"37\">\n<p>Despu\u00e9s de varios intentos fallidos de traer a la M\u00e1xima al pa\u00eds, donde no se corre desde 1998 (el ganador fue Michael Schumacher), parece haber una intenci\u00f3n real. <strong>\u00bfSe dar\u00e1 en esta oportunidad?<\/strong> Aunque es muy pronto para asegurarlo, <strong>ya se dio un primer paso en esa direcci\u00f3n.<\/strong><\/p>\n<\/div>\n<div class=\"custom-embedhtml\" readability=\"8.433734939759\">\n<blockquote class=\"twitter-tweet\" readability=\"10.963855421687\">\n<p lang=\"es\" dir=\"ltr\">\ud83d\udc40 \u00bfLA F1 EN ARGENTINA?: &#8220;PRESENTAMOS LA DOCUMENTACI\u00d3N, AHORA DEPENDE DE LA FIA&#8221;<\/p>\n<p>\ud83c\udfce\u25b6\ufe0f Fabi\u00e1n Turnes, secretario de Deportes de la Ciudad de Buenos Aires, habl\u00f3 con Ol\u00e9 sobre la posibilidad de contar con la F\u00f3rmula 1 en nuestro pa\u00eds<\/p>\n<p>\ud83c\udf99 <a href=\"https:\/\/twitter.com\/_nachogigena?ref_src=twsrc%5Etfw\">@_nachogigena<\/a> <a href=\"https:\/\/t.co\/uX9n8rsQpb\">pic.twitter.com\/uX9n8rsQpb<\/a><\/p>\n<p>\u2014 Diario Ol\u00e9 (@DiarioOle) <a href=\"https:\/\/twitter.com\/DiarioOle\/status\/1947363523014606919?ref_src=twsrc%5Etfw\">July 21, 2025<\/a><\/p><\/blockquote><\/div>\n<p><h2>La participaci\u00f3n de Hermann Tilke, hist\u00f3rico ingeniero de la F1, en la reconstrucci\u00f3n del G\u00e1lvez<\/h2>\n<\/p>\n<div class=\"custom-text \" readability=\"36\">\n<p>Otra importante personalidad que estuvo en el evento de presentaci\u00f3n fue <strong>Hermann Tilke<\/strong>. El ingeniero alem\u00e1n es el art\u00edfice de varios de los circuitos que vemos los fines de semana de F\u00f3rmula 1. \u00bfPor qu\u00e9 estaba presente? <strong>Porque ser\u00e1 el encargado del redise\u00f1o del trazado del G\u00e1lvez<\/strong>, del cual ya hizo un boceto con lo que apunta a realizar.<\/p>\n<\/div>\n<div class=\"sc-e7b891c4-0 ifHnQL image-embed\"><img alt=\"El nuevo dise\u00f1o -todav\u00eda sujeto a cambios- del trazado. (Prensa GCBA)\" loading=\"lazy\" width=\"720\" height=\"100\" decoding=\"async\" data-nimg=\"1\" src=\"http:\/\/cordobadirecto.com\/wp-content\/uploads\/2025\/07\/con-la-vuelta-del-motogp-buenos-aires-suena-con-la-formula-1-que-se-sabe-3.jpg\"><span class=\"epigraphe\">El nuevo dise\u00f1o -todav\u00eda sujeto a cambios- del trazado. (Prensa GCBA)<\/span><\/div>\n<div class=\"custom-text \" readability=\"38\">\n<p>A pesar de su enorme experiencia como dise\u00f1ador, <strong>Tilke ha recibido muchas cr\u00edticas por parte de los fierreros<\/strong>. La mayor\u00eda de los comentarios se basan en la monoton\u00eda de los circuitos y las pocas posibilidades de adelantamiento, y \u00e9l siempre responde que <strong>se adaptan a las restricciones y medidas de seguridad de la FIA<\/strong>, sumado a las caracter\u00edsticas del pa\u00eds donde se construyen los trazados.<\/p>\n<\/div>\n<div class=\"custom-text \" readability=\"39\">\n<p>Lo cierto es que<strong> <\/strong>el hist\u00f3rico trazado porte\u00f1o est\u00e1 en manos de alguien que, principalmente, <strong>est\u00e1 muy metido en la F1.<\/strong> Aunque todav\u00eda no se sabe c\u00f3mo ser\u00e1 el trazado, y algunos sectores corren el riesgo de quedar al margen para cumplir con los requisitos del ente rector del automovilismo (\u00bfadi\u00f3s Curv\u00f3n Salotto?), <strong>el dise\u00f1o ser\u00e1 clave para que se le d\u00e9 el visto bueno.<\/strong><\/p>\n<\/div>\n<div class=\"sc-e7b891c4-0 ifHnQL image-embed\"><img alt=\"Hermann Tilke en el G\u00e1lvez. (EFE\/ Mat\u00edas Mart\u00edn Campaya)\" loading=\"lazy\" width=\"720\" height=\"100\" decoding=\"async\" data-nimg=\"1\" src=\"http:\/\/cordobadirecto.com\/wp-content\/uploads\/2025\/07\/con-la-vuelta-del-motogp-buenos-aires-suena-con-la-formula-1-que-se-sabe-4.jpg\"><span class=\"epigraphe\">Hermann Tilke en el G\u00e1lvez. (EFE\/ Mat\u00edas Mart\u00edn Campaya)<\/span><\/div>\n<div class=\"sc-a7166897-0 eoLsBE\" readability=\"6\">\n<section readability=\"2\"><picture><img alt=\"TC2000: Franco Vivian se llev\u00f3 la victoria en 9 de Julio \" loading=\"lazy\" width=\"290\" height=\"290\" decoding=\"async\" data-nimg=\"1\" src=\"http:\/\/cordobadirecto.com\/wp-content\/uploads\/2025\/07\/con-la-vuelta-del-motogp-buenos-aires-suena-con-la-formula-1-que-se-sabe-5.jpg\"><\/picture>\n<p><span>Mir\u00e1 tambi\u00e9n<\/span><\/p>\n<hr>\n<h3>TC2000: Franco Vivian se llev\u00f3 la victoria en 9 de Julio <\/h3>\n<\/p>\n<\/section>\n<\/div>\n<div class=\"sc-a7166897-0 eoLsBE\" readability=\"6\">\n<section readability=\"2\"><picture><img alt=\"Video: \u00a1cuatro autos llegaron juntos en el Turismo Pista!\" loading=\"lazy\" width=\"290\" height=\"290\" decoding=\"async\" data-nimg=\"1\" src=\"http:\/\/cordobadirecto.com\/wp-content\/uploads\/2025\/07\/con-la-vuelta-del-motogp-buenos-aires-suena-con-la-formula-1-que-se-sabe-6.jpg\"><\/picture>\n<p><span>Mir\u00e1 tambi\u00e9n<\/span><\/p>\n<hr>\n<h3>Video: \u00a1cuatro autos llegaron juntos en el Turismo Pista!<\/h3>\n<\/p>\n<\/section>\n<\/div>\n<div class=\"sc-a7166897-0 eoLsBE\" readability=\"7\">\n<section readability=\"4\"><picture><img alt=\"El fuerte an\u00e1lisis del jefe de Williams sobre el rendimiento de Carlos Sainz, el reemplazante de Franco Colapinto \" loading=\"lazy\" width=\"290\" height=\"290\" decoding=\"async\" data-nimg=\"1\" src=\"http:\/\/cordobadirecto.com\/wp-content\/uploads\/2025\/07\/con-la-vuelta-del-motogp-buenos-aires-suena-con-la-formula-1-que-se-sabe-7.jpg\"><\/picture>\n<p><span>Mir\u00e1 tambi\u00e9n<\/span><\/p>\n<hr>\n<h3>El fuerte an\u00e1lisis del jefe de Williams sobre el rendimiento de Carlos Sainz, el reemplazante de Franco Colapinto <\/h3>\n<\/p>\n<\/section>\n<\/div>\n<\/div>\n","protected":false},"excerpt":{"rendered":"<p>21\/07\/2025 19:11hs. Este lunes, el Aut\u00f3dromo Oscar y Juan G\u00e1lvez abri\u00f3 sus puertas para hacer un anuncio muy esperado por el mundo tuerca: el MotoGP, la categor\u00eda reina entre las motos, volver\u00e1 a tener una fecha en Buenos Aires en 2027. Para esto, es necesaria una reconstrucci\u00f3n del predio para que cumpla con los requisitos [&hellip;]<\/p>\n","protected":false},"author":1,"featured_media":170924,"comment_status":"closed","ping_status":"closed","sticky":false,"template":"","format":"standard","meta":[],"categories":[21],"tags":[],"_links":{"self":[{"href":"http:\/\/cordobadirecto.com\/index.php\/wp-json\/wp\/v2\/posts\/170923"}],"collection":[{"href":"http:\/\/cordobadirecto.com\/index.php\/wp-json\/wp\/v2\/posts"}],"about":[{"href":"http:\/\/cordobadirecto.com\/index.php\/wp-json\/wp\/v2\/types\/post"}],"author":[{"embeddable":true,"href":"http:\/\/cordobadirecto.com\/index.php\/wp-json\/wp\/v2\/users\/1"}],"replies":[{"embeddable":true,"href":"http:\/\/cordobadirecto.com\/index.php\/wp-json\/wp\/v2\/comments?post=170923"}],"version-history":[{"count":0,"href":"http:\/\/cordobadirecto.com\/index.php\/wp-json\/wp\/v2\/posts\/170923\/revisions"}],"wp:featuredmedia":[{"embeddable":true,"href":"http:\/\/cordobadirecto.com\/index.php\/wp-json\/wp\/v2\/media\/170924"}],"wp:attachment":[{"href":"http:\/\/cordobadirecto.com\/index.php\/wp-json\/wp\/v2\/media?parent=170923"}],"wp:term":[{"taxonomy":"category","embeddable":true,"href":"http:\/\/cordobadirecto.com\/index.php\/wp-json\/wp\/v2\/categories?post=170923"},{"taxonomy":"post_tag","embeddable":true,"href":"http:\/\/cordobadirecto.com\/index.php\/wp-json\/wp\/v2\/tags?post=170923"}],"curies":[{"name":"wp","href":"https:\/\/api.w.org\/{rel}","templated":true}]}}