{"id":170936,"date":"2025-07-22T20:36:50","date_gmt":"2025-07-22T20:36:50","guid":{"rendered":"http:\/\/cordobadirecto.com\/index.php\/2025\/07\/22\/cordoba-mejora-su-calificacion-internacional-y-refuerza-su-perfil-financiero\/"},"modified":"2025-07-22T20:36:50","modified_gmt":"2025-07-22T20:36:50","slug":"cordoba-mejora-su-calificacion-internacional-y-refuerza-su-perfil-financiero","status":"publish","type":"post","link":"http:\/\/cordobadirecto.com\/index.php\/2025\/07\/22\/cordoba-mejora-su-calificacion-internacional-y-refuerza-su-perfil-financiero\/","title":{"rendered":"<b>C\u00f3rdoba<\/b> mejora su calificaci\u00f3n internacional y refuerza su perfil financiero"},"content":{"rendered":"<p>Moody&#39;s elev\u00f3 dos escalones la nota de la Provincia en el plano internacional, destacando su solidez <b>econ\u00f3mica<\/b>, pol\u00edticas fiscales prudentes y&nbsp;&#8230; <\/p>\n","protected":false},"excerpt":{"rendered":"<p>Moody&#39;s elev\u00f3 dos escalones la nota de la Provincia en el plano internacional, destacando su solidez econ\u00f3mica, pol\u00edticas fiscales prudentes y&nbsp;&#8230;<\/p>\n","protected":false},"author":1,"featured_media":0,"comment_status":"closed","ping_status":"closed","sticky":false,"template":"","format":"standard","meta":[],"categories":[40],"tags":[],"_links":{"self":[{"href":"http:\/\/cordobadirecto.com\/index.php\/wp-json\/wp\/v2\/posts\/170936"}],"collection":[{"href":"http:\/\/cordobadirecto.com\/index.php\/wp-json\/wp\/v2\/posts"}],"about":[{"href":"http:\/\/cordobadirecto.com\/index.php\/wp-json\/wp\/v2\/types\/post"}],"author":[{"embeddable":true,"href":"http:\/\/cordobadirecto.com\/index.php\/wp-json\/wp\/v2\/users\/1"}],"replies":[{"embeddable":true,"href":"http:\/\/cordobadirecto.com\/index.php\/wp-json\/wp\/v2\/comments?post=170936"}],"version-history":[{"count":0,"href":"http:\/\/cordobadirecto.com\/index.php\/wp-json\/wp\/v2\/posts\/170936\/revisions"}],"wp:attachment":[{"href":"http:\/\/cordobadirecto.com\/index.php\/wp-json\/wp\/v2\/media?parent=170936"}],"wp:term":[{"taxonomy":"category","embeddable":true,"href":"http:\/\/cordobadirecto.com\/index.php\/wp-json\/wp\/v2\/categories?post=170936"},{"taxonomy":"post_tag","embeddable":true,"href":"http:\/\/cordobadirecto.com\/index.php\/wp-json\/wp\/v2\/tags?post=170936"}],"curies":[{"name":"wp","href":"https:\/\/api.w.org\/{rel}","templated":true}]}}