{"id":170976,"date":"2025-07-23T00:21:52","date_gmt":"2025-07-23T00:21:52","guid":{"rendered":"https:\/\/www.ole.com.ar\/autos\/hermann-tilke-disenador-circuitos-formula-1-autodromo-galvez_0_ZPqzCXjxo8.html"},"modified":"2025-07-23T00:21:52","modified_gmt":"2025-07-23T00:21:52","slug":"diseno-mas-de-10-circuitos-de-formula-1-y-ahora-remodelara-el-galvez-quien-es-hermann-tilke","status":"publish","type":"post","link":"http:\/\/cordobadirecto.com\/index.php\/2025\/07\/23\/diseno-mas-de-10-circuitos-de-formula-1-y-ahora-remodelara-el-galvez-quien-es-hermann-tilke\/","title":{"rendered":"Dise\u00f1\u00f3 m\u00e1s de 10 circuitos de F\u00f3rmula 1 y ahora remodelar\u00e1 el G\u00e1lvez: qui\u00e9n es Hermann Tilke"},"content":{"rendered":"<p><time class=\"createDate\" datetime=\"2025-07-22T21:21:52-03:00\">22\/07\/2025 21:21hs.<\/time><\/p>\n<div id=\"storyBody\">\n<div class=\"custom-text \" readability=\"40.339321357285\">\n<p>El regreso del <a href=\"https:\/\/www.ole.com.ar\/autos\/motogp-buenos-aires-marzo-2027-posible-vuelta-formula-1-f1-chances-autodromo-galvez_0_r4lZWdXNC1.html\" target=\"_self\" title=\"MotoGP a Buenos Aires\" alt=\"MotoGP a Buenos Aires\" rel=\"noopener\">MotoGP a Buenos Aires<\/a>, donde no corr\u00eda desde 1999 (en medio hubo nueve fechas en Termas de R\u00edo Hondo), fue una noticia completamente disruptiva. Al margen de las motos, que seguir\u00e1n contando con una de las paradas m\u00e1s lindas del campeonato, se habla de <strong>la remodelaci\u00f3n del Aut\u00f3dromo Oscar y Juan G\u00e1lvez<\/strong> y, en consecuencia, del sue\u00f1o de que la <strong><a href=\"https:\/\/www.ole.com.ar\/tema\/formula-1.html\" title=\"F\u00f3rmula 1\" alt=\"F\u00f3rmula 1\" class=\"slug\">F\u00f3rmula 1<\/a><\/strong> acelere nuevamente en el pa\u00eds, objetivo al que se apunta desde hace unos cuantos meses. Ahora bien, \u00bfqu\u00e9 tan probable es?<\/p>\n<\/div>\n<div class=\"custom-text \" readability=\"41\">\n<p>Los pol\u00edticos, quienes estuvieron en el circuito porte\u00f1o (Jorge Macri encabez\u00f3 el evento), no pusieron fecha ni hicieron sentencias en cuanto a la M\u00e1xima, pero hubo una figura que, aun callado, dijo much\u00edsimo tan solo con su presencia: <strong>Hermann Tilke, ingeniero que est\u00e1 a cargo del redise\u00f1o del trazado<\/strong> y que es la carta a la que recurre la categor\u00eda m\u00e1s importante del planeta cada vez que hay que remodelar o dibujar una pista desde cero.<\/p>\n<\/div>\n<div class=\"sc-e7b891c4-0 ifHnQL image-embed\"><img alt=\"Hermann Tilke, ingeniero alem\u00e1n a cargo del dise\u00f1o de muchos circuitos de F\u00f3rmula 1. (Red Bull)\" loading=\"lazy\" width=\"720\" height=\"100\" decoding=\"async\" data-nimg=\"1\" src=\"http:\/\/cordobadirecto.com\/wp-content\/uploads\/2025\/07\/diseno-mas-de-10-circuitos-de-formula-1-y-ahora-remodelara-el-galvez-quien-es-hermann-tilke.jpg\"><span class=\"epigraphe\">Hermann Tilke, ingeniero alem\u00e1n a cargo del dise\u00f1o de muchos circuitos de F\u00f3rmula 1. (Red Bull)<\/span><\/div>\n<p><h2>Los circuitos de la F\u00f3rmula 1 con los que trabaj\u00f3 Hermann Tilke<\/h2>\n<\/p>\n<div class=\"custom-text \" readability=\"55\">\n<p>En su historial hay varias remodelaciones importantes, como<strong> Red Bull Ring<\/strong>, en Austria, que fue efectuada entre 1995 y 1996 y un a\u00f1o despu\u00e9s recibi\u00f3 a la F\u00f3rmula 1, y <strong>Hockenheimring y Nurburgrin<\/strong>g, los circuitos m\u00e1s importantes de Alemania, que fueron actualizados y se volvieron una fija hasta su salida del calendario. Al margen de estos trazados tradicionales, cuyos casos podr\u00edan asemejarse a los del G\u00e1lvez (fue concebido en 1952 y, con baches, recibi\u00f3 a la F\u00f3rmula 1 hasta 1998)<strong>, el teut\u00f3n crane\u00f3 muchas de las pistas que dejaron su huella en la categor\u00eda<\/strong> y otras que al d\u00eda de hoy siguen estando: Sochi, Estambul, Corea del Sur, Sepang y Valencia, entre las que quedaron a un lado, y Bak\u00fa, COTA, Sakhir, Shanghai, Yas Marina y Jeddah, donde se contin\u00faa compitiendo.<\/p>\n<\/div>\n<div class=\"custom-text \" readability=\"40\">\n<p>Algunas veces <strong>criticado por sus dise\u00f1os<\/strong>, algo de lo que se defendi\u00f3 diciendo que ellos tienen que hacer su parte y que \u201cel reglamento debe hacer la suya para que los autos se rebasen\u201d, <strong>Tilke se refiri\u00f3 al caso puntual del G\u00e1lvez<\/strong>, que ya se comunic\u00f3 c\u00f3mo ser\u00e1 y cuyas obras comenzar\u00e1n en noviembre. \u201cTenemos algunas curvas lentas, medias y r\u00e1pidas. Es un muy buen dibujo\u201d, le coment\u00f3 a Carburando.<\/p>\n<\/div>\n<div class=\"sc-e7b891c4-0 ifHnQL image-embed\"><img alt=\"El dibujo nuevo del G\u00e1lvez. La zona del lago quedar\u00e1 marginada, al menos para MotoGP y una eventual F1.\" loading=\"lazy\" width=\"720\" height=\"100\" decoding=\"async\" data-nimg=\"1\" src=\"http:\/\/cordobadirecto.com\/wp-content\/uploads\/2025\/07\/diseno-mas-de-10-circuitos-de-formula-1-y-ahora-remodelara-el-galvez-quien-es-hermann-tilke-1.jpg\"><span class=\"epigraphe\">El dibujo nuevo del G\u00e1lvez. La zona del lago quedar\u00e1 marginada, al menos para MotoGP y una eventual F1.<\/span><\/div>\n<div class=\"custom-text \" readability=\"41\">\n<p>Al ser consultado por los sectores que cambiar\u00e1n, el alem\u00e1n explic\u00f3: \u201c<strong>Tiene que cambiar porque la tecnolog\u00eda avanza y necesit\u00e1s escapatorias&#8230; Pero es lo m\u00e1s parecido posible<\/strong>. Es nuevo, pero lo m\u00e1s similar posible al actual\u201d. En cuanto a la zona del Salotto, una de las partes m\u00e1s caracter\u00edsticas, concluy\u00f3: \u201cLa zona del lago estar\u00e1 conectada, por lo que seguir\u00e1 ah\u00ed, pero no ser\u00e1 utilizada por MotoGP ni por F\u00f3rmula 1.<strong> Es una zona muy r\u00e1pida y muy peligrosa para el MotoGP de estos d\u00edas<\/strong>\u201d.<\/p>\n<\/div>\n<div class=\"custom-text \" readability=\"38\">\n<p>Sin certezas acerca de si la F\u00f3rmula 1 volver\u00e1 a la Argentina, con Fabi\u00e1n Turnes, secretario de deportes de la Ciudad Aut\u00f3noma de Buenos Aires, dici\u00e9ndole a <strong>Ol\u00e9 <\/strong>que \u201cdepende m\u00e1s de la FIA que de nosotros\u201d, <strong>el involucramiento de Tilke suma una cuotita de esperanza.<\/strong><\/p>\n<\/div>\n<div class=\"sc-a7166897-0 eoLsBE\" readability=\"6.5\">\n<section readability=\"3\"><picture><img alt=\"Con la vuelta del MotoGP, Buenos Aires sue\u00f1a con la F\u00f3rmula 1: \u00bfqu\u00e9 se sabe?\" loading=\"lazy\" width=\"290\" height=\"290\" decoding=\"async\" data-nimg=\"1\" src=\"http:\/\/cordobadirecto.com\/wp-content\/uploads\/2025\/07\/diseno-mas-de-10-circuitos-de-formula-1-y-ahora-remodelara-el-galvez-quien-es-hermann-tilke-2.jpg\"><\/picture>\n<p><span>Mir\u00e1 tambi\u00e9n<\/span><\/p>\n<hr>\n<h3>Con la vuelta del MotoGP, Buenos Aires sue\u00f1a con la F\u00f3rmula 1: \u00bfqu\u00e9 se sabe?<\/h3>\n<\/p>\n<\/section>\n<\/div>\n<div class=\"sc-a7166897-0 eoLsBE\" readability=\"6\">\n<section readability=\"2\"><picture><img alt=\"La preparaci\u00f3n de Franco Colapinto junto a una leyenda del deporte argentino\" loading=\"lazy\" width=\"290\" height=\"290\" decoding=\"async\" data-nimg=\"1\" src=\"http:\/\/cordobadirecto.com\/wp-content\/uploads\/2025\/07\/diseno-mas-de-10-circuitos-de-formula-1-y-ahora-remodelara-el-galvez-quien-es-hermann-tilke-3.jpg\"><\/picture>\n<p><span>Mir\u00e1 tambi\u00e9n<\/span><\/p>\n<hr>\n<h3>La preparaci\u00f3n de Franco Colapinto junto a una leyenda del deporte argentino<\/h3>\n<\/p>\n<\/section>\n<\/div>\n<div class=\"sc-a7166897-0 eoLsBE\" readability=\"6\">\n<section readability=\"2\"><picture><img alt=\"A qu\u00e9 hora corre Franco Colapinto por el GP de B\u00e9lgica y d\u00f3nde ver por TV\" loading=\"lazy\" width=\"290\" height=\"290\" decoding=\"async\" data-nimg=\"1\" src=\"http:\/\/cordobadirecto.com\/wp-content\/uploads\/2025\/07\/diseno-mas-de-10-circuitos-de-formula-1-y-ahora-remodelara-el-galvez-quien-es-hermann-tilke-4.jpg\"><\/picture>\n<p><span>Mir\u00e1 tambi\u00e9n<\/span><\/p>\n<hr>\n<h3>A qu\u00e9 hora corre Franco Colapinto por el GP de B\u00e9lgica y d\u00f3nde ver por TV<\/h3>\n<\/p>\n<\/section>\n<\/div>\n<div class=\"sc-a7166897-0 eoLsBE\" readability=\"6\">\n<section readability=\"2\"><picture><img alt=\"Trivia Ol\u00e9: Franco Colapinto en el Gran Premio de B\u00e9lgica\" loading=\"lazy\" width=\"290\" height=\"290\" decoding=\"async\" data-nimg=\"1\" src=\"http:\/\/cordobadirecto.com\/wp-content\/uploads\/2025\/07\/diseno-mas-de-10-circuitos-de-formula-1-y-ahora-remodelara-el-galvez-quien-es-hermann-tilke-5.jpg\"><\/picture>\n<p><span>Mir\u00e1 tambi\u00e9n<\/span><\/p>\n<hr>\n<h3>Trivia Ol\u00e9: Franco Colapinto en el Gran Premio de B\u00e9lgica<\/h3>\n<\/p>\n<\/section>\n<\/div>\n<\/div>\n","protected":false},"excerpt":{"rendered":"<p>22\/07\/2025 21:21hs. El regreso del MotoGP a Buenos Aires, donde no corr\u00eda desde 1999 (en medio hubo nueve fechas en Termas de R\u00edo Hondo), fue una noticia completamente disruptiva. Al margen de las motos, que seguir\u00e1n contando con una de las paradas m\u00e1s lindas del campeonato, se habla de la remodelaci\u00f3n del Aut\u00f3dromo Oscar y [&hellip;]<\/p>\n","protected":false},"author":1,"featured_media":170977,"comment_status":"closed","ping_status":"closed","sticky":false,"template":"","format":"standard","meta":[],"categories":[21],"tags":[],"_links":{"self":[{"href":"http:\/\/cordobadirecto.com\/index.php\/wp-json\/wp\/v2\/posts\/170976"}],"collection":[{"href":"http:\/\/cordobadirecto.com\/index.php\/wp-json\/wp\/v2\/posts"}],"about":[{"href":"http:\/\/cordobadirecto.com\/index.php\/wp-json\/wp\/v2\/types\/post"}],"author":[{"embeddable":true,"href":"http:\/\/cordobadirecto.com\/index.php\/wp-json\/wp\/v2\/users\/1"}],"replies":[{"embeddable":true,"href":"http:\/\/cordobadirecto.com\/index.php\/wp-json\/wp\/v2\/comments?post=170976"}],"version-history":[{"count":0,"href":"http:\/\/cordobadirecto.com\/index.php\/wp-json\/wp\/v2\/posts\/170976\/revisions"}],"wp:featuredmedia":[{"embeddable":true,"href":"http:\/\/cordobadirecto.com\/index.php\/wp-json\/wp\/v2\/media\/170977"}],"wp:attachment":[{"href":"http:\/\/cordobadirecto.com\/index.php\/wp-json\/wp\/v2\/media?parent=170976"}],"wp:term":[{"taxonomy":"category","embeddable":true,"href":"http:\/\/cordobadirecto.com\/index.php\/wp-json\/wp\/v2\/categories?post=170976"},{"taxonomy":"post_tag","embeddable":true,"href":"http:\/\/cordobadirecto.com\/index.php\/wp-json\/wp\/v2\/tags?post=170976"}],"curies":[{"name":"wp","href":"https:\/\/api.w.org\/{rel}","templated":true}]}}