{"id":170978,"date":"2025-07-22T22:46:16","date_gmt":"2025-07-22T22:46:16","guid":{"rendered":"https:\/\/www.ole.com.ar\/autos\/franco-colapinto-gran-premio-belgica-formula-1-f1-dias-fechas-horarios-tv_0_skrjRzRu4J.html"},"modified":"2025-07-22T22:46:16","modified_gmt":"2025-07-22T22:46:16","slug":"a-que-hora-corre-franco-colapinto-por-el-gp-de-belgica-y-donde-ver-por-tv","status":"publish","type":"post","link":"http:\/\/cordobadirecto.com\/index.php\/2025\/07\/22\/a-que-hora-corre-franco-colapinto-por-el-gp-de-belgica-y-donde-ver-por-tv\/","title":{"rendered":"A qu\u00e9 hora corre Franco Colapinto por el GP de B\u00e9lgica y d\u00f3nde ver por TV"},"content":{"rendered":"<p><time class=\"createDate\" datetime=\"2025-07-22T19:46:16-03:00\">22\/07\/2025 19:46hs.<\/time><\/p>\n<div id=\"storyBody\">\n<div class=\"custom-text \" readability=\"32.994011976048\">\n<p>Tras Silverstone, donde <a href=\"https:\/\/www.ole.com.ar\/tema\/alpine.html\" title=\"Alpine\" alt=\"Alpine\" class=\"slug\">Alpine<\/a> volvi\u00f3 a sumar puntos debido al sexto puesto de <a href=\"https:\/\/www.ole.com.ar\/tema\/pierre-gasly.html\" title=\"Pierre Gasly\" alt=\"Pierre Gasly\" class=\"slug\">Pierre Gasly<\/a>, la<strong><a href=\"https:\/\/www.ole.com.ar\/tema\/formula-1.html\" title=\"F\u00f3rmula 1\" alt=\"F\u00f3rmula 1\" class=\"slug\"> F\u00f3rmula 1<\/a><\/strong> se prepara para disputar el <strong>Gran Premio de B\u00e9lgica<\/strong>. La decimotercera carrera de la temporada contar\u00e1 con la presencia de <strong><a href=\"https:\/\/www.ole.com.ar\/tema\/franco-colapinto.html\" title=\"Franco Colapinto\" alt=\"Franco Colapinto\" class=\"slug\">Franco Colapinto<\/a><\/strong>, quien <strong>buscar\u00e1 sumar sus primeros puntos<\/strong> con la escuder\u00eda gala en Spa-Francorchamps.<\/p>\n<\/div>\n<div class=\"custom-text \" readability=\"39\">\n<p>En suelo belga, el argentino tendr\u00e1 revancha de la \u00faltima jornada. En Inglaterra, estaba previsto que partiera desde el pitlane debido a cambios de componentes en su monoplaza, pero <strong>un fallo en la caja de cambios impidi\u00f3 que arrancara al momento de la largada<\/strong>. S\u00ed, el de Pilar estaba afuera de la competencia antes de que esta comenzara&#8230;<\/p>\n<\/div>\n<div class=\"sc-e7b891c4-0 ifHnQL image-embed\"><img alt=\"Colapinto no pudo arrancar la carrera en Silverstone. (@ColapintoFiles)\" loading=\"lazy\" width=\"720\" height=\"100\" decoding=\"async\" data-nimg=\"1\" src=\"http:\/\/cordobadirecto.com\/wp-content\/uploads\/2025\/07\/a-que-hora-corre-franco-colapinto-por-el-gp-de-belgica-y-donde-ver-por-tv.jpg\"><span class=\"epigraphe\">Colapinto no pudo arrancar la carrera en Silverstone. (@ColapintoFiles)<\/span><\/div>\n<div class=\"custom-text \" readability=\"39\">\n<p>Como peculiaridad, esta fecha <strong>tendr\u00e1 una carrera Sprint<\/strong> antes de la principal. Ser\u00e1 <strong>la tercera ocasi\u00f3n en la que Colapinto corra bajo este formato<\/strong> introducido en 2021. La primera vez ocurri\u00f3 en el <strong>Gran Premio de Estados Unidos<\/strong> del a\u00f1o pasado, y la segunda fue dos carreras despu\u00e9s, en <strong>Brasil<\/strong>, quedando <strong>12\u00b0<\/strong> en ambas oportunidades bajo la tutela de Williams.<\/p>\n<\/div>\n<p><h2>Cu\u00e1ndo corre Colapinto en el GP de B\u00e9lgica, d\u00f3nde verlo y c\u00f3mo sigue la F1<\/h2>\n<\/p>\n<div class=\"custom-text \" readability=\"42\">\n<p>La actividad comenzar\u00e1 el <strong>viernes 25 de julio<\/strong> con la primera y \u00fanica pr\u00e1ctica libre a partir de las <strong>7.30<\/strong> y m\u00e1s tarde, a las <strong>11.30<\/strong>, se realizar\u00e1 el<strong> <\/strong>Sprint Shootout (la clasificaci\u00f3n para la Sprint). El <strong>s\u00e1bado 26<\/strong>, desde las <strong>7.00<\/strong>, se llevar\u00e1 a cabo la carrera corta, mientras que desde las <strong>11<\/strong> ser\u00e1 la qualy principal. Por \u00faltimo, el <strong>domingo 27 <\/strong>cerrar\u00e1 la acci\u00f3n con el evento principal, que largar\u00e1 a las <strong>10<\/strong>. Todo se podr\u00e1 ver en vivo a trav\u00e9s de la plataforma de streaming <strong>Disney+ Premium<\/strong> y en <strong>Fox Sports<\/strong>.<\/p>\n<\/div>\n<div class=\"custom-text \" readability=\"40\">\n<p>Tras el GP de B\u00e9lgica,<strong> vendr\u00e1 el de Hungr\u00eda<\/strong>, disputado tan solo una semana despu\u00e9s en el trazado de Hungaroring, y entonces comenzar\u00e1 el parate veraniego. <strong>Casi un mes despu\u00e9s, la M\u00e1xima volver\u00e1<\/strong> a pisar el acelerador <strong>en Pa\u00edses Bajos<\/strong> y el campeonato no se detendr\u00e1 hasta<strong> Abu Dhabi<\/strong>, donde concluir\u00e1 al igual que el a\u00f1o pasado.<\/p>\n<\/div>\n<div class=\"sc-e7b891c4-0 ifHnQL image-embed\"><img alt=\"Despu\u00e9s de B\u00e9lgica, sigue Hungr\u00eda. (REUTERS\/Marton Monus)\" loading=\"lazy\" width=\"720\" height=\"100\" decoding=\"async\" data-nimg=\"1\" src=\"http:\/\/cordobadirecto.com\/wp-content\/uploads\/2025\/07\/a-que-hora-corre-franco-colapinto-por-el-gp-de-belgica-y-donde-ver-por-tv-1.jpg\"><span class=\"epigraphe\">Despu\u00e9s de B\u00e9lgica, sigue Hungr\u00eda. (REUTERS\/Marton Monus)<\/span><\/div>\n<p><h2>En limpio, el cronograma de Colapinto en B\u00e9lgica<\/h2>\n<\/p>\n<p><h3>Viernes 25 de julio<\/h3>\n<\/p>\n<div class=\"custom-text \">\n<ul>\n<li>Pr\u00e1ctica libre : 7.30.<\/li>\n<li>Sprint Shootout: 11.30.<\/li>\n<\/ul>\n<\/div>\n<p><h3>S\u00e1bado 26<\/h3>\n<\/p>\n<div class=\"custom-text \">\n<ul>\n<li>Carrera Sprint: 7.<\/li>\n<li>Clasificaci\u00f3n: 11.<\/li>\n<\/ul>\n<\/div>\n<p><h3>Domingo 27<\/h3>\n<\/p>\n<div class=\"custom-text \">\n<ul>\n<li>Carrera principal: 10.<\/li>\n<\/ul>\n<\/div>\n<div class=\"sc-a7166897-0 eoLsBE\" readability=\"6.5\">\n<section readability=\"3\"><picture><img alt=\"Se viene el Gran Premio de B\u00e9lgica y Alpine ya lo palpita con un pleno de Franco Colapinto en redes\" loading=\"lazy\" width=\"290\" height=\"290\" decoding=\"async\" data-nimg=\"1\" src=\"http:\/\/cordobadirecto.com\/wp-content\/uploads\/2025\/07\/a-que-hora-corre-franco-colapinto-por-el-gp-de-belgica-y-donde-ver-por-tv-2.jpg\"><\/picture>\n<p><span>Mir\u00e1 tambi\u00e9n<\/span><\/p>\n<hr>\n<h3>Se viene el Gran Premio de B\u00e9lgica y Alpine ya lo palpita con un pleno de Franco Colapinto en redes<\/h3>\n<\/p>\n<\/section>\n<\/div>\n<div class=\"sc-a7166897-0 eoLsBE\" readability=\"6\">\n<section readability=\"2\"><picture><img alt=\"Trivia Ol\u00e9: Franco Colapinto en el Gran Premio de B\u00e9lgica\" loading=\"lazy\" width=\"290\" height=\"290\" decoding=\"async\" data-nimg=\"1\" src=\"http:\/\/cordobadirecto.com\/wp-content\/uploads\/2025\/07\/a-que-hora-corre-franco-colapinto-por-el-gp-de-belgica-y-donde-ver-por-tv-3.jpg\"><\/picture>\n<p><span>Mir\u00e1 tambi\u00e9n<\/span><\/p>\n<hr>\n<h3>Trivia Ol\u00e9: Franco Colapinto en el Gran Premio de B\u00e9lgica<\/h3>\n<\/p>\n<\/section>\n<\/div>\n<div class=\"sc-a7166897-0 eoLsBE\" readability=\"6.5\">\n<section readability=\"3\"><picture><img alt=\"Con la vuelta del MotoGP, Buenos Aires sue\u00f1a con la F\u00f3rmula 1: \u00bfqu\u00e9 se sabe?\" loading=\"lazy\" width=\"290\" height=\"290\" decoding=\"async\" data-nimg=\"1\" src=\"http:\/\/cordobadirecto.com\/wp-content\/uploads\/2025\/07\/a-que-hora-corre-franco-colapinto-por-el-gp-de-belgica-y-donde-ver-por-tv-4.jpg\"><\/picture>\n<p><span>Mir\u00e1 tambi\u00e9n<\/span><\/p>\n<hr>\n<h3>Con la vuelta del MotoGP, Buenos Aires sue\u00f1a con la F\u00f3rmula 1: \u00bfqu\u00e9 se sabe?<\/h3>\n<\/p>\n<\/section>\n<\/div>\n<\/div>\n","protected":false},"excerpt":{"rendered":"<p>22\/07\/2025 19:46hs. Tras Silverstone, donde Alpine volvi\u00f3 a sumar puntos debido al sexto puesto de Pierre Gasly, la F\u00f3rmula 1 se prepara para disputar el Gran Premio de B\u00e9lgica. La decimotercera carrera de la temporada contar\u00e1 con la presencia de Franco Colapinto, quien buscar\u00e1 sumar sus primeros puntos con la escuder\u00eda gala en Spa-Francorchamps. En [&hellip;]<\/p>\n","protected":false},"author":1,"featured_media":170979,"comment_status":"closed","ping_status":"closed","sticky":false,"template":"","format":"standard","meta":[],"categories":[21],"tags":[],"_links":{"self":[{"href":"http:\/\/cordobadirecto.com\/index.php\/wp-json\/wp\/v2\/posts\/170978"}],"collection":[{"href":"http:\/\/cordobadirecto.com\/index.php\/wp-json\/wp\/v2\/posts"}],"about":[{"href":"http:\/\/cordobadirecto.com\/index.php\/wp-json\/wp\/v2\/types\/post"}],"author":[{"embeddable":true,"href":"http:\/\/cordobadirecto.com\/index.php\/wp-json\/wp\/v2\/users\/1"}],"replies":[{"embeddable":true,"href":"http:\/\/cordobadirecto.com\/index.php\/wp-json\/wp\/v2\/comments?post=170978"}],"version-history":[{"count":0,"href":"http:\/\/cordobadirecto.com\/index.php\/wp-json\/wp\/v2\/posts\/170978\/revisions"}],"wp:featuredmedia":[{"embeddable":true,"href":"http:\/\/cordobadirecto.com\/index.php\/wp-json\/wp\/v2\/media\/170979"}],"wp:attachment":[{"href":"http:\/\/cordobadirecto.com\/index.php\/wp-json\/wp\/v2\/media?parent=170978"}],"wp:term":[{"taxonomy":"category","embeddable":true,"href":"http:\/\/cordobadirecto.com\/index.php\/wp-json\/wp\/v2\/categories?post=170978"},{"taxonomy":"post_tag","embeddable":true,"href":"http:\/\/cordobadirecto.com\/index.php\/wp-json\/wp\/v2\/tags?post=170978"}],"curies":[{"name":"wp","href":"https:\/\/api.w.org\/{rel}","templated":true}]}}