{"id":170991,"date":"2025-07-23T17:55:46","date_gmt":"2025-07-23T17:55:46","guid":{"rendered":"https:\/\/cordoba.gob.ar\/?p=79550"},"modified":"2025-07-23T17:55:46","modified_gmt":"2025-07-23T17:55:46","slug":"un-sanguche-y-una-media-discuten-en-el-bano-muestra-sobre-humor-grafico-argentino-contemporaneo","status":"publish","type":"post","link":"http:\/\/cordobadirecto.com\/index.php\/2025\/07\/23\/un-sanguche-y-una-media-discuten-en-el-bano-muestra-sobre-humor-grafico-argentino-contemporaneo\/","title":{"rendered":"\u201cUn sanguche y una media discuten en el ba\u00f1o\u201d: muestra sobre humor gr\u00e1fico argentino contempor\u00e1neo"},"content":{"rendered":"<div><img src=\"http:\/\/cordobadirecto.com\/wp-content\/uploads\/2025\/07\/un-sanguche-y-una-media-discuten-en-el-bano-muestra-sobre-humor-grafico-argentino-contemporaneo.jpg\" class=\"ff-og-image-inserted\"><\/div>\n<hr>\n<p data-prosemirror-content-type=\"node\" data-prosemirror-node-name=\"paragraph\" data-prosemirror-node-block=\"true\">El Centro Cultural Espa\u00f1a C\u00f3rdoba (Entre R\u00edos 40) presenta <em data-prosemirror-content-type=\"mark\" data-prosemirror-mark-name=\"em\">\u201cUn sanguche y una media discuten en el ba\u00f1o\u201d<\/em>, una muestra que re\u00fane a 12 autores de distintos sitios del pa\u00eds que exploran el humor gr\u00e1fico desde una diversidad de lenguajes, soportes y registros. La cita es este jueves 24, a las 18.30, con entrada libre y gratuita.<\/p>\n<p data-prosemirror-content-type=\"node\" data-prosemirror-node-name=\"paragraph\" data-prosemirror-node-block=\"true\">Durante la actividad, el p\u00fablico podr\u00e1 disfrutar de una charla inaugural de lujo: \u201cLa risa dibujada\u201d, con Flora M\u00e1rquez y Sergio Mas, moderada por Diego Galv\u00e1n. Un di\u00e1logo para conocer m\u00e1s sobre la propuesta, conectar con la tradici\u00f3n del g\u00e9nero humor gr\u00e1fico en Argentina y abrir una mirada cordobesa sobre el presente de este lenguaje.<\/p>\n<p data-prosemirror-content-type=\"node\" data-prosemirror-node-name=\"paragraph\" data-prosemirror-node-block=\"true\">La muestra celebra la potencia expresiva: desde el gag cl\u00e1sico hasta la tira con personajes, desde el dibujo artesanal hasta el memeo gr\u00e1fico (creaci\u00f3n y difusi\u00f3n de memes para transmitir un mensaje humor\u00edstico, ir\u00f3nico o sat\u00edrico), atravesando el v\u00eddeo y la autobiograf\u00eda visual.<\/p>\n<p data-prosemirror-content-type=\"node\" data-prosemirror-node-name=\"paragraph\" data-prosemirror-node-block=\"true\">En esta itinerancia de la muestra en C\u00f3rdoba, el CCEC propone sumar una serie de actividades paralelas que ampl\u00eden y enriquezcan la experiencia expositiva desde una perspectiva local.<\/p>\n<p data-prosemirror-content-type=\"node\" data-prosemirror-node-name=\"paragraph\" data-prosemirror-node-block=\"true\">La muestra se podr\u00e1 visitar hasta el 30 de septiembre, con entrada libre y gratuita.<\/p>\n<p data-prosemirror-content-type=\"node\" data-prosemirror-node-name=\"paragraph\" data-prosemirror-node-block=\"true\"><strong data-prosemirror-content-type=\"mark\" data-prosemirror-mark-name=\"strong\">Conoc\u00e9 las actividades en el marco de la muestra:<\/strong><\/p>\n<p data-prosemirror-content-type=\"node\" data-prosemirror-node-name=\"paragraph\" data-prosemirror-node-block=\"true\">Conversaci\u00f3n introductoria con mirada cordobesa sobre la muestra de humor gr\u00e1fico argentino contempor\u00e1neo. Un di\u00e1logo para contextualizar la muestra, conectar con la tradici\u00f3n del humor gr\u00e1fico en Argentina y abrir una mirada cordobesa sobre el presente de este lenguaje.<\/p>\n<p data-prosemirror-content-type=\"node\" data-prosemirror-node-name=\"paragraph\" data-prosemirror-node-block=\"true\">Se abordar\u00e1n los v\u00ednculos entre pol\u00edtica, medios, cultura digital y dibujo humor\u00edstico, con aportes desde diferentes trayectorias profesionales y art\u00edsticas. Participan: Flora Marqu\u00e9s (artista que forma parte de la exposici\u00f3n) y Sergio M\u00e1s (uno de los mayores referentes del humor gr\u00e1fico en C\u00f3rdoba). Modera: Diego Galv\u00e1n Pedernera (ha coordinado varios ciclos de comics\/historietas\/humor gr\u00e1fico en nuestro centro).<\/p>\n<p data-prosemirror-content-type=\"node\" data-prosemirror-node-name=\"paragraph\" data-prosemirror-node-block=\"true\">Coordinado por Sergio M\u00e1s, este taller ofrece un acercamiento al humor gr\u00e1fico como lenguaje y herramienta cr\u00edtica. A lo largo de dos jornadas, se recorrer\u00e1n referencias clave del g\u00e9nero, sus principales recursos expresivos y su evoluci\u00f3n a trav\u00e9s de revistas, autores y escenas hist\u00f3ricas.<\/p>\n<p data-prosemirror-content-type=\"node\" data-prosemirror-node-name=\"paragraph\" data-prosemirror-node-block=\"true\">Adem\u00e1s, les participantes podr\u00e1n producir sus propias piezas de humor gr\u00e1fico con acompa\u00f1amiento del docente. No se requieren conocimientos previos.<\/p>\n<p data-prosemirror-content-type=\"node\" data-prosemirror-node-name=\"paragraph\" data-prosemirror-node-block=\"true\">Esta charla propone un cruce generacional y de soportes: Chumbi, reconocido humorista gr\u00e1fico de La Voz del Interior. y C\u00e9sar Agite, autor emergente de fuerte presencia en redes sociales, conversan sobre los cambios en la producci\u00f3n y circulaci\u00f3n del humor gr\u00e1fico.<\/p>\n<p data-prosemirror-content-type=\"node\" data-prosemirror-node-name=\"paragraph\" data-prosemirror-node-block=\"true\">\u00bfQu\u00e9 se gana y qu\u00e9 se pierde en la transici\u00f3n del papel al timeline? \u00bfC\u00f3mo dialogan los lenguajes tradicionales con los nuevos c\u00f3digos de internet? Un encuentro para reflexionar sobre lo que permanece y lo que se transforma.<\/p>\n<p data-prosemirror-content-type=\"node\" data-prosemirror-node-name=\"paragraph\" data-prosemirror-node-block=\"true\">Modera Nico Brondo (historietista, ilustrador y editor).<\/p>\n","protected":false},"excerpt":{"rendered":"<p>El Centro Cultural Espa\u00f1a C\u00f3rdoba (Entre R\u00edos 40) presenta \u201cUn sanguche y una media discuten en el ba\u00f1o\u201d, una muestra que re\u00fane a 12 autores de distintos sitios del pa\u00eds que exploran el humor gr\u00e1fico desde una diversidad de lenguajes, soportes y registros. La cita es este jueves 24, a las 18.30, con entrada libre [&hellip;]<\/p>\n","protected":false},"author":1,"featured_media":170992,"comment_status":"closed","ping_status":"closed","sticky":false,"template":"","format":"standard","meta":[],"categories":[44],"tags":[],"_links":{"self":[{"href":"http:\/\/cordobadirecto.com\/index.php\/wp-json\/wp\/v2\/posts\/170991"}],"collection":[{"href":"http:\/\/cordobadirecto.com\/index.php\/wp-json\/wp\/v2\/posts"}],"about":[{"href":"http:\/\/cordobadirecto.com\/index.php\/wp-json\/wp\/v2\/types\/post"}],"author":[{"embeddable":true,"href":"http:\/\/cordobadirecto.com\/index.php\/wp-json\/wp\/v2\/users\/1"}],"replies":[{"embeddable":true,"href":"http:\/\/cordobadirecto.com\/index.php\/wp-json\/wp\/v2\/comments?post=170991"}],"version-history":[{"count":0,"href":"http:\/\/cordobadirecto.com\/index.php\/wp-json\/wp\/v2\/posts\/170991\/revisions"}],"wp:featuredmedia":[{"embeddable":true,"href":"http:\/\/cordobadirecto.com\/index.php\/wp-json\/wp\/v2\/media\/170992"}],"wp:attachment":[{"href":"http:\/\/cordobadirecto.com\/index.php\/wp-json\/wp\/v2\/media?parent=170991"}],"wp:term":[{"taxonomy":"category","embeddable":true,"href":"http:\/\/cordobadirecto.com\/index.php\/wp-json\/wp\/v2\/categories?post=170991"},{"taxonomy":"post_tag","embeddable":true,"href":"http:\/\/cordobadirecto.com\/index.php\/wp-json\/wp\/v2\/tags?post=170991"}],"curies":[{"name":"wp","href":"https:\/\/api.w.org\/{rel}","templated":true}]}}