{"id":171030,"date":"2025-07-23T14:07:36","date_gmt":"2025-07-23T14:07:36","guid":{"rendered":"https:\/\/www.ole.com.ar\/autos\/video-franco-colapinto-alpine-recorre-circuito-spa-gran-premio-belgica-formula-1_0_FGYXEzIbUX.html"},"modified":"2025-07-23T14:07:36","modified_gmt":"2025-07-23T14:07:36","slug":"video-recorre-con-colapinto-el-circuito-de-spa","status":"publish","type":"post","link":"http:\/\/cordobadirecto.com\/index.php\/2025\/07\/23\/video-recorre-con-colapinto-el-circuito-de-spa\/","title":{"rendered":"Video: recorr\u00e9 con Colapinto el circuito de Spa"},"content":{"rendered":"<p><time class=\"createDate\" datetime=\"2025-07-23T11:07:36-03:00\">23\/07\/2025 11:07hs.<\/time><\/p>\n<div id=\"storyBody\">\n<div class=\"custom-text \" readability=\"34.485549132948\">\n<p>En busca de sumar sus primeros puntos con <strong><a href=\"https:\/\/www.ole.com.ar\/tema\/alpine.html\" title=\"Alpine\" alt=\"Alpine\" class=\"slug\">Alpine<\/a><\/strong>, algo que intentrar\u00e1 hacer en el <strong>GP de B\u00e9lgica<\/strong> durante el pr\u00f3ximo fin de semana, <strong><a href=\"https:\/\/www.ole.com.ar\/tema\/franco-colapinto.html\" title=\"Franco Colapinto\" alt=\"Franco Colapinto\" class=\"slug\">Franco Colapinto<\/a><\/strong> aprovech\u00f3 una de sus pruebas de simulador para <strong>mostrar el recorrido y las claves del circuito de<\/strong> <strong>Spa<\/strong>, el cual defini\u00f3 como <strong>&#8220;uno de los mejores en los que se puede manejar un auto de <a href=\"https:\/\/www.ole.com.ar\/tema\/formula-1.html\" title=\"F\u00f3rmula 1\" alt=\"F\u00f3rmula 1\" class=\"slug\">F\u00f3rmula 1<\/a>&#8220;<\/strong>.<\/p>\n<\/div>\n<div class=\"custom-text \" readability=\"35\">\n<p>El video comienza con el argentino meti\u00e9ndose en la cabina del simulador y largando dentro de este GP. <strong>&#8220;Es importante empezar la vuelta muy bien para poder abrir r\u00e1pido el DRS<\/strong>. La primera curva hay que agarrarla muy muy despacio y tener cuidado con la tracci\u00f3n&#8221;, cont\u00f3 Colapa mientras manejaba. <\/p>\n<\/div>\n<div class=\"sc-e7b891c4-0 ifHnQL image-embed\"><img alt=\"El mensaje de Alpine antes del GP de B\u00e9lgica. (Foto: Alpine)\" loading=\"lazy\" width=\"720\" height=\"100\" decoding=\"async\" data-nimg=\"1\" src=\"http:\/\/cordobadirecto.com\/wp-content\/uploads\/2025\/07\/video-recorre-con-colapinto-el-circuito-de-spa.jpg\"><span class=\"epigraphe\">El mensaje de Alpine antes del GP de B\u00e9lgica. (Foto: Alpine)<\/span><\/div>\n<div class=\"custom-text \" readability=\"41\">\n<p>A su vez, habl\u00f3 de una de las zonas m\u00e1s ic\u00f3nicas de este circuito de Spa y dijo: &#8220;Despu\u00e9s viene la curva <strong>Eau Rouge<\/strong>, que es la curva m\u00e1s conocida en el mundo del automovilismo. <strong>Es incre\u00edble lo que los pilotos sentimos cuando la agarramos<\/strong>. Antes hay una linda combinaci\u00f3n de derecha, izquierda, derecha, la cual se agarra muy muy r\u00e1pido. Y despu\u00e9s s\u00ed viene la mejor curva del circuito, porque <strong>es muy r\u00e1pida y muy linda para manejar y llegar al l\u00edmite&#8221;<\/strong>.<\/p>\n<\/div>\n<div class=\"sc-e7b891c4-0 ifHnQL image-embed\"><img alt=\"Colapinto con la ropa de Alpine (Reuters).\" loading=\"lazy\" width=\"720\" height=\"100\" decoding=\"async\" data-nimg=\"1\" src=\"http:\/\/cordobadirecto.com\/wp-content\/uploads\/2025\/07\/video-recorre-con-colapinto-el-circuito-de-spa-1.jpg\"><span class=\"epigraphe\">Colapinto con la ropa de Alpine (Reuters).<\/span><\/div>\n<p><h2><strong>Video: Colapinto recorri\u00f3 el circuito de SPA<\/strong><\/h2>\n<\/p>\n<div class=\"sc-3c5a76cc-1 idjLTd\">\n<div class=\"sc-d00d9e74-0 hnHYbk\" type=\"embed\">\n<div class=\"sc-d00d9e74-1 iKVbz videoText\" id=\"contentTitleembeddY3YUvgN\" type=\"embed\"><svg fill=\"#ffffff\"><symbol id=\"play\" viewBox=\"0 0 512 512\"><path d=\"M512 256C512 397.4 397.4 512 256 512C114.6 512 0 397.4 0 256C0 114.6 114.6 0 256 0C397.4 0 512 114.6 512 256zM176 168V344C176 352.7 180.7 360.7 188.3 364.9C195.8 369.2 205.1 369 212.5 364.5L356.5 276.5C363.6 272.1 368 264.4 368 256C368 247.6 363.6 239.9 356.5 235.5L212.5 147.5C205.1 142.1 195.8 142.8 188.3 147.1C180.7 151.3 176 159.3 176 168V168z\" \/><\/symbol><use xlink:href=\"#play\" \/><\/svg><\/p>\n<div class=\"right\">\n<p>Franco Colapinto<!-- --> &#8211; <span>&nbsp;<\/span><\/p>\n<h2 class=\"title-vid\">Recorr\u00e9 con Colapinto el circuito de Spa<\/h2>\n<\/div>\n<\/div>\n<p><span class=\"back\" id=\"spanBackembeddY3YUvgN\"><\/span><\/div>\n<div class=\"JWvideoNota_title\">\n<p>Video: Alpine.<\/p>\n<\/div>\n<\/div>\n<p><h2><strong>Franco Colapinto correr\u00e1 una carrera sprint por primera vez desde que est\u00e1 en Alpine<\/strong><\/h2>\n<\/p>\n<div class=\"custom-text \" readability=\"35\">\n<p>El circuito de Spa-Francorchamps <strong>tiene sprint, es decir, una carrera reducida que se corre el s\u00e1bado<\/strong> a menos vueltas y define la grilla de largada del domingo.<\/p>\n<\/div>\n<div class=\"custom-text \" readability=\"38\">\n<p>El dato atrapante es que, adem\u00e1s, <strong>esta minicarrera da puntos para el campeonato<\/strong>, situaci\u00f3n que beneficiar\u00eda mucho a la escuder\u00eda francesa, que lucha para salir del fondo de la tabla de posiciones en la vigente temporada.<\/p>\n<\/div>\n<div class=\"sc-e7b891c4-0 ifHnQL image-embed\"><img alt=\"Colapinto en su Alpine (EFE).\" loading=\"lazy\" width=\"720\" height=\"100\" decoding=\"async\" data-nimg=\"1\" src=\"http:\/\/cordobadirecto.com\/wp-content\/uploads\/2025\/07\/video-recorre-con-colapinto-el-circuito-de-spa-2.jpg\"><span class=\"epigraphe\">Colapinto en su Alpine (EFE).<\/span><\/div>\n<div class=\"custom-text \" readability=\"32.186666666667\">\n<p>Aunque Colapinto corri\u00f3 este tipo de formato en tres oportunidades con <strong><a href=\"https:\/\/www.ole.com.ar\/tema\/williams.html\" title=\"Williams\" alt=\"Williams\" class=\"slug\">Williams<\/a><\/strong>, <strong>esta ser\u00e1 la primera vez que lo har\u00e1 como representante de Alpine<\/strong>.<\/p>\n<\/div>\n<div class=\"custom-text \" readability=\"38\">\n<p>Hasta el momento, el piloto argentino <strong>compiti\u00f3 en tres de estas en 2024<\/strong>. Su mejor performance la mostr\u00f3 en Estados Unidos y Brasil, donde se ubic\u00f3 en la 12\u00b0 posici\u00f3n en ambas oportunidades. Luego, m\u00e1s precisamente en Qatar, logr\u00f3 el 18\u00b0 puesto.<\/p>\n<\/div>\n<div class=\"sc-a7166897-0 eoLsBE\" readability=\"6.5\">\n<section readability=\"3\"><picture><img alt=\"El mensaje motivacional de Alpine para Franco Colapinto y Pierre Gasly antes del GP de B\u00e9lgica \" loading=\"lazy\" width=\"290\" height=\"290\" decoding=\"async\" data-nimg=\"1\" src=\"http:\/\/cordobadirecto.com\/wp-content\/uploads\/2025\/07\/video-recorre-con-colapinto-el-circuito-de-spa-3.jpg\"><\/picture>\n<p><span>Mir\u00e1 tambi\u00e9n<\/span><\/p>\n<hr>\n<h3>El mensaje motivacional de Alpine para Franco Colapinto y Pierre Gasly antes del GP de B\u00e9lgica <\/h3>\n<\/p>\n<\/section>\n<\/div>\n<div class=\"sc-a7166897-0 eoLsBE\" readability=\"6.5\">\n<section readability=\"3\"><picture><img alt=\"Dise\u00f1\u00f3 m\u00e1s de 10 circuitos de F\u00f3rmula 1 y ahora remodelar\u00e1 el G\u00e1lvez: qui\u00e9n es Hermann Tilke\" loading=\"lazy\" width=\"290\" height=\"290\" decoding=\"async\" data-nimg=\"1\" src=\"http:\/\/cordobadirecto.com\/wp-content\/uploads\/2025\/07\/video-recorre-con-colapinto-el-circuito-de-spa-4.jpg\"><\/picture>\n<p><span>Mir\u00e1 tambi\u00e9n<\/span><\/p>\n<hr>\n<h3>Dise\u00f1\u00f3 m\u00e1s de 10 circuitos de F\u00f3rmula 1 y ahora remodelar\u00e1 el G\u00e1lvez: qui\u00e9n es Hermann Tilke<\/h3>\n<\/p>\n<\/section>\n<\/div>\n<div class=\"sc-a7166897-0 eoLsBE\" readability=\"6\">\n<section readability=\"2\"><picture><img alt=\"A qu\u00e9 hora corre Franco Colapinto por el GP de B\u00e9lgica y d\u00f3nde ver por TV\" loading=\"lazy\" width=\"290\" height=\"290\" decoding=\"async\" data-nimg=\"1\" src=\"http:\/\/cordobadirecto.com\/wp-content\/uploads\/2025\/07\/video-recorre-con-colapinto-el-circuito-de-spa-5.jpg\"><\/picture>\n<p><span>Mir\u00e1 tambi\u00e9n<\/span><\/p>\n<hr>\n<h3>A qu\u00e9 hora corre Franco Colapinto por el GP de B\u00e9lgica y d\u00f3nde ver por TV<\/h3>\n<\/p>\n<\/section>\n<\/div>\n<\/div>\n","protected":false},"excerpt":{"rendered":"<p>23\/07\/2025 11:07hs. En busca de sumar sus primeros puntos con Alpine, algo que intentrar\u00e1 hacer en el GP de B\u00e9lgica durante el pr\u00f3ximo fin de semana, Franco Colapinto aprovech\u00f3 una de sus pruebas de simulador para mostrar el recorrido y las claves del circuito de Spa, el cual defini\u00f3 como &#8220;uno de los mejores en [&hellip;]<\/p>\n","protected":false},"author":1,"featured_media":171031,"comment_status":"closed","ping_status":"closed","sticky":false,"template":"","format":"standard","meta":[],"categories":[21],"tags":[],"_links":{"self":[{"href":"http:\/\/cordobadirecto.com\/index.php\/wp-json\/wp\/v2\/posts\/171030"}],"collection":[{"href":"http:\/\/cordobadirecto.com\/index.php\/wp-json\/wp\/v2\/posts"}],"about":[{"href":"http:\/\/cordobadirecto.com\/index.php\/wp-json\/wp\/v2\/types\/post"}],"author":[{"embeddable":true,"href":"http:\/\/cordobadirecto.com\/index.php\/wp-json\/wp\/v2\/users\/1"}],"replies":[{"embeddable":true,"href":"http:\/\/cordobadirecto.com\/index.php\/wp-json\/wp\/v2\/comments?post=171030"}],"version-history":[{"count":0,"href":"http:\/\/cordobadirecto.com\/index.php\/wp-json\/wp\/v2\/posts\/171030\/revisions"}],"wp:featuredmedia":[{"embeddable":true,"href":"http:\/\/cordobadirecto.com\/index.php\/wp-json\/wp\/v2\/media\/171031"}],"wp:attachment":[{"href":"http:\/\/cordobadirecto.com\/index.php\/wp-json\/wp\/v2\/media?parent=171030"}],"wp:term":[{"taxonomy":"category","embeddable":true,"href":"http:\/\/cordobadirecto.com\/index.php\/wp-json\/wp\/v2\/categories?post=171030"},{"taxonomy":"post_tag","embeddable":true,"href":"http:\/\/cordobadirecto.com\/index.php\/wp-json\/wp\/v2\/tags?post=171030"}],"curies":[{"name":"wp","href":"https:\/\/api.w.org\/{rel}","templated":true}]}}