{"id":171032,"date":"2025-07-23T12:11:42","date_gmt":"2025-07-23T12:11:42","guid":{"rendered":"https:\/\/www.ole.com.ar\/autos\/franco-colapinto-alpine-mensaje-aliento-gp-belgica_0_aalN558jjl.html"},"modified":"2025-07-23T12:11:42","modified_gmt":"2025-07-23T12:11:42","slug":"el-mensaje-motivacional-de-alpine-para-franco-colapinto-y-pierre-gasly-antes-del-gp-de-belgica","status":"publish","type":"post","link":"http:\/\/cordobadirecto.com\/index.php\/2025\/07\/23\/el-mensaje-motivacional-de-alpine-para-franco-colapinto-y-pierre-gasly-antes-del-gp-de-belgica\/","title":{"rendered":"El mensaje motivacional de Alpine para Franco Colapinto y Pierre Gasly antes del GP de B\u00e9lgica"},"content":{"rendered":"<p><time class=\"createDate\" datetime=\"2025-07-23T09:11:42-03:00\">23\/07\/2025 09:11hs.<\/time><\/p>\n<div id=\"storyBody\">\n<div class=\"custom-text \" readability=\"33.522727272727\">\n<p>Con tan solo 19 puntos en 12 carreras, <strong><a href=\"https:\/\/www.ole.com.ar\/tema\/alpine.html\" title=\"Alpine\" alt=\"Alpine\" class=\"slug\">Alpine<\/a> <\/strong>marcha \u00faltimo en el campeonato de constructores de la F\u00f3rmula 1. Sin embargo, quiere dar el golpe en el <strong><a href=\"https:\/\/www.ole.com.ar\/autos\/franco-colapinto-gran-premio-belgica-formula-1-f1-dias-fechas-horarios-tv_0_skrjRzRu4J.html\" title=\"Gran Premio de B\u00e9lgica\" alt=\"Gran Premio de B\u00e9lgica\">Gran Premio de B\u00e9lgica<\/a><\/strong>, donde <strong><a href=\"https:\/\/www.ole.com.ar\/tema\/franco-colapinto.html\" title=\"Franco Colapinto\" alt=\"Franco Colapinto\" class=\"slug\">Franco Colapinto<\/a> <\/strong>y <strong><a href=\"https:\/\/www.ole.com.ar\/tema\/pierre-gasly.html\" target=\"_blank\" title=\"Pierre Gasly\" alt=\"Pierre Gasly\" class=\"slug\" rel=\"noopener\">Pierre Gasly<\/a><\/strong> lo dar\u00e1n todo para volver a sumar. Por lo tanto, horas antes de salir a competir, el equipo les dedic\u00f3 un sentido mensaje motivacional.<\/p>\n<\/div>\n<div class=\"custom-text \" readability=\"37\">\n<p>&#8220;<strong>No hay lugar como el Spa, tenemos historia aqu\u00ed<\/strong>&#8220;, asegur\u00f3 la escuder\u00eda en sus redes sociales. M\u00e1s tarde, reconoci\u00f3: &#8220;Estamos emocionados de estar de vuelta corriendo por el bosque de las Ardenas&#8221;.<\/p>\n<\/div>\n<div class=\"sc-e7b891c4-0 ifHnQL image-embed\"><img alt=\"El mensaje de Alpine antes del GP de B\u00e9lgica. (FOTO: Alpine)\" loading=\"lazy\" width=\"720\" height=\"100\" decoding=\"async\" data-nimg=\"1\" src=\"http:\/\/cordobadirecto.com\/wp-content\/uploads\/2025\/07\/el-mensaje-motivacional-de-alpine-para-franco-colapinto-y-pierre-gasly-antes-del-gp-de-belgica.jpg\"><span class=\"epigraphe\">El mensaje de Alpine antes del GP de B\u00e9lgica. (FOTO: Alpine)<\/span><\/div>\n<p><h2>Franco Colapinto correr\u00e1 una carrera sprint por primera vez desde que viste los colores de Alpine<\/h2>\n<\/p>\n<div class=\"custom-text \" readability=\"35\">\n<p>El circuito de Spa-Francorchamps tiene sprint, es decir, una carrera reducida que se corre el s\u00e1bado a menos vueltas y define la grilla de largada del domingo. <\/p>\n<\/div>\n<div class=\"custom-text \" readability=\"38\">\n<p>El dato atrapante es que, adem\u00e1s, esta minicarrera da puntos para el campeonato, situaci\u00f3n que beneficiar\u00eda mucho a la escuder\u00eda francesa, que lucha para salir del fondo de la tabla de posiciones en la vigente temporada.<\/p>\n<\/div>\n<div class=\"sc-e7b891c4-0 ifHnQL image-embed\"><img alt=\"Franco Colapinto. (FOTO: Alpine)\" loading=\"lazy\" width=\"720\" height=\"100\" decoding=\"async\" data-nimg=\"1\" src=\"http:\/\/cordobadirecto.com\/wp-content\/uploads\/2025\/07\/el-mensaje-motivacional-de-alpine-para-franco-colapinto-y-pierre-gasly-antes-del-gp-de-belgica-1.jpg\"><span class=\"epigraphe\">Franco Colapinto. (FOTO: Alpine)<\/span><\/div>\n<div class=\"custom-text \" readability=\"34\">\n<p>Aunque <strong>Franco Colapinto<\/strong> corri\u00f3 este tipo de formato en tres oportunidades con <strong>Williams<\/strong>, esta ser\u00e1 la primera vez que lo har\u00e1 como representante de <strong>Alpine<\/strong>.<\/p>\n<\/div>\n<div class=\"custom-text \" readability=\"38\">\n<p>Hasta el momento, el piloto argentino compiti\u00f3 en tres de estas en 2024. Su mejor performance la mostr\u00f3 en Estados Unidos y Brasil, donde se ubic\u00f3 en la 12\u00b0 posici\u00f3n en ambas oportunidades. Luego, m\u00e1s precisamente en Qatar, logr\u00f3 el 18\u00b0 puesto.<\/p>\n<\/div>\n<p><h2>El campeonato de constructores tiene un claro puntero, pero una fuerte disputa en el podio<\/h2>\n<\/p>\n<div class=\"custom-text \" readability=\"35\">\n<p>La temporada 2025 de la F\u00f3rmula 1 cuenta con 24 carreras. Sin embargo, al haberse corrido 12, la lucha por el campeonato de constructores est\u00e1 que arde. <\/p>\n<\/div>\n<div class=\"custom-text \" readability=\"36\">\n<p>Pese a que <strong>McLaren<\/strong> domina por amplia diferencia (con 460 puntos) a sus competidores, la pelea se da m\u00e1s que nada entre el segundo y el tercer puesto, donde <strong>Ferrari <\/strong>(222)<strong> <\/strong>y <strong>Mercedes <\/strong>(210) se enfrentan carrera a carrera para alcanzarse.<\/p>\n<\/div>\n<p><h2>Cu\u00e1ndo es el Gran Premio de B\u00e9lgica y por d\u00f3nde puede verse<\/h2>\n<\/p>\n<div class=\"custom-text \" readability=\"36\">\n<p>La actividad en el Gran Premio de B\u00e9lgica iniciar\u00e1 el viernes 25 de julio con la primera y \u00fanica pr\u00e1ctica libre a partir de las 7.30hs (hora Argentina) y m\u00e1s tarde, a las 11:30, se realizar\u00e1 el Sprint Shootout.<\/p>\n<\/div>\n<div class=\"custom-text \" readability=\"36\">\n<p>Ya el s\u00e1bado 26, desde las 7.00, se llevar\u00e1 a cabo la carrera corta, mientras que desde las 11 se dar\u00e1 la qualy principal.<\/p>\n<\/div>\n<div class=\"custom-text \" readability=\"35\">\n<p>Por \u00faltimo, el domingo 27 cerrar\u00e1 la acci\u00f3n con la versi\u00f3n principal, que largar\u00e1 a las 10. Todo se podr\u00e1 ver en vivo a trav\u00e9s de la plataforma de streaming Disney+ y en Fox Sports.<\/p>\n<\/div>\n<div class=\"sc-a7166897-0 eoLsBE\" readability=\"6.5\">\n<section readability=\"3\"><picture><img alt=\"Dise\u00f1\u00f3 m\u00e1s de 10 circuitos de F\u00f3rmula 1 y ahora remodelar\u00e1 el G\u00e1lvez: qui\u00e9n es Hermann Tilke\" loading=\"lazy\" width=\"290\" height=\"290\" decoding=\"async\" data-nimg=\"1\" src=\"http:\/\/cordobadirecto.com\/wp-content\/uploads\/2025\/07\/el-mensaje-motivacional-de-alpine-para-franco-colapinto-y-pierre-gasly-antes-del-gp-de-belgica-2.jpg\"><\/picture>\n<p><span>Mir\u00e1 tambi\u00e9n<\/span><\/p>\n<hr>\n<h3>Dise\u00f1\u00f3 m\u00e1s de 10 circuitos de F\u00f3rmula 1 y ahora remodelar\u00e1 el G\u00e1lvez: qui\u00e9n es Hermann Tilke<\/h3>\n<\/p>\n<\/section>\n<\/div>\n<div class=\"sc-a7166897-0 eoLsBE\" readability=\"6\">\n<section readability=\"2\"><picture><img alt=\"Pierre Gasly habl\u00f3 sobre los rumores de Bottas a Alpine: &quot;Mucho ruido&quot;\" loading=\"lazy\" width=\"290\" height=\"290\" decoding=\"async\" data-nimg=\"1\" src=\"http:\/\/cordobadirecto.com\/wp-content\/uploads\/2025\/07\/el-mensaje-motivacional-de-alpine-para-franco-colapinto-y-pierre-gasly-antes-del-gp-de-belgica-3.jpg\"><\/picture>\n<p><span>Mir\u00e1 tambi\u00e9n<\/span><\/p>\n<hr>\n<h3>Pierre Gasly habl\u00f3 sobre los rumores de Bottas a Alpine: &#8220;Mucho ruido&#8221;<\/h3>\n<\/p>\n<\/section>\n<\/div>\n<div class=\"sc-a7166897-0 eoLsBE\" readability=\"6\">\n<section readability=\"2\"><picture><img alt=\"Video: \u00a1cuatro autos llegaron juntos en el Turismo Pista!\" loading=\"lazy\" width=\"290\" height=\"290\" decoding=\"async\" data-nimg=\"1\" src=\"http:\/\/cordobadirecto.com\/wp-content\/uploads\/2025\/07\/el-mensaje-motivacional-de-alpine-para-franco-colapinto-y-pierre-gasly-antes-del-gp-de-belgica-4.jpg\"><\/picture>\n<p><span>Mir\u00e1 tambi\u00e9n<\/span><\/p>\n<hr>\n<h3>Video: \u00a1cuatro autos llegaron juntos en el Turismo Pista!<\/h3>\n<\/p>\n<\/section>\n<\/div>\n<\/div>\n","protected":false},"excerpt":{"rendered":"<p>23\/07\/2025 09:11hs. Con tan solo 19 puntos en 12 carreras, Alpine marcha \u00faltimo en el campeonato de constructores de la F\u00f3rmula 1. Sin embargo, quiere dar el golpe en el Gran Premio de B\u00e9lgica, donde Franco Colapinto y Pierre Gasly lo dar\u00e1n todo para volver a sumar. Por lo tanto, horas antes de salir a [&hellip;]<\/p>\n","protected":false},"author":1,"featured_media":171033,"comment_status":"closed","ping_status":"closed","sticky":false,"template":"","format":"standard","meta":[],"categories":[21],"tags":[],"_links":{"self":[{"href":"http:\/\/cordobadirecto.com\/index.php\/wp-json\/wp\/v2\/posts\/171032"}],"collection":[{"href":"http:\/\/cordobadirecto.com\/index.php\/wp-json\/wp\/v2\/posts"}],"about":[{"href":"http:\/\/cordobadirecto.com\/index.php\/wp-json\/wp\/v2\/types\/post"}],"author":[{"embeddable":true,"href":"http:\/\/cordobadirecto.com\/index.php\/wp-json\/wp\/v2\/users\/1"}],"replies":[{"embeddable":true,"href":"http:\/\/cordobadirecto.com\/index.php\/wp-json\/wp\/v2\/comments?post=171032"}],"version-history":[{"count":0,"href":"http:\/\/cordobadirecto.com\/index.php\/wp-json\/wp\/v2\/posts\/171032\/revisions"}],"wp:featuredmedia":[{"embeddable":true,"href":"http:\/\/cordobadirecto.com\/index.php\/wp-json\/wp\/v2\/media\/171033"}],"wp:attachment":[{"href":"http:\/\/cordobadirecto.com\/index.php\/wp-json\/wp\/v2\/media?parent=171032"}],"wp:term":[{"taxonomy":"category","embeddable":true,"href":"http:\/\/cordobadirecto.com\/index.php\/wp-json\/wp\/v2\/categories?post=171032"},{"taxonomy":"post_tag","embeddable":true,"href":"http:\/\/cordobadirecto.com\/index.php\/wp-json\/wp\/v2\/tags?post=171032"}],"curies":[{"name":"wp","href":"https:\/\/api.w.org\/{rel}","templated":true}]}}