{"id":171034,"date":"2025-07-24T01:51:38","date_gmt":"2025-07-24T01:51:38","guid":{"rendered":"https:\/\/www.ole.com.ar\/futbol-ascenso\/ascenso-primera-nacional-colon-martin-minella-entrenador_0_Tii0kkw6E3.html"},"modified":"2025-07-24T01:51:38","modified_gmt":"2025-07-24T01:51:38","slug":"colon-confirmo-al-entrenador-para-salir-del-mal-momento-y-meterse-en-reducido","status":"publish","type":"post","link":"http:\/\/cordobadirecto.com\/index.php\/2025\/07\/24\/colon-confirmo-al-entrenador-para-salir-del-mal-momento-y-meterse-en-reducido\/","title":{"rendered":"Col\u00f3n confirm\u00f3 al entrenador para salir del mal momento y meterse en Reducido"},"content":{"rendered":"<p><time class=\"createDate\" datetime=\"2025-07-23T19:38:02-03:00\">23\/07\/2025 19:38hs.<\/time><\/p>\n<div id=\"storyBody\">\n<div class=\"custom-text \" readability=\"36.442211055276\">\n<p>Lleg\u00f3 el momento de un hombre de la casa. Lleg\u00f3 el momento de dejar los experimentos de lado y apostar por uno que conoce bien los pasillos del Cementerio de los Elefantes. Eso mismo entendieron todos en Santa Fe, por lo que<strong> la Comisi\u00f3n Directiva de <a href=\"https:\/\/www.ole.com.ar\/tema\/colon.html\" title=\"Col\u00f3n\" alt=\"Col\u00f3n\" class=\"slug\">Col\u00f3n<\/a> le dio el voto de confianza a Mart\u00edn Minella<\/strong>, quien asumi\u00f3 como det\u00e9 interino tras la salida de Andr\u00e9s Yllana y respondi\u00f3 con creces.<\/p>\n<\/div>\n<div class=\"custom-text \" readability=\"38.191176470588\">\n<p>S\u00ed, es que a base del sacrificio y la humildad que caracteriza, el entrenador apost\u00f3 por lo simple, confi\u00f3 en los pibes del Selectivo de Tercera que tanto conoce y sum\u00f3 dos triunfos de oro frente a <a href=\"https:\/\/www.ole.com.ar\/tema\/almirante-brown.html\" title=\"Almirante Brown\" alt=\"Almirante Brown\" class=\"slug\">Almirante Brown <\/a>y <a href=\"https:\/\/www.ole.com.ar\/tema\/central-norte.html\" title=\"Central Norte\" alt=\"Central Norte\" class=\"slug\">Central Norte de Salta<\/a>. As\u00ed, <strong>el Sabalero se alej\u00f3 definitivamente de la zona roja, cambi\u00f3 el chip y apunta a meterse en Reducido <\/strong>(se ubica 12\u00b0, a cuatro puntos de Estudiantes, el 8\u00b0).<\/p>\n<\/div>\n<div class=\"custom-text \" readability=\"34.288793103448\">\n<p>Por eso, en la ma\u00f1ana de este mi\u00e9rcoles, en el Predio 4 de Junio, <strong>Mart\u00edn Minella fue ratificado en el cargo como entrenador principal <\/strong>y se quedar\u00e1 en el banco rojinegro hasta que culmine la temporada 2025 de la <a href=\"https:\/\/www.ole.com.ar\/tema\/primera-nacional.html\" title=\"Primera Nacional\" alt=\"Primera Nacional\" class=\"slug\">Primera Nacional.<\/a><\/p>\n<\/div>\n<div class=\"sc-e7b891c4-0 ifHnQL image-embed\"><img alt=\"Martin Minella se queda como entrenador principal en Col\u00f3n\" loading=\"lazy\" width=\"720\" height=\"100\" decoding=\"async\" data-nimg=\"1\" src=\"http:\/\/cordobadirecto.com\/wp-content\/uploads\/2025\/07\/colon-confirmo-al-entrenador-para-salir-del-mal-momento-y-meterse-en-reducido.jpg\"><span class=\"epigraphe\">Martin Minella se queda como entrenador principal en Col\u00f3n<\/span><\/div>\n<p><h2><strong>Los n\u00fameros de Mart\u00edn Minella en Col\u00f3n<\/strong><\/h2>\n<\/p>\n<div class=\"custom-text \" readability=\"37\">\n<p>La primera experiencia del director t\u00e9cnico de 45 a\u00f1os en el Sabalero se dio en el 2024, tras la salida de Rodolfo de Paoli: <strong>dirigi\u00f3 frente a Almagro, por la fecha 33 de la Primera Nacional y su equipo gan\u00f3 2-0 con tantos de Christian Bernardi y Brian Guille<\/strong>. Posteriormente fue reemplazado por Diego Osella. <\/p>\n<\/div>\n<div class=\"custom-text \" readability=\"39\">\n<p>Este a\u00f1o, agarr\u00f3 luego del esc\u00e1ndalo versus Mitre de Santiago del Estero y la posterior partida de Andr\u00e9s Yllana.<strong> De momento estuvo al mando en tres partidos, obteniendo el 66% de los puntos<\/strong> (perdi\u00f3 contra Chaco For Ever como visitante y venci\u00f3 tanto a Almirante Brown como a Central Norte de Salta). Ahora, tendr\u00e1 su chance como principal, con m\u00e1s tiempo para trabajar a mediano\/largo plazo. <\/p>\n<\/div>\n<div class=\"sc-e7b891c4-0 ifHnQL image-embed\"><img alt=\"El festejo del Sabalero ante Central Norte.\" loading=\"lazy\" width=\"720\" height=\"100\" decoding=\"async\" data-nimg=\"1\" src=\"http:\/\/cordobadirecto.com\/wp-content\/uploads\/2025\/07\/colon-confirmo-al-entrenador-para-salir-del-mal-momento-y-meterse-en-reducido-1.jpg\"><span class=\"epigraphe\">El festejo del Sabalero ante Central Norte.<\/span><\/div>\n<p><h2><strong>Que el tercero sea el vencido<\/strong><\/h2>\n<\/p>\n<div class=\"custom-text \" readability=\"39\">\n<p>Mart\u00edn Minella ser\u00e1 el tercer entrenador de Col\u00f3n en lo que va del 2025: a principio de a\u00f1o se hizo cargo Ariel Pereyra, que dur\u00f3 apenas 12 fechas (cuatro triunfos, dos empates y seis derrotas). Lo reemplaz\u00f3<strong> Andr\u00e9s Yllana, que corri\u00f3 con la misma suerte que el Pata y cosech\u00f3 una victoria, dos pardas y seis caidas. <\/strong><\/p>\n<\/div>\n<div class=\"sc-e7b891c4-0 ifHnQL image-embed\"><img alt=\"Andr\u00e9s Yllana dur\u00f3 apenas nueve fechas en Col\u00f3n (Prensa Col\u00f3n).\" loading=\"lazy\" width=\"720\" height=\"100\" decoding=\"async\" data-nimg=\"1\" src=\"http:\/\/cordobadirecto.com\/wp-content\/uploads\/2025\/07\/colon-confirmo-al-entrenador-para-salir-del-mal-momento-y-meterse-en-reducido-2.jpg\"><span class=\"epigraphe\">Andr\u00e9s Yllana dur\u00f3 apenas nueve fechas en Col\u00f3n (Prensa Col\u00f3n).<\/span><\/div>\n<p><h2><strong>Lo que se le viene al Sabalero en la Primera Nacional<\/strong><\/h2>\n<\/p>\n<div class=\"custom-text \">\n<ul>\n<li>Fecha 24: Col\u00f3n vs. Gimnasia de Mendoza. <\/li>\n<li>Fecha 25: Gimnasia de Jujuy vs. Col\u00f3n. <\/li>\n<li>Fecha 26: Col\u00f3n vs. Agopecuario. <\/li>\n<\/ul>\n<\/div>\n<div class=\"sc-a7166897-0 eoLsBE\" readability=\"6\">\n<section readability=\"2\"><picture><img alt=\"Sa\u00fal tuvo su despedida en el Atl\u00e9tico de Madrid y fue presentado en Flamengo\" loading=\"lazy\" width=\"290\" height=\"290\" decoding=\"async\" data-nimg=\"1\" src=\"http:\/\/cordobadirecto.com\/wp-content\/uploads\/2025\/07\/colon-confirmo-al-entrenador-para-salir-del-mal-momento-y-meterse-en-reducido-3.jpg\"><\/picture>\n<p><span>Mir\u00e1 tambi\u00e9n<\/span><\/p>\n<hr>\n<h3>Sa\u00fal tuvo su despedida en el Atl\u00e9tico de Madrid y fue presentado en Flamengo<\/h3>\n<\/p>\n<\/section>\n<\/div>\n<div class=\"sc-a7166897-0 eoLsBE\" readability=\"6\">\n<section readability=\"2\"><picture><img alt=\"La Selecci\u00f3n Sub 20 le gan\u00f3 a Valencia y se clasific\u00f3 a semis de L'Alcudia\" loading=\"lazy\" width=\"290\" height=\"290\" decoding=\"async\" data-nimg=\"1\" src=\"http:\/\/cordobadirecto.com\/wp-content\/uploads\/2025\/07\/colon-confirmo-al-entrenador-para-salir-del-mal-momento-y-meterse-en-reducido-4.jpg\"><\/picture>\n<p><span>Mir\u00e1 tambi\u00e9n<\/span><\/p>\n<hr>\n<h3>La Selecci\u00f3n Sub 20 le gan\u00f3 a Valencia y se clasific\u00f3 a semis de L&#8217;Alcudia<\/h3>\n<\/p>\n<\/section>\n<\/div>\n<\/div>\n","protected":false},"excerpt":{"rendered":"<p>23\/07\/2025 19:38hs. Lleg\u00f3 el momento de un hombre de la casa. Lleg\u00f3 el momento de dejar los experimentos de lado y apostar por uno que conoce bien los pasillos del Cementerio de los Elefantes. Eso mismo entendieron todos en Santa Fe, por lo que la Comisi\u00f3n Directiva de Col\u00f3n le dio el voto de confianza [&hellip;]<\/p>\n","protected":false},"author":1,"featured_media":171035,"comment_status":"closed","ping_status":"closed","sticky":false,"template":"","format":"standard","meta":[],"categories":[21],"tags":[],"_links":{"self":[{"href":"http:\/\/cordobadirecto.com\/index.php\/wp-json\/wp\/v2\/posts\/171034"}],"collection":[{"href":"http:\/\/cordobadirecto.com\/index.php\/wp-json\/wp\/v2\/posts"}],"about":[{"href":"http:\/\/cordobadirecto.com\/index.php\/wp-json\/wp\/v2\/types\/post"}],"author":[{"embeddable":true,"href":"http:\/\/cordobadirecto.com\/index.php\/wp-json\/wp\/v2\/users\/1"}],"replies":[{"embeddable":true,"href":"http:\/\/cordobadirecto.com\/index.php\/wp-json\/wp\/v2\/comments?post=171034"}],"version-history":[{"count":0,"href":"http:\/\/cordobadirecto.com\/index.php\/wp-json\/wp\/v2\/posts\/171034\/revisions"}],"wp:featuredmedia":[{"embeddable":true,"href":"http:\/\/cordobadirecto.com\/index.php\/wp-json\/wp\/v2\/media\/171035"}],"wp:attachment":[{"href":"http:\/\/cordobadirecto.com\/index.php\/wp-json\/wp\/v2\/media?parent=171034"}],"wp:term":[{"taxonomy":"category","embeddable":true,"href":"http:\/\/cordobadirecto.com\/index.php\/wp-json\/wp\/v2\/categories?post=171034"},{"taxonomy":"post_tag","embeddable":true,"href":"http:\/\/cordobadirecto.com\/index.php\/wp-json\/wp\/v2\/tags?post=171034"}],"curies":[{"name":"wp","href":"https:\/\/api.w.org\/{rel}","templated":true}]}}