{"id":171038,"date":"2025-07-23T20:20:12","date_gmt":"2025-07-23T20:20:12","guid":{"rendered":"https:\/\/cordoba.gob.ar\/?p=79574"},"modified":"2025-07-23T20:20:12","modified_gmt":"2025-07-23T20:20:12","slug":"ultimos-dias-para-inscribirse-al-ii-congreso-provincial-viii-congreso-municipal-i-congreso-internacional-y-v-congreso-iberoamericano-de-gobiernos-locales-y-educacion","status":"publish","type":"post","link":"http:\/\/cordobadirecto.com\/index.php\/2025\/07\/23\/ultimos-dias-para-inscribirse-al-ii-congreso-provincial-viii-congreso-municipal-i-congreso-internacional-y-v-congreso-iberoamericano-de-gobiernos-locales-y-educacion\/","title":{"rendered":"\u00daltimos d\u00edas para inscribirse al II Congreso Provincial, VIII Congreso Municipal, I Congreso Internacional y V Congreso Iberoamericano de Gobiernos Locales y Educaci\u00f3n"},"content":{"rendered":"<div><img src=\"http:\/\/cordobadirecto.com\/wp-content\/uploads\/2025\/07\/ultimos-dias-para-inscribirse-al-ii-congreso-provincial-viii-congreso-municipal-i-congreso-internacional-y-v-congreso-iberoamericano-de-gobiernos-locales-y-educacion.jpg\" class=\"ff-og-image-inserted\"><\/div>\n<ul>\n<li><strong>Hasta el domingo, las inscripciones gratuitas est\u00e1n disponibles en el siguiente <a href=\"http:\/\/congresoeducacioncba.com.ar\">enlace.<\/a><\/strong><\/li>\n<li><strong>El evento comenzar\u00e1 el pr\u00f3ximo lunes 28. Ya son m\u00e1s de 11.000 los participantes.<\/strong><\/li>\n<\/ul>\n<hr>\n<p>Del 28 de julio al 1 de agosto se desarrollar\u00e1 el II Congreso Provincial, VIII Congreso Municipal, I Congreso Internacional y V Congreso Iberoamericano de Gobiernos Locales y Educaci\u00f3n. El evento ya cuenta con m\u00e1s de 11.000 personas ya inscriptas y la convocatoria sigue abierta.<\/p>\n<p>Quienes deseen participar pueden hacerlo de manera gratuita a trav\u00e9s del sitio web oficial: congresoeducacioncba.com.ar.<\/p>\n<p>Durante cinco jornadas, docentes, supervisores, directivos, preceptores, coordinadores, estudiantes de profesorados, bibliotecarios, representantes de gobiernos locales, equipos t\u00e9cnicos y de investigaci\u00f3n, junto con p\u00fablico en general, intercambiar\u00e1n saberes y experiencias sobre la transformaci\u00f3n educativa.<\/p>\n<p>El evento es organizado por la Municipalidad de C\u00f3rdoba y el Gobierno de la Provincia, y se realizar\u00e1 en formato virtual, de manera asincr\u00f3nica, con acceso libre a las conferencias y actividades.<\/p>\n<p>Con el lema \u201cConectar para innovar. Di\u00e1logos que transforman la ense\u00f1anza: ciencias, matem\u00e1ticas, tecnolog\u00edas, artes y movimiento\u201d, el congreso propone un espacio de di\u00e1logo en torno a dos ejes tem\u00e1ticos: \u201cCiencias y tecnolog\u00edas\u201d y \u201cArtes y movimiento\u201d.<\/p>\n<p>Entre las conferencias destacadas se encuentran \u201cConectivismo en el mundo de la IA\u201d, \u201cArtes Integradas y Educaci\u00f3n: punto de interacci\u00f3n creativa\u201d, \u201cLa alfabetizaci\u00f3n motriz\u201d y \u201cPreguntas frecuentes y urgentes sobre IA\u201d.<\/p>\n<p>Quienes participen podr\u00e1n obtener un certificado de 40 horas como asistentes, con o sin evaluaci\u00f3n, a trav\u00e9s de la Red Provincial de Formaci\u00f3n Docente Continua.<\/p>\n","protected":false},"excerpt":{"rendered":"<p>Hasta el domingo, las inscripciones gratuitas est\u00e1n disponibles en el siguiente enlace. El evento comenzar\u00e1 el pr\u00f3ximo lunes 28. Ya son m\u00e1s de 11.000 los participantes. Del 28 de julio al 1 de agosto se desarrollar\u00e1 el II Congreso Provincial, VIII Congreso Municipal, I Congreso Internacional y V Congreso Iberoamericano de Gobiernos Locales y Educaci\u00f3n. [&hellip;]<\/p>\n","protected":false},"author":1,"featured_media":171039,"comment_status":"closed","ping_status":"closed","sticky":false,"template":"","format":"standard","meta":[],"categories":[44],"tags":[],"_links":{"self":[{"href":"http:\/\/cordobadirecto.com\/index.php\/wp-json\/wp\/v2\/posts\/171038"}],"collection":[{"href":"http:\/\/cordobadirecto.com\/index.php\/wp-json\/wp\/v2\/posts"}],"about":[{"href":"http:\/\/cordobadirecto.com\/index.php\/wp-json\/wp\/v2\/types\/post"}],"author":[{"embeddable":true,"href":"http:\/\/cordobadirecto.com\/index.php\/wp-json\/wp\/v2\/users\/1"}],"replies":[{"embeddable":true,"href":"http:\/\/cordobadirecto.com\/index.php\/wp-json\/wp\/v2\/comments?post=171038"}],"version-history":[{"count":0,"href":"http:\/\/cordobadirecto.com\/index.php\/wp-json\/wp\/v2\/posts\/171038\/revisions"}],"wp:featuredmedia":[{"embeddable":true,"href":"http:\/\/cordobadirecto.com\/index.php\/wp-json\/wp\/v2\/media\/171039"}],"wp:attachment":[{"href":"http:\/\/cordobadirecto.com\/index.php\/wp-json\/wp\/v2\/media?parent=171038"}],"wp:term":[{"taxonomy":"category","embeddable":true,"href":"http:\/\/cordobadirecto.com\/index.php\/wp-json\/wp\/v2\/categories?post=171038"},{"taxonomy":"post_tag","embeddable":true,"href":"http:\/\/cordobadirecto.com\/index.php\/wp-json\/wp\/v2\/tags?post=171038"}],"curies":[{"name":"wp","href":"https:\/\/api.w.org\/{rel}","templated":true}]}}